{"id":2491,"date":"2015-11-24T11:18:32","date_gmt":"2015-11-24T11:18:32","guid":{"rendered":""},"modified":"2016-03-03T12:53:00","modified_gmt":"2016-03-03T12:53:00","slug":"sinprofaz-realiza-15-encontro-de-pfns-ressaltando-a-pgfn-como-funcao-essencial-a-justica","status":"publish","type":"post","link":"https:\/\/sinprofaz.org.br\/2024\/noticias\/sinprofaz-realiza-15-encontro-de-pfns-ressaltando-a-pgfn-como-funcao-essencial-a-justica\/","title":{"rendered":"SINPROFAZ REALIZA 15\u00ba ENCONTRO DE PFNs RESSALTANDO A PGFN COMO FUN\u00c7\u00c3O ESSENCIAL \u00c0 JUSTI\u00c7A"},"content":{"rendered":"<p>Entre os dias 19 e 22 de novembro, PFNs de todo o Brasil estiveram reunidos no Club Med Itaparica (Bahia) para o 15\u00ba Encontro da Carreira, promovido pelo SINPROFAZ. Com o tema Da PGFN como Fun\u00e7\u00e3o Essencial \u00e0 Justi\u00e7a, o evento tamb\u00e9m marcou os 25 anos da entidade.<\/p>\n<p>Para a primeira noite foram convidados o PFN e deputado federal Tadeu Alencar (PSB\/PE), o presidente da Assembleia Legislativa da Bahia, deputado Marcelo Nilo e a Procuradora-Adjunta da Bahia, Luciane Croda.<\/p>\n<p>Os trabalhos foram conduzidos pelo presidente do SINPROFAZ, Achilles Frias, e pelo vice-presidente, Juscelino de Melo.<\/p>\n<p>O palestrante da noite, deputado Tadeu Alencar, comentou sobre a crise vivida pelo pa\u00eds, afirmando que diante da fragilidade pol\u00edtica do governo e dos esc\u00e2ndalos de que afetam a vida de todos os cidad\u00e3os, torna-se ainda mais premente a estrutura\u00e7\u00e3o da PGFN e a conquista de prerrogativas indispens\u00e1veis aos PFNs e aos membros de toda a AGU.<\/p>\n<p>A segunda noite foi dedicada \u00e0 an\u00e1lise das principais propostas de interesse dos PFN\u2019s em discuss\u00e3o no Congresso Nacional e das a\u00e7\u00f5es judiciais defendidas pelo SINPROFAZ. O consultor parlamentar do SINPROFAZ, Ant\u00f4nio Queiroz (Toninho do DIAP), fez um balan\u00e7o aprofundado sobre o andamento dos principais projetos relativos \u00e0 carreira. O diretor jur\u00eddico do SINPROFAZ, Roberto Rodrigues de Oliveira, e o consultor e advogado do Sindicato, Hugo Mendes Plutarco, esclareceram sobre alguns processos, entre eles, a VPNI e reajustes.<\/p>\n<p>A terceira e \u00faltima noite contou com a participa\u00e7\u00e3o do ex-presidente do SINPROFAZ, Presidente da Sociedade Brasileira de Direito Tribut\u00e1rio, Diretor eleito para a faculdade de Direito da Universidade Estatual do Rio de Janeiro, Ricardo Lodi Ribeiro e do Consultor-Geral da Uni\u00e3o, Jos\u00e9 Levi Mello do Amaral J\u00fanior. Ambos ressaltaram a necessidade da uni\u00e3o das carreiras que comp\u00f5em a Advocacia P\u00fablica para a conquista de prerrogativas imprescind\u00edveis para a efici\u00eancia da gest\u00e3o p\u00fablica, para o combate \u00e0 sonega\u00e7\u00e3o e \u00e0 corrup\u00e7\u00e3o.<\/p>\n<p>Em seu discurso de encerramento, o presidente do SINRPOFAZ, Achilles Frias, reiterou que o Movimento da Entrega de Cargos e toda as mobiliza\u00e7\u00f5es que marcaram o ano de 2015 foram fundamentais para a aprova\u00e7\u00e3o da PEC443 em primeiro turno e que, para a vit\u00f3ria no Congresso em segundo turno, a retomada da luta pela PEC 82 e outros pleitos de interesse dos PFNs, a uni\u00e3o de toda a Advocacia P\u00fablica Federal precisa estar ainda mais consolidada.<\/p>\n<p>O presidente confirmou tamb\u00e9m que nos dias 15 e 16 de dezembro ser\u00e3o realizados dois grandes atos p\u00fablicos no Congresso Nacional, que seguramente contar\u00e3o com a participa\u00e7\u00e3o de todos os membros da AGU. Desta forma, marcando posi\u00e7\u00e3o para 2016, Achilles asseverou que as mobiliza\u00e7\u00f5es ser\u00e3o retomadas j\u00e1 na segunda quinzena de janeiro.<\/p>\n<p>O evento tamb\u00e9m contou com ampla programa\u00e7\u00e3o social para o congra\u00e7amento da Carreira. Para ver o \u00e1lbum de fotos do Encontro no Facebook, clique aqui:<\/p>\n<ul>\n<li><a href=\"https:\/\/www.facebook.com\/media\/set\/?set=a.972076716163884.1073741896.228633793841517&amp;type=3\" target=\"_blank\">1\u00ba dia<\/a><\/li>\n<li><a href=\"https:\/\/www.facebook.com\/media\/set\/?set=a.973618526009703.1073741897.228633793841517&amp;type=1\" target=\"_blank\">2\u00ba dia<\/a><\/li>\n<li><a href=\"https:\/\/www.facebook.com\/media\/set\/?set=a.973622462675976.1073741898.228633793841517&amp;type=3&amp;uploaded=44\" target=\"_blank\">3\u00ba dia<\/a><\/li>\n<\/ul>\n<p>&nbsp;<\/p>\n\n\t\t<style type=\"text\/css\">\n\t\t\t#gallery-1 {\n\t\t\t\tmargin: auto;\n\t\t\t}\n\t\t\t#gallery-1 .gallery-item {\n\t\t\t\tfloat: left;\n\t\t\t\tmargin-top: 10px;\n\t\t\t\ttext-align: center;\n\t\t\t\twidth: 25%;\n\t\t\t}\n\t\t\t#gallery-1 img {\n\t\t\t\tborder: 2px solid #cfcfcf;\n\t\t\t}\n\t\t\t#gallery-1 .gallery-caption {\n\t\t\t\tmargin-left: 0;\n\t\t\t}\n\t\t\t\/* see gallery_shortcode() in wp-includes\/media.php *\/\n\t\t<\/style>\n\t\t<div id='gallery-1' class='gallery galleryid-2491 gallery-columns-4 gallery-size-thumbnail'><dl class='gallery-item'>\n\t\t\t<dt class='gallery-icon landscape'>\n\t\t\t\t<a href='https:\/\/sinprofaz.org.br\/2024\/wp-content\/uploads\/2015\/11\/02-14.jpg'><img loading=\"lazy\" decoding=\"async\" width=\"150\" height=\"150\" src=\"https:\/\/sinprofaz.org.br\/2024\/wp-content\/uploads\/2015\/11\/02-14-150x150.jpg\" class=\"attachment-thumbnail size-thumbnail\" alt=\"\" \/><\/a>\n\t\t\t<\/dt><\/dl><dl class='gallery-item'>\n\t\t\t<dt class='gallery-icon landscape'>\n\t\t\t\t<a href='https:\/\/sinprofaz.org.br\/2024\/wp-content\/uploads\/2015\/11\/03-8.jpg'><img loading=\"lazy\" decoding=\"async\" width=\"150\" height=\"150\" src=\"https:\/\/sinprofaz.org.br\/2024\/wp-content\/uploads\/2015\/11\/03-8-150x150.jpg\" class=\"attachment-thumbnail size-thumbnail\" alt=\"\" \/><\/a>\n\t\t\t<\/dt><\/dl><dl class='gallery-item'>\n\t\t\t<dt class='gallery-icon landscape'>\n\t\t\t\t<a href='https:\/\/sinprofaz.org.br\/2024\/wp-content\/uploads\/2015\/11\/04-2.jpg'><img loading=\"lazy\" decoding=\"async\" width=\"150\" height=\"150\" src=\"https:\/\/sinprofaz.org.br\/2024\/wp-content\/uploads\/2015\/11\/04-2-150x150.jpg\" class=\"attachment-thumbnail size-thumbnail\" alt=\"\" \/><\/a>\n\t\t\t<\/dt><\/dl><dl class='gallery-item'>\n\t\t\t<dt class='gallery-icon landscape'>\n\t\t\t\t<a href='https:\/\/sinprofaz.org.br\/2024\/wp-content\/uploads\/2015\/11\/05-2.jpg'><img loading=\"lazy\" decoding=\"async\" width=\"150\" height=\"150\" src=\"https:\/\/sinprofaz.org.br\/2024\/wp-content\/uploads\/2015\/11\/05-2-150x150.jpg\" class=\"attachment-thumbnail size-thumbnail\" alt=\"\" \/><\/a>\n\t\t\t<\/dt><\/dl><br style=\"clear: both\" \/>\n\t\t<\/div>\n\n","protected":false},"excerpt":{"rendered":"<p>Entre os dias 19 e 22 de novembro, PFNs de todo o Brasil estiveram reunidos no Club Med Itaparica (Bahia) para o 15&ordm; Encontro da Carreira, promovido pelo SINPROFAZ. Com o tema Da PGFN como Fun&ccedil;&atilde;o Essencial &agrave; Justi&ccedil;a, o evento tamb&eacute;m marcou os 25 anos da entidade.<\/p>\n","protected":false},"author":1,"featured_media":2902,"comment_status":"closed","ping_status":"open","sticky":false,"template":"","format":"standard","meta":{"footnotes":""},"categories":[8],"tags":[],"featured_image_url":"https:\/\/sinprofaz.org.br\/2024\/wp-content\/uploads\/2015\/11\/01-18-800x198.jpg","character_count":1704,"formatted_date":"24\/11\/2015 - 11:18","contentNovo":"Entre os dias 19 e 22 de novembro, PFNs de todo o Brasil estiveram reunidos no Club Med Itaparica (Bahia) para o 15\u00ba Encontro da Carreira, promovido pelo SINPROFAZ. Com o tema Da PGFN como Fun\u00e7\u00e3o Essencial \u00e0 Justi\u00e7a, o evento tamb\u00e9m marcou os 25 anos da entidade.\r\n\r\nPara a primeira noite foram convidados o PFN e deputado federal Tadeu Alencar (PSB\/PE), o presidente da Assembleia Legislativa da Bahia, deputado Marcelo Nilo e a Procuradora-Adjunta da Bahia, Luciane Croda.\r\n\r\nOs trabalhos foram conduzidos pelo presidente do SINPROFAZ, Achilles Frias, e pelo vice-presidente, Juscelino de Melo.\r\n\r\nO palestrante da noite, deputado Tadeu Alencar, comentou sobre a crise vivida pelo pa\u00eds, afirmando que diante da fragilidade pol\u00edtica do governo e dos esc\u00e2ndalos de que afetam a vida de todos os cidad\u00e3os, torna-se ainda mais premente a estrutura\u00e7\u00e3o da PGFN e a conquista de prerrogativas indispens\u00e1veis aos PFNs e aos membros de toda a AGU.\r\n\r\nA segunda noite foi dedicada \u00e0 an\u00e1lise das principais propostas de interesse dos PFN\u2019s em discuss\u00e3o no Congresso Nacional e das a\u00e7\u00f5es judiciais defendidas pelo SINPROFAZ. O consultor parlamentar do SINPROFAZ, Ant\u00f4nio Queiroz (Toninho do DIAP), fez um balan\u00e7o aprofundado sobre o andamento dos principais projetos relativos \u00e0 carreira. O diretor jur\u00eddico do SINPROFAZ, Roberto Rodrigues de Oliveira, e o consultor e advogado do Sindicato, Hugo Mendes Plutarco, esclareceram sobre alguns processos, entre eles, a VPNI e reajustes.\r\n\r\nA terceira e \u00faltima noite contou com a participa\u00e7\u00e3o do ex-presidente do SINPROFAZ, Presidente da Sociedade Brasileira de Direito Tribut\u00e1rio, Diretor eleito para a faculdade de Direito da Universidade Estatual do Rio de Janeiro, Ricardo Lodi Ribeiro e do Consultor-Geral da Uni\u00e3o, Jos\u00e9 Levi Mello do Amaral J\u00fanior. Ambos ressaltaram a necessidade da uni\u00e3o das carreiras que comp\u00f5em a Advocacia P\u00fablica para a conquista de prerrogativas imprescind\u00edveis para a efici\u00eancia da gest\u00e3o p\u00fablica, para o combate \u00e0 sonega\u00e7\u00e3o e \u00e0 corrup\u00e7\u00e3o.\r\n\r\nEm seu discurso de encerramento, o presidente do SINRPOFAZ, Achilles Frias, reiterou que o Movimento da Entrega de Cargos e toda as mobiliza\u00e7\u00f5es que marcaram o ano de 2015 foram fundamentais para a aprova\u00e7\u00e3o da PEC443 em primeiro turno e que, para a vit\u00f3ria no Congresso em segundo turno, a retomada da luta pela PEC 82 e outros pleitos de interesse dos PFNs, a uni\u00e3o de toda a Advocacia P\u00fablica Federal precisa estar ainda mais consolidada.\r\n\r\nO presidente confirmou tamb\u00e9m que nos dias 15 e 16 de dezembro ser\u00e3o realizados dois grandes atos p\u00fablicos no Congresso Nacional, que seguramente contar\u00e3o com a participa\u00e7\u00e3o de todos os membros da AGU. Desta forma, marcando posi\u00e7\u00e3o para 2016, Achilles asseverou que as mobiliza\u00e7\u00f5es ser\u00e3o retomadas j\u00e1 na segunda quinzena de janeiro.\r\n\r\nO evento tamb\u00e9m contou com ampla programa\u00e7\u00e3o social para o congra\u00e7amento da Carreira. Para ver o \u00e1lbum de fotos do Encontro no Facebook, clique aqui:\r\n\r\n\t<a href=\"https:\/\/www.facebook.com\/media\/set\/?set=a.972076716163884.1073741896.228633793841517&amp;type=3\" target=\"_blank\">1\u00ba dia<\/a>\r\n\t<a href=\"https:\/\/www.facebook.com\/media\/set\/?set=a.973618526009703.1073741897.228633793841517&amp;type=1\" target=\"_blank\">2\u00ba dia<\/a>\r\n\t<a href=\"https:\/\/www.facebook.com\/media\/set\/?set=a.973622462675976.1073741898.228633793841517&amp;type=3&amp;uploaded=44\" target=\"_blank\">3\u00ba dia<\/a>\r\n\r\n&nbsp;\r\n\r\n[gallery link=\"file\" columns=\"4\" ids=\"2903,2904,2905,2907\"]","_links":{"self":[{"href":"https:\/\/sinprofaz.org.br\/2024\/wp-json\/wp\/v2\/posts\/2491"}],"collection":[{"href":"https:\/\/sinprofaz.org.br\/2024\/wp-json\/wp\/v2\/posts"}],"about":[{"href":"https:\/\/sinprofaz.org.br\/2024\/wp-json\/wp\/v2\/types\/post"}],"author":[{"embeddable":true,"href":"https:\/\/sinprofaz.org.br\/2024\/wp-json\/wp\/v2\/users\/1"}],"replies":[{"embeddable":true,"href":"https:\/\/sinprofaz.org.br\/2024\/wp-json\/wp\/v2\/comments?post=2491"}],"version-history":[{"count":3,"href":"https:\/\/sinprofaz.org.br\/2024\/wp-json\/wp\/v2\/posts\/2491\/revisions"}],"predecessor-version":[{"id":2909,"href":"https:\/\/sinprofaz.org.br\/2024\/wp-json\/wp\/v2\/posts\/2491\/revisions\/2909"}],"wp:featuredmedia":[{"embeddable":true,"href":"https:\/\/sinprofaz.org.br\/2024\/wp-json\/wp\/v2\/media\/2902"}],"wp:attachment":[{"href":"https:\/\/sinprofaz.org.br\/2024\/wp-json\/wp\/v2\/media?parent=2491"}],"wp:term":[{"taxonomy":"category","embeddable":true,"href":"https:\/\/sinprofaz.org.br\/2024\/wp-json\/wp\/v2\/categories?post=2491"},{"taxonomy":"post_tag","embeddable":true,"href":"https:\/\/sinprofaz.org.br\/2024\/wp-json\/wp\/v2\/tags?post=2491"}],"curies":[{"name":"wp","href":"https:\/\/api.w.org\/{rel}","templated":true}]}}