{"id":249,"date":"2011-08-03T14:24:23","date_gmt":"2011-08-03T14:24:23","guid":{"rendered":""},"modified":"2016-04-14T17:37:03","modified_gmt":"2016-04-14T17:37:03","slug":"arraia-promove-integracao-entre-os-servidores-da-agu-em-brasilia","status":"publish","type":"post","link":"https:\/\/sinprofaz.org.br\/2024\/noticias\/arraia-promove-integracao-entre-os-servidores-da-agu-em-brasilia\/","title":{"rendered":"Arrai\u00e1 promove integra\u00e7\u00e3o entre os servidores da AGU em Bras\u00edlia"},"content":{"rendered":"<p>O Arrai\u00e1 da AGU j\u00e1 \u00e9 uma tradi\u00e7\u00e3o por reunir, servidores, membros, familiares e colaboradores numa anima confraterniza\u00e7\u00e3o.<\/p>\n<p>Nas barracas, os participantes encontrar\u00e3o arroz carreteiro, feij\u00e3o tropeiro, bai\u00e3o de dois, quent\u00e3o, chocolate quente, crepe, churrasco, galinhada, cachorro quente, caldos, pastel, espetinho e bebidas. As crian\u00e7as poder\u00e3o se divertir com os v\u00e1rios brinquedos como cama el\u00e1stica, piscina de bolinhas e escorregador infl\u00e1vel.<\/p>\n<p>Ser\u00e1 oferecido transporte aos servidores localizados nas unidades do Setor de Autarquia Sul e no Setor Banc\u00e1rio Norte para chegar at\u00e9 o Arrai\u00e1. Ao final do evento, tamb\u00e9m ser\u00e1 oferecido condu\u00e7\u00e3o para a rodovi\u00e1ria.<\/p>\n<p>O Arrai\u00e1 da AGU conta com o apoio das associa\u00e7\u00f5es que ser\u00e3o respons\u00e1veis pelas barracas de comida e bebidas oferecidas durante a festa. A Associa\u00e7\u00e3o de Servidores da Advocacia-Geral da Uni\u00e3o, a Associa\u00e7\u00e3o Nacional dos Advogados da Uni\u00e3o, a Associa\u00e7\u00e3o Nacional dos Membros das Carreiras da Advocacia-Geral da Uni\u00e3o, a Associa\u00e7\u00e3o Nacional dos Procuradores Federais, a Associa\u00e7\u00e3o Nacional de Procuradores da Previd\u00eancia Social, a Uni\u00e3o dos Advogados P\u00fablicos Federais do Brasil e o Sindicato Nacional dos Procuradores da Fazenda Nacional tamb\u00e9m v\u00e3o oferecer apoio para a montagem da estrutura do evento.<\/p>\n<p>O edif\u00edcio sede II fica no Setor de Ind\u00fastrias Gr\u00e1ficas, quadra 06, lote 800, Bras\u00edlia (DF). Fonte: Assessoria de Comunica\u00e7\u00e3o da AGU<\/p>\n","protected":false},"excerpt":{"rendered":"<p>M\u00fasica, Comidas e bebidas t\u00edpicas, brincadeiras e muita anima\u00e7\u00e3o v\u00e3o marcar, na pr\u00f3xima sexta-feira (05\/08), o &#8220;Arrai\u00e1 da Advocacia-Geral da Uni\u00e3o&#8221;. O evento come\u00e7ar\u00e1 \u00e0s 17h no Edif\u00edcio Sede II (SIG).<\/p>\n","protected":false},"author":1,"featured_media":4401,"comment_status":"closed","ping_status":"open","sticky":false,"template":"","format":"standard","meta":{"footnotes":""},"categories":[8],"tags":[],"featured_image_url":"https:\/\/sinprofaz.org.br\/2024\/wp-content\/uploads\/2011\/08\/014.jpg","character_count":725,"formatted_date":"03\/08\/2011 - 14:24","contentNovo":"<p>O Arrai\u00e1 da AGU j\u00e1 \u00e9 uma tradi\u00e7\u00e3o por reunir, servidores, membros, familiares e colaboradores numa anima confraterniza\u00e7\u00e3o.<\/p>\r\n<p>Nas barracas, os participantes encontrar\u00e3o arroz carreteiro, feij\u00e3o tropeiro, bai\u00e3o de dois, quent\u00e3o, chocolate quente, crepe, churrasco, galinhada, cachorro quente, caldos, pastel, espetinho e bebidas. As crian\u00e7as poder\u00e3o se divertir com os v\u00e1rios brinquedos como cama el\u00e1stica, piscina de bolinhas e escorregador infl\u00e1vel.<\/p>\r\n<p>Ser\u00e1 oferecido transporte aos servidores localizados nas unidades do Setor de Autarquia Sul e no Setor Banc\u00e1rio Norte para chegar at\u00e9 o Arrai\u00e1. Ao final do evento, tamb\u00e9m ser\u00e1 oferecido condu\u00e7\u00e3o para a rodovi\u00e1ria.<\/p>\r\n<p>O Arrai\u00e1 da AGU conta com o apoio das associa\u00e7\u00f5es que ser\u00e3o respons\u00e1veis pelas barracas de comida e bebidas oferecidas durante a festa. A Associa\u00e7\u00e3o de Servidores da Advocacia-Geral da Uni\u00e3o, a Associa\u00e7\u00e3o Nacional dos Advogados da Uni\u00e3o, a Associa\u00e7\u00e3o Nacional dos Membros das Carreiras da Advocacia-Geral da Uni\u00e3o, a Associa\u00e7\u00e3o Nacional dos Procuradores Federais, a Associa\u00e7\u00e3o Nacional de Procuradores da Previd\u00eancia Social, a Uni\u00e3o dos Advogados P\u00fablicos Federais do Brasil e o Sindicato Nacional dos Procuradores da Fazenda Nacional tamb\u00e9m v\u00e3o oferecer apoio para a montagem da estrutura do evento.<\/p>\r\n<p>O edif\u00edcio sede II fica no Setor de Ind\u00fastrias Gr\u00e1ficas, quadra 06, lote 800, Bras\u00edlia (DF). Fonte: Assessoria de Comunica\u00e7\u00e3o da AGU<\/p>","_links":{"self":[{"href":"https:\/\/sinprofaz.org.br\/2024\/wp-json\/wp\/v2\/posts\/249"}],"collection":[{"href":"https:\/\/sinprofaz.org.br\/2024\/wp-json\/wp\/v2\/posts"}],"about":[{"href":"https:\/\/sinprofaz.org.br\/2024\/wp-json\/wp\/v2\/types\/post"}],"author":[{"embeddable":true,"href":"https:\/\/sinprofaz.org.br\/2024\/wp-json\/wp\/v2\/users\/1"}],"replies":[{"embeddable":true,"href":"https:\/\/sinprofaz.org.br\/2024\/wp-json\/wp\/v2\/comments?post=249"}],"version-history":[{"count":1,"href":"https:\/\/sinprofaz.org.br\/2024\/wp-json\/wp\/v2\/posts\/249\/revisions"}],"predecessor-version":[{"id":4402,"href":"https:\/\/sinprofaz.org.br\/2024\/wp-json\/wp\/v2\/posts\/249\/revisions\/4402"}],"wp:featuredmedia":[{"embeddable":true,"href":"https:\/\/sinprofaz.org.br\/2024\/wp-json\/wp\/v2\/media\/4401"}],"wp:attachment":[{"href":"https:\/\/sinprofaz.org.br\/2024\/wp-json\/wp\/v2\/media?parent=249"}],"wp:term":[{"taxonomy":"category","embeddable":true,"href":"https:\/\/sinprofaz.org.br\/2024\/wp-json\/wp\/v2\/categories?post=249"},{"taxonomy":"post_tag","embeddable":true,"href":"https:\/\/sinprofaz.org.br\/2024\/wp-json\/wp\/v2\/tags?post=249"}],"curies":[{"name":"wp","href":"https:\/\/api.w.org\/{rel}","templated":true}]}}