{"id":2488,"date":"2015-11-18T14:39:04","date_gmt":"2015-11-18T14:39:04","guid":{"rendered":""},"modified":"2016-03-03T13:02:08","modified_gmt":"2016-03-03T13:02:08","slug":"nota-conjunta-para-mobilizacao-da-carreira","status":"publish","type":"post","link":"https:\/\/sinprofaz.org.br\/2024\/noticias\/nota-conjunta-para-mobilizacao-da-carreira\/","title":{"rendered":"NOTA CONJUNTA PARA MOBILIZA\u00c7\u00c3O DA CARREIRA"},"content":{"rendered":"<p>As entidades representativas da Advocacia P\u00fablica Federal abaixo assinadas, considerando a necessidade de manter intensa mobiliza\u00e7\u00e3o no Congresso Nacional, conclamam os Colegas a comparecerem nos dias 15 e 16 de dezembro a Bras\u00edlia, a fim de encerrarmos o hist\u00f3rico ano de 2015 com marcante presen\u00e7a no Parlamento.<\/p>\n<p>No mesmo sentido, entendemos que, no momento imediatamente anterior ao retorno dos trabalhos legislativos em 2016, deveremos atuar fortemente nas bases, visitando os parlamentares em seus respectivos estados. Assim sendo, propomos um calend\u00e1rio de visitas em todas as Unidades da Federa\u00e7\u00e3o na \u00faltima semana de janeiro e na primeira de fevereiro de 2016, a fim de demonstrar que o nosso trabalho \u00e9 cont\u00ednuo e seguir\u00e1 vibrante durante o pr\u00f3ximo ano novamente.<\/p>\n<p>O Movimento continua e ser\u00e1 ainda mais vitorioso em 2016!<\/p>\n<p>Sigamos juntos para construir a NOVA AGU!<\/p>\n<p>&nbsp;<\/p>\n<p style=\"text-align: center;\">Sindicato Nacional dos Procuradores da Fazenda Nacional<\/p>\n<p style=\"text-align: center;\">SINPROFAZ<\/p>\n<p style=\"text-align: center;\">Associa\u00e7\u00e3o Nacional dos Membros das Carreiras da Advocacia-Geral da Uni\u00e3o<\/p>\n<p style=\"text-align: center;\">ANAJUR<\/p>\n<p style=\"text-align: center;\">Associa\u00e7\u00e3o Nacional dos Procuradores do Banco Central do Brasil<\/p>\n<p style=\"text-align: center;\">APBC<\/p>\n<p style=\"text-align: center;\">Associa\u00e7\u00e3o Nacional dos Procuradores Federais<\/p>\n<p style=\"text-align: center;\">ANPAF<\/p>\n<p style=\"text-align: center;\">Associa\u00e7\u00e3o Nacional dos Procuradores e Advogados P\u00fablicos Federais<\/p>\n<p style=\"text-align: center;\">ANPPREV<\/p>\n<p style=\"text-align: center;\">Uni\u00e3o dos Advogados P\u00fablicos Federais do Brasil<\/p>\n<p style=\"text-align: center;\">UNAFE<\/p>\n","protected":false},"excerpt":{"rendered":"<p>As entidades representativas da Advocacia P\u00fablica Federal, considerando a necessidade de manter intensa mobiliza\u00e7\u00e3o no Congresso Nacional, conclamam os Colegas a comparecerem a Bras\u00edlia nos dias 15 e 16 de dezembro.<\/p>\n","protected":false},"author":1,"featured_media":2628,"comment_status":"closed","ping_status":"open","sticky":false,"template":"","format":"standard","meta":{"footnotes":""},"categories":[8],"tags":[],"featured_image_url":"https:\/\/sinprofaz.org.br\/2024\/wp-content\/uploads\/2016\/01\/nota_conjunta.jpg","character_count":652,"formatted_date":"18\/11\/2015 - 14:39","contentNovo":"As entidades representativas da Advocacia P\u00fablica Federal abaixo assinadas, considerando a necessidade de manter intensa mobiliza\u00e7\u00e3o no Congresso Nacional, conclamam os Colegas a comparecerem nos dias 15 e 16 de dezembro a Bras\u00edlia, a fim de encerrarmos o hist\u00f3rico ano de 2015 com marcante presen\u00e7a no Parlamento.\r\n\r\nNo mesmo sentido, entendemos que, no momento imediatamente anterior ao retorno dos trabalhos legislativos em 2016, deveremos atuar fortemente nas bases, visitando os parlamentares em seus respectivos estados. Assim sendo, propomos um calend\u00e1rio de visitas em todas as Unidades da Federa\u00e7\u00e3o na \u00faltima semana de janeiro e na primeira de fevereiro de 2016, a fim de demonstrar que o nosso trabalho \u00e9 cont\u00ednuo e seguir\u00e1 vibrante durante o pr\u00f3ximo ano novamente.\r\n\r\nO Movimento continua e ser\u00e1 ainda mais vitorioso em 2016!\r\n\r\nSigamos juntos para construir a NOVA AGU!\r\n\r\n&nbsp;\r\n<p style=\"text-align: center;\">Sindicato Nacional dos Procuradores da Fazenda Nacional<\/p>\r\n<p style=\"text-align: center;\">SINPROFAZ<\/p>\r\n<p style=\"text-align: center;\">Associa\u00e7\u00e3o Nacional dos Membros das Carreiras da Advocacia-Geral da Uni\u00e3o<\/p>\r\n<p style=\"text-align: center;\">ANAJUR<\/p>\r\n<p style=\"text-align: center;\">Associa\u00e7\u00e3o Nacional dos Procuradores do Banco Central do Brasil<\/p>\r\n<p style=\"text-align: center;\">APBC<\/p>\r\n<p style=\"text-align: center;\">Associa\u00e7\u00e3o Nacional dos Procuradores Federais<\/p>\r\n<p style=\"text-align: center;\">ANPAF<\/p>\r\n<p style=\"text-align: center;\">Associa\u00e7\u00e3o Nacional dos Procuradores e Advogados P\u00fablicos Federais<\/p>\r\n<p style=\"text-align: center;\">ANPPREV<\/p>\r\n<p style=\"text-align: center;\">Uni\u00e3o dos Advogados P\u00fablicos Federais do Brasil<\/p>\r\n<p style=\"text-align: center;\">UNAFE<\/p>","_links":{"self":[{"href":"https:\/\/sinprofaz.org.br\/2024\/wp-json\/wp\/v2\/posts\/2488"}],"collection":[{"href":"https:\/\/sinprofaz.org.br\/2024\/wp-json\/wp\/v2\/posts"}],"about":[{"href":"https:\/\/sinprofaz.org.br\/2024\/wp-json\/wp\/v2\/types\/post"}],"author":[{"embeddable":true,"href":"https:\/\/sinprofaz.org.br\/2024\/wp-json\/wp\/v2\/users\/1"}],"replies":[{"embeddable":true,"href":"https:\/\/sinprofaz.org.br\/2024\/wp-json\/wp\/v2\/comments?post=2488"}],"version-history":[{"count":1,"href":"https:\/\/sinprofaz.org.br\/2024\/wp-json\/wp\/v2\/posts\/2488\/revisions"}],"predecessor-version":[{"id":2913,"href":"https:\/\/sinprofaz.org.br\/2024\/wp-json\/wp\/v2\/posts\/2488\/revisions\/2913"}],"wp:featuredmedia":[{"embeddable":true,"href":"https:\/\/sinprofaz.org.br\/2024\/wp-json\/wp\/v2\/media\/2628"}],"wp:attachment":[{"href":"https:\/\/sinprofaz.org.br\/2024\/wp-json\/wp\/v2\/media?parent=2488"}],"wp:term":[{"taxonomy":"category","embeddable":true,"href":"https:\/\/sinprofaz.org.br\/2024\/wp-json\/wp\/v2\/categories?post=2488"},{"taxonomy":"post_tag","embeddable":true,"href":"https:\/\/sinprofaz.org.br\/2024\/wp-json\/wp\/v2\/tags?post=2488"}],"curies":[{"name":"wp","href":"https:\/\/api.w.org\/{rel}","templated":true}]}}