{"id":2485,"date":"2015-11-13T14:54:58","date_gmt":"2015-11-13T14:54:58","guid":{"rendered":""},"modified":"2016-03-03T13:16:27","modified_gmt":"2016-03-03T13:16:27","slug":"sinprofaz-se-reune-com-parlamentares-na-camara-dos-deputados","status":"publish","type":"post","link":"https:\/\/sinprofaz.org.br\/2024\/noticias\/sinprofaz-se-reune-com-parlamentares-na-camara-dos-deputados\/","title":{"rendered":"SINPROFAZ SE RE\u00daNE COM PARLAMENTARES NA C\u00c2MARA DOS DEPUTADOS"},"content":{"rendered":"<p>&nbsp;<\/p>\n<p>O SINPROFAZ, representado pelo Diretor Cultural e de Eventos, S\u00e9rgio Carneiro, e pelo ex-Presidente Allan Titonelli, participou nesta quinta-feira (12) de reuni\u00e3o a convite da deputada Soraya Santos (PMDB\/ RJ). Do encontro, tamb\u00e9m participaram o deputado Vicente C\u00e2ndido (PT\/ SP) e representantes de entidades da Advocacia P\u00fablica.<\/p>\n<p>Em discuss\u00e3o, pautas de interesse da categoria, como a celeridade necess\u00e1ria \u00e0 PEC 443. Os representantes do SINPROFAZ se posicionaram em defesa das prioridades da Carreira e refor\u00e7aram o di\u00e1logo junto aos parlamentares.<\/p>\n","protected":false},"excerpt":{"rendered":"<p>O SINPROFAZ, representado pelo Diretor Cultural e de Eventos, S\u00e9rgio Carneiro, e pelo ex-Presidente Allan Titonelli, participou ontem (12) de reuni\u00e3o a convite da deputada Soraya Santos (PMDB\/ RJ).<\/p>\n","protected":false},"author":1,"featured_media":2920,"comment_status":"closed","ping_status":"open","sticky":false,"template":"","format":"standard","meta":{"footnotes":""},"categories":[8],"tags":[],"featured_image_url":"https:\/\/sinprofaz.org.br\/2024\/wp-content\/uploads\/2015\/11\/01-21-800x198.jpg","character_count":285,"formatted_date":"13\/11\/2015 - 14:54","contentNovo":"&nbsp;\r\n\r\nO SINPROFAZ, representado pelo Diretor Cultural e de Eventos, S\u00e9rgio Carneiro, e pelo ex-Presidente Allan Titonelli, participou nesta quinta-feira (12) de reuni\u00e3o a convite da deputada Soraya Santos (PMDB\/ RJ). Do encontro, tamb\u00e9m participaram o deputado Vicente C\u00e2ndido (PT\/ SP) e representantes de entidades da Advocacia P\u00fablica.\r\n\r\nEm discuss\u00e3o, pautas de interesse da categoria, como a celeridade necess\u00e1ria \u00e0 PEC 443. Os representantes do SINPROFAZ se posicionaram em defesa das prioridades da Carreira e refor\u00e7aram o di\u00e1logo junto aos parlamentares.","_links":{"self":[{"href":"https:\/\/sinprofaz.org.br\/2024\/wp-json\/wp\/v2\/posts\/2485"}],"collection":[{"href":"https:\/\/sinprofaz.org.br\/2024\/wp-json\/wp\/v2\/posts"}],"about":[{"href":"https:\/\/sinprofaz.org.br\/2024\/wp-json\/wp\/v2\/types\/post"}],"author":[{"embeddable":true,"href":"https:\/\/sinprofaz.org.br\/2024\/wp-json\/wp\/v2\/users\/1"}],"replies":[{"embeddable":true,"href":"https:\/\/sinprofaz.org.br\/2024\/wp-json\/wp\/v2\/comments?post=2485"}],"version-history":[{"count":1,"href":"https:\/\/sinprofaz.org.br\/2024\/wp-json\/wp\/v2\/posts\/2485\/revisions"}],"predecessor-version":[{"id":2921,"href":"https:\/\/sinprofaz.org.br\/2024\/wp-json\/wp\/v2\/posts\/2485\/revisions\/2921"}],"wp:featuredmedia":[{"embeddable":true,"href":"https:\/\/sinprofaz.org.br\/2024\/wp-json\/wp\/v2\/media\/2920"}],"wp:attachment":[{"href":"https:\/\/sinprofaz.org.br\/2024\/wp-json\/wp\/v2\/media?parent=2485"}],"wp:term":[{"taxonomy":"category","embeddable":true,"href":"https:\/\/sinprofaz.org.br\/2024\/wp-json\/wp\/v2\/categories?post=2485"},{"taxonomy":"post_tag","embeddable":true,"href":"https:\/\/sinprofaz.org.br\/2024\/wp-json\/wp\/v2\/tags?post=2485"}],"curies":[{"name":"wp","href":"https:\/\/api.w.org\/{rel}","templated":true}]}}