{"id":2479,"date":"2015-11-11T10:55:06","date_gmt":"2015-11-11T10:55:06","guid":{"rendered":""},"modified":"2016-03-04T12:07:55","modified_gmt":"2016-03-04T12:07:55","slug":"sinprofaz-segue-com-mobilizacao-na-camara-dos-deputados","status":"publish","type":"post","link":"https:\/\/sinprofaz.org.br\/2024\/noticias\/sinprofaz-segue-com-mobilizacao-na-camara-dos-deputados\/","title":{"rendered":"SINPROFAZ SEGUE COM MOBILIZA\u00c7\u00c3O NA C\u00c2MARA DOS DEPUTADOS"},"content":{"rendered":"<p>Para continuar com a press\u00e3o pela inclus\u00e3o da PEC 443\/09 na pauta da C\u00e2mara dos Deputados, o SINPROFAZ, representado pelo presidente Achilles Frias e membros da Carreira, esteve no Congresso Nacional nessa ter\u00e7a-feira (10).<\/p>\n<p>Em conversa com o presidente, a deputada Soraya Santos (PMDB\/RJ) se comprometeu a organizar uma reuni\u00e3o com os representantes das Carreiras da AGU e tratar das prioridades da categoria, em especial, da vota\u00e7\u00e3o em segundo turno da PEC 443.<\/p>\n<p>Em atua\u00e7\u00e3o na C\u00e2mara dos Deputados, a Carreira, reconhecida pelos parlamentares por sua uni\u00e3o e persist\u00eancia, j\u00e1 conquistou a assinatura em abaixo-assinado de todos os l\u00edderes favor\u00e1veis \u00e0 Proposta de Emenda \u00e0 Constitui\u00e7\u00e3o. O requerimento, coordenado pelo SINPROFAZ e enviado ao presidente da Casa, refor\u00e7a a necessidade de vota\u00e7\u00e3o da PEC, j\u00e1 aprovada em primeiro turno na C\u00e2mara.<\/p>\n<p>&nbsp;<\/p>\n\n\t\t<style type=\"text\/css\">\n\t\t\t#gallery-1 {\n\t\t\t\tmargin: auto;\n\t\t\t}\n\t\t\t#gallery-1 .gallery-item {\n\t\t\t\tfloat: left;\n\t\t\t\tmargin-top: 10px;\n\t\t\t\ttext-align: center;\n\t\t\t\twidth: 33%;\n\t\t\t}\n\t\t\t#gallery-1 img {\n\t\t\t\tborder: 2px solid #cfcfcf;\n\t\t\t}\n\t\t\t#gallery-1 .gallery-caption {\n\t\t\t\tmargin-left: 0;\n\t\t\t}\n\t\t\t\/* see gallery_shortcode() in wp-includes\/media.php *\/\n\t\t<\/style>\n\t\t<div id='gallery-1' class='gallery galleryid-2479 gallery-columns-3 gallery-size-thumbnail'><dl class='gallery-item'>\n\t\t\t<dt class='gallery-icon landscape'>\n\t\t\t\t<a href='https:\/\/sinprofaz.org.br\/2024\/wp-content\/uploads\/2015\/11\/02-18.jpg'><img loading=\"lazy\" decoding=\"async\" width=\"150\" height=\"150\" src=\"https:\/\/sinprofaz.org.br\/2024\/wp-content\/uploads\/2015\/11\/02-18-150x150.jpg\" class=\"attachment-thumbnail size-thumbnail\" alt=\"\" \/><\/a>\n\t\t\t<\/dt><\/dl><dl class='gallery-item'>\n\t\t\t<dt class='gallery-icon landscape'>\n\t\t\t\t<a href='https:\/\/sinprofaz.org.br\/2024\/wp-content\/uploads\/2015\/11\/03-9.jpg'><img loading=\"lazy\" decoding=\"async\" width=\"150\" height=\"150\" src=\"https:\/\/sinprofaz.org.br\/2024\/wp-content\/uploads\/2015\/11\/03-9-150x150.jpg\" class=\"attachment-thumbnail size-thumbnail\" alt=\"\" \/><\/a>\n\t\t\t<\/dt><\/dl>\n\t\t\t<br style='clear: both' \/>\n\t\t<\/div>\n\n","protected":false},"excerpt":{"rendered":"<p>Para continuar com a press\u00e3o pela inclus\u00e3o da PEC 443\/09 na pauta da C\u00e2mara dos Deputados, o SINPROFAZ, representado pelo presidente Achilles Frias e membros da Carreira, esteve no Congresso Nacional nessa ter\u00e7a-feira (10).<\/p>\n","protected":false},"author":1,"featured_media":2962,"comment_status":"closed","ping_status":"open","sticky":false,"template":"","format":"standard","meta":{"footnotes":""},"categories":[8],"tags":[],"featured_image_url":"https:\/\/sinprofaz.org.br\/2024\/wp-content\/uploads\/2015\/11\/01-27-800x198.jpg","character_count":622,"formatted_date":"11\/11\/2015 - 10:55","contentNovo":"Para continuar com a press\u00e3o pela inclus\u00e3o da PEC 443\/09 na pauta da C\u00e2mara dos Deputados, o SINPROFAZ, representado pelo presidente Achilles Frias e membros da Carreira, esteve no Congresso Nacional nessa ter\u00e7a-feira (10).\r\n\r\nEm conversa com o presidente, a deputada Soraya Santos (PMDB\/RJ) se comprometeu a organizar uma reuni\u00e3o com os representantes das Carreiras da AGU e tratar das prioridades da categoria, em especial, da vota\u00e7\u00e3o em segundo turno da PEC 443.\r\n\r\nEm atua\u00e7\u00e3o na C\u00e2mara dos Deputados, a Carreira, reconhecida pelos parlamentares por sua uni\u00e3o e persist\u00eancia, j\u00e1 conquistou a assinatura em abaixo-assinado de todos os l\u00edderes favor\u00e1veis \u00e0 Proposta de Emenda \u00e0 Constitui\u00e7\u00e3o. O requerimento, coordenado pelo SINPROFAZ e enviado ao presidente da Casa, refor\u00e7a a necessidade de vota\u00e7\u00e3o da PEC, j\u00e1 aprovada em primeiro turno na C\u00e2mara.\r\n\r\n&nbsp;\r\n\r\n[gallery link=\"file\" ids=\"2964,2965\"]","_links":{"self":[{"href":"https:\/\/sinprofaz.org.br\/2024\/wp-json\/wp\/v2\/posts\/2479"}],"collection":[{"href":"https:\/\/sinprofaz.org.br\/2024\/wp-json\/wp\/v2\/posts"}],"about":[{"href":"https:\/\/sinprofaz.org.br\/2024\/wp-json\/wp\/v2\/types\/post"}],"author":[{"embeddable":true,"href":"https:\/\/sinprofaz.org.br\/2024\/wp-json\/wp\/v2\/users\/1"}],"replies":[{"embeddable":true,"href":"https:\/\/sinprofaz.org.br\/2024\/wp-json\/wp\/v2\/comments?post=2479"}],"version-history":[{"count":2,"href":"https:\/\/sinprofaz.org.br\/2024\/wp-json\/wp\/v2\/posts\/2479\/revisions"}],"predecessor-version":[{"id":2966,"href":"https:\/\/sinprofaz.org.br\/2024\/wp-json\/wp\/v2\/posts\/2479\/revisions\/2966"}],"wp:featuredmedia":[{"embeddable":true,"href":"https:\/\/sinprofaz.org.br\/2024\/wp-json\/wp\/v2\/media\/2962"}],"wp:attachment":[{"href":"https:\/\/sinprofaz.org.br\/2024\/wp-json\/wp\/v2\/media?parent=2479"}],"wp:term":[{"taxonomy":"category","embeddable":true,"href":"https:\/\/sinprofaz.org.br\/2024\/wp-json\/wp\/v2\/categories?post=2479"},{"taxonomy":"post_tag","embeddable":true,"href":"https:\/\/sinprofaz.org.br\/2024\/wp-json\/wp\/v2\/tags?post=2479"}],"curies":[{"name":"wp","href":"https:\/\/api.w.org\/{rel}","templated":true}]}}