{"id":2473,"date":"2015-11-04T20:08:54","date_gmt":"2015-11-04T20:08:54","guid":{"rendered":""},"modified":"2016-03-04T13:16:37","modified_gmt":"2016-03-04T13:16:37","slug":"seminario-nacional-das-carreiras-juridicas-reune-sinprofaz-e-entidades-da-advocacia-publica-no-congresso-nacional","status":"publish","type":"post","link":"https:\/\/sinprofaz.org.br\/2024\/noticias\/seminario-nacional-das-carreiras-juridicas-reune-sinprofaz-e-entidades-da-advocacia-publica-no-congresso-nacional\/","title":{"rendered":"SEMIN\u00c1RIO NACIONAL DAS CARREIRAS JUR\u00cdDICAS RE\u00daNE SINPROFAZ E ENTIDADES DA ADVOCACIA P\u00daBLICA NO CONGRESSO NACIONAL"},"content":{"rendered":"<p>O Audit\u00f3rio Nereu Ramos &#8211; o maior da C\u00e2mara dos Deputados &#8211; sediou ontem, 3 de novembro, o Semin\u00e1rio Nacional das Carreiras Jur\u00eddicas. O evento reuniu membros da Advocacia P\u00fablica Federal e parlamentares da Casa para um debate priorit\u00e1rio para os advogados p\u00fablicos: a celeridade necess\u00e1ria \u00e0 inclus\u00e3o em pauta do segundo turno da Proposta de Emenda \u00e0 Constitui\u00e7\u00e3o. Durante o evento, tamb\u00e9m foi lan\u00e7ada a Frente Parlamentar em Defesa da AGU.<\/p>\n<p>A PEC 443\/2009, aprovada em primeiro turno pela C\u00e2mara dos Deputados, vincula o teto dos subs\u00eddios de advogados p\u00fablicos, delegados da pol\u00edcia federal e civil e procuradores dos munic\u00edpios com mais de 500 mil habitantes a 90,25% do que recebem os ministros do Supremo Tribunal Federal. Ao mobilizar centenas de advogados p\u00fablicos de todo pa\u00eds, o Semin\u00e1rio deu visibilidade \u00e0 causa e motivou a ades\u00e3o de diversos deputados que compareceram e discursaram em defesa da categoria.<\/p>\n<p>A reuni\u00e3o no Congresso Nacional foi poss\u00edvel gra\u00e7as ao di\u00e1logo do SINPROFAZ, representado pelo presidente Achilles Frias, junto ao deputado Cabo Daciolo (S.Part.\/RJ) que reservou o audit\u00f3rio para receber os membros da carreira. &#8220;Cabo Daciolo tem sido um grande aliado, incans\u00e1vel na luta pela vota\u00e7\u00e3o da PEC. Foi ele quem impetrou, individualmente, a a\u00e7\u00e3o para desemperrar a Proposta na C\u00e2mara&#8221;, ressaltou o presidente. &#8220;O momento \u00e9 oportuno ao debate. Muitas mudan\u00e7as t\u00eam ocorrido no pa\u00eds e nesta Casa. Permane\u00e7amos confiantes no segundo turno. A 443 est\u00e1 pronta para ser votada&#8221;, destacou Daciolo.<\/p>\n<p><b>Frente Parlamentar em Defesa da AGU<\/b><\/p>\n<p>Articulada pelo SINPROFAZ e demais entidades da Advocacia P\u00fablica, a Frente Parlamentar em Defesa da AGU foi lan\u00e7ada durante o Semin\u00e1rio. Para presidir a Frente Parlamentar, o Sindicato Nacional dos Procuradores da Fazenda Nacional convidou Rog\u00e9rio Rosso, l\u00edder do PSD. Os deputados Tadeu Alencar (PSB\/PE), Expedido Netto (SD\/RO), Cabo Daciolo (S.Part.\/RJ) e Andr\u00e9 Moura (PSC\/SE) tamb\u00e9m integram a Frente a convite do SINPROFAZ. Durante o evento, o deputado Ronaldo Martins (PRB\/CE) tamb\u00e9m manifestou o desejo de integrar a Frente Parlamentar.<\/p>\n<p>O maior audit\u00f3rio da C\u00e2mara dos Deputados ficou pequeno para as centenas de advogados p\u00fablicos presentes no lan\u00e7amento &#8211; um momento hist\u00f3rico para a AGU, como destacaram v\u00e1rios dos advogados p\u00fablicos que discursaram. Entre os membros da carreira e os parlamentares presentes, predomina o sentimento de que, quando colocada em pauta, a PEC 443 tem tudo para ser aprovada. &#8220;Com este evento, completamos um ano de mobiliza\u00e7\u00e3o. Somos Fun\u00e7\u00e3o Essencial \u00e0 Justi\u00e7a e aqui est\u00e1 a prova de que a AGU est\u00e1 unida. E \u00e9 assim, todos unidos, que conseguiremos a aprova\u00e7\u00e3o da 443&#8221;, ressaltou Achilles Frias.<\/p>\n<p><em><a href=\"https:\/\/www.youtube.com\/watch?v=YExDEjQkZrk\" target=\"new\">Confira o discurso do presidente Achilles Frias<\/a><\/em><\/p>\n<p>Os deputados Gonzaga Patriota (PSB\/PE), Ronaldo Martins (PRB\/CE), L\u00e1zaro Botelho (PP\/TO), Edson Moreira (PTN\/MG), Erika Kokay (PT\/DF) e Tadeu Alencar (PSB\/PE) foram alguns dos mais de trinta parlamentares que prestigiaram o Semin\u00e1rio e o lan\u00e7amento da Frente e discursaram em defesa da categoria e da Proposta de Emenda \u00e0 Constitui\u00e7\u00e3o. Em seus discursos, os deputados ressaltaram a perseveran\u00e7a e a uni\u00e3o pelas quais a carreira \u00e9, hoje, reconhecida, e ratificaram que fortalecer a Advocacia P\u00fablica significa defender o pa\u00eds.<\/p>\n<p>&nbsp;<\/p>\n\n\t\t<style type=\"text\/css\">\n\t\t\t#gallery-1 {\n\t\t\t\tmargin: auto;\n\t\t\t}\n\t\t\t#gallery-1 .gallery-item {\n\t\t\t\tfloat: left;\n\t\t\t\tmargin-top: 10px;\n\t\t\t\ttext-align: center;\n\t\t\t\twidth: 33%;\n\t\t\t}\n\t\t\t#gallery-1 img {\n\t\t\t\tborder: 2px solid #cfcfcf;\n\t\t\t}\n\t\t\t#gallery-1 .gallery-caption {\n\t\t\t\tmargin-left: 0;\n\t\t\t}\n\t\t\t\/* see gallery_shortcode() in wp-includes\/media.php *\/\n\t\t<\/style>\n\t\t<div id='gallery-1' class='gallery galleryid-2473 gallery-columns-3 gallery-size-thumbnail'><dl class='gallery-item'>\n\t\t\t<dt class='gallery-icon landscape'>\n\t\t\t\t<a href='https:\/\/sinprofaz.org.br\/2024\/wp-content\/uploads\/2015\/11\/02-23.jpg'><img loading=\"lazy\" decoding=\"async\" width=\"150\" height=\"150\" src=\"https:\/\/sinprofaz.org.br\/2024\/wp-content\/uploads\/2015\/11\/02-23-150x150.jpg\" class=\"attachment-thumbnail size-thumbnail\" alt=\"\" \/><\/a>\n\t\t\t<\/dt><\/dl><dl class='gallery-item'>\n\t\t\t<dt class='gallery-icon landscape'>\n\t\t\t\t<a href='https:\/\/sinprofaz.org.br\/2024\/wp-content\/uploads\/2015\/11\/03-13.jpg'><img loading=\"lazy\" decoding=\"async\" width=\"150\" height=\"150\" src=\"https:\/\/sinprofaz.org.br\/2024\/wp-content\/uploads\/2015\/11\/03-13-150x150.jpg\" class=\"attachment-thumbnail size-thumbnail\" alt=\"\" \/><\/a>\n\t\t\t<\/dt><\/dl><dl class='gallery-item'>\n\t\t\t<dt class='gallery-icon landscape'>\n\t\t\t\t<a href='https:\/\/sinprofaz.org.br\/2024\/wp-content\/uploads\/2015\/11\/04-4.jpg'><img loading=\"lazy\" decoding=\"async\" width=\"150\" height=\"150\" src=\"https:\/\/sinprofaz.org.br\/2024\/wp-content\/uploads\/2015\/11\/04-4-150x150.jpg\" class=\"attachment-thumbnail size-thumbnail\" alt=\"\" \/><\/a>\n\t\t\t<\/dt><\/dl><br style=\"clear: both\" \/><dl class='gallery-item'>\n\t\t\t<dt class='gallery-icon landscape'>\n\t\t\t\t<a href='https:\/\/sinprofaz.org.br\/2024\/wp-content\/uploads\/2015\/11\/05-3.jpg'><img loading=\"lazy\" decoding=\"async\" width=\"150\" height=\"150\" src=\"https:\/\/sinprofaz.org.br\/2024\/wp-content\/uploads\/2015\/11\/05-3-150x150.jpg\" class=\"attachment-thumbnail size-thumbnail\" alt=\"\" \/><\/a>\n\t\t\t<\/dt><\/dl><dl class='gallery-item'>\n\t\t\t<dt class='gallery-icon landscape'>\n\t\t\t\t<a href='https:\/\/sinprofaz.org.br\/2024\/wp-content\/uploads\/2015\/11\/06.jpg'><img loading=\"lazy\" decoding=\"async\" width=\"150\" height=\"150\" src=\"https:\/\/sinprofaz.org.br\/2024\/wp-content\/uploads\/2015\/11\/06-150x150.jpg\" class=\"attachment-thumbnail size-thumbnail\" alt=\"\" \/><\/a>\n\t\t\t<\/dt><\/dl><dl class='gallery-item'>\n\t\t\t<dt class='gallery-icon landscape'>\n\t\t\t\t<a href='https:\/\/sinprofaz.org.br\/2024\/wp-content\/uploads\/2015\/11\/07.jpg'><img loading=\"lazy\" decoding=\"async\" width=\"150\" height=\"150\" src=\"https:\/\/sinprofaz.org.br\/2024\/wp-content\/uploads\/2015\/11\/07-150x150.jpg\" class=\"attachment-thumbnail size-thumbnail\" alt=\"\" \/><\/a>\n\t\t\t<\/dt><\/dl><br style=\"clear: both\" \/><dl class='gallery-item'>\n\t\t\t<dt class='gallery-icon landscape'>\n\t\t\t\t<a href='https:\/\/sinprofaz.org.br\/2024\/wp-content\/uploads\/2015\/11\/08.jpg'><img loading=\"lazy\" decoding=\"async\" width=\"150\" height=\"150\" src=\"https:\/\/sinprofaz.org.br\/2024\/wp-content\/uploads\/2015\/11\/08-150x150.jpg\" class=\"attachment-thumbnail size-thumbnail\" alt=\"\" \/><\/a>\n\t\t\t<\/dt><\/dl>\n\t\t\t<br style='clear: both' \/>\n\t\t<\/div>\n\n","protected":false},"excerpt":{"rendered":"<p>Foi realizado ontem, 3 de novembro, o Semin\u00e1rio Nacional das Carreiras Jur\u00eddicas. Al\u00e9m do debate sobre a inclus\u00e3o em pauta do segundo turno da PEC 443, durante o evento, foi lan\u00e7ada a Frente Parlamentar em Defesa da AGU.<\/p>\n","protected":false},"author":1,"featured_media":2987,"comment_status":"closed","ping_status":"open","sticky":false,"template":"","format":"standard","meta":{"footnotes":""},"categories":[8],"tags":[],"featured_image_url":"https:\/\/sinprofaz.org.br\/2024\/wp-content\/uploads\/2015\/11\/01-32-800x198.jpg","character_count":1920,"formatted_date":"04\/11\/2015 - 20:08","contentNovo":"O Audit\u00f3rio Nereu Ramos - o maior da C\u00e2mara dos Deputados - sediou ontem, 3 de novembro, o Semin\u00e1rio Nacional das Carreiras Jur\u00eddicas. O evento reuniu membros da Advocacia P\u00fablica Federal e parlamentares da Casa para um debate priorit\u00e1rio para os advogados p\u00fablicos: a celeridade necess\u00e1ria \u00e0 inclus\u00e3o em pauta do segundo turno da Proposta de Emenda \u00e0 Constitui\u00e7\u00e3o. Durante o evento, tamb\u00e9m foi lan\u00e7ada a Frente Parlamentar em Defesa da AGU.\r\n\r\nA PEC 443\/2009, aprovada em primeiro turno pela C\u00e2mara dos Deputados, vincula o teto dos subs\u00eddios de advogados p\u00fablicos, delegados da pol\u00edcia federal e civil e procuradores dos munic\u00edpios com mais de 500 mil habitantes a 90,25% do que recebem os ministros do Supremo Tribunal Federal. Ao mobilizar centenas de advogados p\u00fablicos de todo pa\u00eds, o Semin\u00e1rio deu visibilidade \u00e0 causa e motivou a ades\u00e3o de diversos deputados que compareceram e discursaram em defesa da categoria.\r\n\r\nA reuni\u00e3o no Congresso Nacional foi poss\u00edvel gra\u00e7as ao di\u00e1logo do SINPROFAZ, representado pelo presidente Achilles Frias, junto ao deputado Cabo Daciolo (S.Part.\/RJ) que reservou o audit\u00f3rio para receber os membros da carreira. \"Cabo Daciolo tem sido um grande aliado, incans\u00e1vel na luta pela vota\u00e7\u00e3o da PEC. Foi ele quem impetrou, individualmente, a a\u00e7\u00e3o para desemperrar a Proposta na C\u00e2mara\", ressaltou o presidente. \"O momento \u00e9 oportuno ao debate. Muitas mudan\u00e7as t\u00eam ocorrido no pa\u00eds e nesta Casa. Permane\u00e7amos confiantes no segundo turno. A 443 est\u00e1 pronta para ser votada\", destacou Daciolo.\r\n\r\nFrente Parlamentar em Defesa da AGU\r\n\r\nArticulada pelo SINPROFAZ e demais entidades da Advocacia P\u00fablica, a Frente Parlamentar em Defesa da AGU foi lan\u00e7ada durante o Semin\u00e1rio. Para presidir a Frente Parlamentar, o Sindicato Nacional dos Procuradores da Fazenda Nacional convidou Rog\u00e9rio Rosso, l\u00edder do PSD. Os deputados Tadeu Alencar (PSB\/PE), Expedido Netto (SD\/RO), Cabo Daciolo (S.Part.\/RJ) e Andr\u00e9 Moura (PSC\/SE) tamb\u00e9m integram a Frente a convite do SINPROFAZ. Durante o evento, o deputado Ronaldo Martins (PRB\/CE) tamb\u00e9m manifestou o desejo de integrar a Frente Parlamentar.\r\n\r\nO maior audit\u00f3rio da C\u00e2mara dos Deputados ficou pequeno para as centenas de advogados p\u00fablicos presentes no lan\u00e7amento - um momento hist\u00f3rico para a AGU, como destacaram v\u00e1rios dos advogados p\u00fablicos que discursaram. Entre os membros da carreira e os parlamentares presentes, predomina o sentimento de que, quando colocada em pauta, a PEC 443 tem tudo para ser aprovada. \"Com este evento, completamos um ano de mobiliza\u00e7\u00e3o. Somos Fun\u00e7\u00e3o Essencial \u00e0 Justi\u00e7a e aqui est\u00e1 a prova de que a AGU est\u00e1 unida. E \u00e9 assim, todos unidos, que conseguiremos a aprova\u00e7\u00e3o da 443\", ressaltou Achilles Frias.\r\n\r\n<em><a href=\"https:\/\/www.youtube.com\/watch?v=YExDEjQkZrk\" target=\"new\">Confira o discurso do presidente Achilles Frias<\/a><\/em>\r\n\r\nOs deputados Gonzaga Patriota (PSB\/PE), Ronaldo Martins (PRB\/CE), L\u00e1zaro Botelho (PP\/TO), Edson Moreira (PTN\/MG), Erika Kokay (PT\/DF) e Tadeu Alencar (PSB\/PE) foram alguns dos mais de trinta parlamentares que prestigiaram o Semin\u00e1rio e o lan\u00e7amento da Frente e discursaram em defesa da categoria e da Proposta de Emenda \u00e0 Constitui\u00e7\u00e3o. Em seus discursos, os deputados ressaltaram a perseveran\u00e7a e a uni\u00e3o pelas quais a carreira \u00e9, hoje, reconhecida, e ratificaram que fortalecer a Advocacia P\u00fablica significa defender o pa\u00eds.\r\n\r\n&nbsp;\r\n\r\n[gallery link=\"file\" ids=\"2988,2989,2990,2992,2993,2994,2995\"]","_links":{"self":[{"href":"https:\/\/sinprofaz.org.br\/2024\/wp-json\/wp\/v2\/posts\/2473"}],"collection":[{"href":"https:\/\/sinprofaz.org.br\/2024\/wp-json\/wp\/v2\/posts"}],"about":[{"href":"https:\/\/sinprofaz.org.br\/2024\/wp-json\/wp\/v2\/types\/post"}],"author":[{"embeddable":true,"href":"https:\/\/sinprofaz.org.br\/2024\/wp-json\/wp\/v2\/users\/1"}],"replies":[{"embeddable":true,"href":"https:\/\/sinprofaz.org.br\/2024\/wp-json\/wp\/v2\/comments?post=2473"}],"version-history":[{"count":2,"href":"https:\/\/sinprofaz.org.br\/2024\/wp-json\/wp\/v2\/posts\/2473\/revisions"}],"predecessor-version":[{"id":2996,"href":"https:\/\/sinprofaz.org.br\/2024\/wp-json\/wp\/v2\/posts\/2473\/revisions\/2996"}],"wp:featuredmedia":[{"embeddable":true,"href":"https:\/\/sinprofaz.org.br\/2024\/wp-json\/wp\/v2\/media\/2987"}],"wp:attachment":[{"href":"https:\/\/sinprofaz.org.br\/2024\/wp-json\/wp\/v2\/media?parent=2473"}],"wp:term":[{"taxonomy":"category","embeddable":true,"href":"https:\/\/sinprofaz.org.br\/2024\/wp-json\/wp\/v2\/categories?post=2473"},{"taxonomy":"post_tag","embeddable":true,"href":"https:\/\/sinprofaz.org.br\/2024\/wp-json\/wp\/v2\/tags?post=2473"}],"curies":[{"name":"wp","href":"https:\/\/api.w.org\/{rel}","templated":true}]}}