{"id":2471,"date":"2015-10-30T11:26:53","date_gmt":"2015-10-30T11:26:53","guid":{"rendered":""},"modified":"2016-03-04T13:21:54","modified_gmt":"2016-03-04T13:21:54","slug":"seminario-em-sao-paulo-trata-do-devedor-contumaz","status":"publish","type":"post","link":"https:\/\/sinprofaz.org.br\/2024\/noticias\/seminario-em-sao-paulo-trata-do-devedor-contumaz\/","title":{"rendered":"SEMIN\u00c1RIO EM S\u00c3O PAULO TRATA DO DEVEDOR CONTUMAZ"},"content":{"rendered":"<p>O Instituto Brasileiro de \u00c9tica Concorrencial, Etco, e o jornal Valor Econ\u00f4mico realizar\u00e3o o semin\u00e1rio <em>O devedor contumaz e a \u00e9tica concorrencial<\/em>. O evento ocorre no dia 16 de novembro, das 8h \u00e0s 13h30, no Hotel Intercontinental, em S\u00e3o Paulo, e j\u00e1 est\u00e1 com as inscri\u00e7\u00f5es abertas. As vagas s\u00e3o limitadas.<\/p>\n<p>O semin\u00e1rio motivar\u00e1 discuss\u00f5es sobre a pr\u00e1tica do devedor contumaz no pa\u00eds, os impactos causados por ele sobre os governos estaduais e federal e o que pode ser feito para aumentar a seguran\u00e7a jur\u00eddica e garantir a concorr\u00eancia \u00e9tica em toda a economia. Est\u00e3o convidados advogados, executivos de departamentos jur\u00eddicos de empresas, procuradores das fazendas p\u00fablicas, CEOs, ju\u00edzes federais, membros do poder Judici\u00e1rio e Legislativo.<\/p>\n<p>A programa\u00e7\u00e3o do evento e os palestrantes est\u00e3o dispon\u00edveis no site do semin\u00e1rio: <a href=\"http:\/\/www.valor.com.br\/seminarios\/devedorcontumaz\" target=\"_blank\">http:\/\/www.valor.com.br\/seminarios\/devedorcontumaz<\/a><\/p>\n","protected":false},"excerpt":{"rendered":"<p>Etco e Valor Econ\u00f4mico promovem o semin\u00e1rio <em>O devedor contumaz e a \u00e9tica concorrencial<\/em> no dia 16 de novembro, em S\u00e3o Paulo. Inscri\u00e7\u00f5es j\u00e1 est\u00e3o abertas e vagas s\u00e3o limitadas. Observa\u00e7\u00e3o: postar essa nota sobre o Semin\u00e1rio por \u00faltimo, para que fique \u00e0 esquerda da p\u00e1gina.<\/p>\n","protected":false},"author":1,"featured_media":3000,"comment_status":"closed","ping_status":"open","sticky":false,"template":"","format":"standard","meta":{"footnotes":""},"categories":[8],"tags":[],"featured_image_url":"https:\/\/sinprofaz.org.br\/2024\/wp-content\/uploads\/2015\/10\/01-33.jpg","character_count":452,"formatted_date":"30\/10\/2015 - 11:26","contentNovo":"O Instituto Brasileiro de \u00c9tica Concorrencial, Etco, e o jornal Valor Econ\u00f4mico realizar\u00e3o o semin\u00e1rio <em>O devedor contumaz e a \u00e9tica concorrencial<\/em>. O evento ocorre no dia 16 de novembro, das 8h \u00e0s 13h30, no Hotel Intercontinental, em S\u00e3o Paulo, e j\u00e1 est\u00e1 com as inscri\u00e7\u00f5es abertas. As vagas s\u00e3o limitadas.\r\n\r\nO semin\u00e1rio motivar\u00e1 discuss\u00f5es sobre a pr\u00e1tica do devedor contumaz no pa\u00eds, os impactos causados por ele sobre os governos estaduais e federal e o que pode ser feito para aumentar a seguran\u00e7a jur\u00eddica e garantir a concorr\u00eancia \u00e9tica em toda a economia. Est\u00e3o convidados advogados, executivos de departamentos jur\u00eddicos de empresas, procuradores das fazendas p\u00fablicas, CEOs, ju\u00edzes federais, membros do poder Judici\u00e1rio e Legislativo.\r\n\r\nA programa\u00e7\u00e3o do evento e os palestrantes est\u00e3o dispon\u00edveis no site do semin\u00e1rio: <a href=\"http:\/\/www.valor.com.br\/seminarios\/devedorcontumaz\" target=\"_blank\">http:\/\/www.valor.com.br\/seminarios\/devedorcontumaz<\/a>","_links":{"self":[{"href":"https:\/\/sinprofaz.org.br\/2024\/wp-json\/wp\/v2\/posts\/2471"}],"collection":[{"href":"https:\/\/sinprofaz.org.br\/2024\/wp-json\/wp\/v2\/posts"}],"about":[{"href":"https:\/\/sinprofaz.org.br\/2024\/wp-json\/wp\/v2\/types\/post"}],"author":[{"embeddable":true,"href":"https:\/\/sinprofaz.org.br\/2024\/wp-json\/wp\/v2\/users\/1"}],"replies":[{"embeddable":true,"href":"https:\/\/sinprofaz.org.br\/2024\/wp-json\/wp\/v2\/comments?post=2471"}],"version-history":[{"count":1,"href":"https:\/\/sinprofaz.org.br\/2024\/wp-json\/wp\/v2\/posts\/2471\/revisions"}],"predecessor-version":[{"id":3001,"href":"https:\/\/sinprofaz.org.br\/2024\/wp-json\/wp\/v2\/posts\/2471\/revisions\/3001"}],"wp:featuredmedia":[{"embeddable":true,"href":"https:\/\/sinprofaz.org.br\/2024\/wp-json\/wp\/v2\/media\/3000"}],"wp:attachment":[{"href":"https:\/\/sinprofaz.org.br\/2024\/wp-json\/wp\/v2\/media?parent=2471"}],"wp:term":[{"taxonomy":"category","embeddable":true,"href":"https:\/\/sinprofaz.org.br\/2024\/wp-json\/wp\/v2\/categories?post=2471"},{"taxonomy":"post_tag","embeddable":true,"href":"https:\/\/sinprofaz.org.br\/2024\/wp-json\/wp\/v2\/tags?post=2471"}],"curies":[{"name":"wp","href":"https:\/\/api.w.org\/{rel}","templated":true}]}}