{"id":2463,"date":"2015-10-21T11:01:38","date_gmt":"2015-10-21T11:01:38","guid":{"rendered":""},"modified":"2016-03-04T13:53:21","modified_gmt":"2016-03-04T13:53:21","slug":"sinprofaz-e-entidades-articulam-lancamento-da-frente-parlamentar-em-defesa-da-agu","status":"publish","type":"post","link":"https:\/\/sinprofaz.org.br\/2024\/noticias\/sinprofaz-e-entidades-articulam-lancamento-da-frente-parlamentar-em-defesa-da-agu\/","title":{"rendered":"SINPROFAZ E ENTIDADES ARTICULAM LAN\u00c7AMENTO DA FRENTE PARLAMENTAR EM DEFESA DA AGU"},"content":{"rendered":"<p>&nbsp;<\/p>\n<p>O Sindicato Nacional dos Procuradores da Fazenda Nacional, representado pelo presidente, Achilles Frias, convidou o l\u00edder do PSD, o deputado Rog\u00e9rio Rosso, para presidir a Frente Parlamentar em Defesa da AGU, que ser\u00e1 lan\u00e7ada no dia 03 de novembro, no Audit\u00f3rio Nereu Ramos na C\u00e2mara dos Deputados, durante o Semin\u00e1rio Nacional das Carreiras Jur\u00eddicas.<\/p>\n<p>O deputado aceitou o convite, prontamente, que ser\u00e1 oficializado durante o Semin\u00e1rio. Ainda na tarde desta ter\u00e7a-feira (20), acompanhado de dirigentes das demais entidades da Advocacia P\u00fablica, o presidente Achilles Frias deu in\u00edcio \u00e0s articula\u00e7\u00f5es para composi\u00e7\u00e3o parlamentar da Frente.<\/p>\n<p>Os deputados Tadeu Alencar (PSB\/PE) , Expedido Netto (SD\/RO), Cabo Daciolo (S.Part.\/RJ) e Andr\u00e9 Moura (PSC\/SE) s\u00e3o parlamentares que integrar\u00e3o a frente \u00e0 convite do SINPROFAZ<\/p>\n<p>&nbsp;<\/p>\n\n\t\t<style type=\"text\/css\">\n\t\t\t#gallery-1 {\n\t\t\t\tmargin: auto;\n\t\t\t}\n\t\t\t#gallery-1 .gallery-item {\n\t\t\t\tfloat: left;\n\t\t\t\tmargin-top: 10px;\n\t\t\t\ttext-align: center;\n\t\t\t\twidth: 33%;\n\t\t\t}\n\t\t\t#gallery-1 img {\n\t\t\t\tborder: 2px solid #cfcfcf;\n\t\t\t}\n\t\t\t#gallery-1 .gallery-caption {\n\t\t\t\tmargin-left: 0;\n\t\t\t}\n\t\t\t\/* see gallery_shortcode() in wp-includes\/media.php *\/\n\t\t<\/style>\n\t\t<div id='gallery-1' class='gallery galleryid-2463 gallery-columns-3 gallery-size-thumbnail'><dl class='gallery-item'>\n\t\t\t<dt class='gallery-icon landscape'>\n\t\t\t\t<a href='https:\/\/sinprofaz.org.br\/2024\/wp-content\/uploads\/2015\/10\/02-26.jpg'><img loading=\"lazy\" decoding=\"async\" width=\"150\" height=\"150\" src=\"https:\/\/sinprofaz.org.br\/2024\/wp-content\/uploads\/2015\/10\/02-26-150x150.jpg\" class=\"attachment-thumbnail size-thumbnail\" alt=\"\" \/><\/a>\n\t\t\t<\/dt><\/dl><dl class='gallery-item'>\n\t\t\t<dt class='gallery-icon landscape'>\n\t\t\t\t<a href='https:\/\/sinprofaz.org.br\/2024\/wp-content\/uploads\/2015\/10\/03-14.jpg'><img loading=\"lazy\" decoding=\"async\" width=\"150\" height=\"150\" src=\"https:\/\/sinprofaz.org.br\/2024\/wp-content\/uploads\/2015\/10\/03-14-150x150.jpg\" class=\"attachment-thumbnail size-thumbnail\" alt=\"\" \/><\/a>\n\t\t\t<\/dt><\/dl><dl class='gallery-item'>\n\t\t\t<dt class='gallery-icon landscape'>\n\t\t\t\t<a href='https:\/\/sinprofaz.org.br\/2024\/wp-content\/uploads\/2015\/10\/04-5.jpg'><img loading=\"lazy\" decoding=\"async\" width=\"150\" height=\"150\" src=\"https:\/\/sinprofaz.org.br\/2024\/wp-content\/uploads\/2015\/10\/04-5-150x150.jpg\" class=\"attachment-thumbnail size-thumbnail\" alt=\"\" \/><\/a>\n\t\t\t<\/dt><\/dl><br style=\"clear: both\" \/><dl class='gallery-item'>\n\t\t\t<dt class='gallery-icon landscape'>\n\t\t\t\t<a href='https:\/\/sinprofaz.org.br\/2024\/wp-content\/uploads\/2015\/10\/05-4.jpg'><img loading=\"lazy\" decoding=\"async\" width=\"150\" height=\"150\" src=\"https:\/\/sinprofaz.org.br\/2024\/wp-content\/uploads\/2015\/10\/05-4-150x150.jpg\" class=\"attachment-thumbnail size-thumbnail\" alt=\"\" \/><\/a>\n\t\t\t<\/dt><\/dl><dl class='gallery-item'>\n\t\t\t<dt class='gallery-icon landscape'>\n\t\t\t\t<a href='https:\/\/sinprofaz.org.br\/2024\/wp-content\/uploads\/2015\/10\/06-1.jpg'><img loading=\"lazy\" decoding=\"async\" width=\"150\" height=\"150\" src=\"https:\/\/sinprofaz.org.br\/2024\/wp-content\/uploads\/2015\/10\/06-1-150x150.jpg\" class=\"attachment-thumbnail size-thumbnail\" alt=\"\" \/><\/a>\n\t\t\t<\/dt><\/dl><dl class='gallery-item'>\n\t\t\t<dt class='gallery-icon landscape'>\n\t\t\t\t<a href='https:\/\/sinprofaz.org.br\/2024\/wp-content\/uploads\/2015\/10\/07-1.jpg'><img loading=\"lazy\" decoding=\"async\" width=\"150\" height=\"150\" src=\"https:\/\/sinprofaz.org.br\/2024\/wp-content\/uploads\/2015\/10\/07-1-150x150.jpg\" class=\"attachment-thumbnail size-thumbnail\" alt=\"\" \/><\/a>\n\t\t\t<\/dt><\/dl><br style=\"clear: both\" \/>\n\t\t<\/div>\n\n","protected":false},"excerpt":{"rendered":"<p>O Sindicato Nacional dos Procuradores da Fazenda Nacional, representado pelo presidente, Achilles Frias, convidou o l\u00edder do PSD, o deputado Rog\u00e9rio Rosso, para presidir a Frente Parlamentar em Defesa da AGU, que ser\u00e1 lan\u00e7ada no dia 03 de novembro, no Audit\u00f3rio Nereu Ramos na C\u00e2mara dos Deputados, durante o Semin\u00e1rio Nacional das Carreiras Jur\u00eddicas.<\/p>\n","protected":false},"author":1,"featured_media":3018,"comment_status":"closed","ping_status":"open","sticky":false,"template":"","format":"standard","meta":{"footnotes":""},"categories":[8],"tags":[],"featured_image_url":"https:\/\/sinprofaz.org.br\/2024\/wp-content\/uploads\/2015\/10\/01-37-800x198.jpg","character_count":635,"formatted_date":"21\/10\/2015 - 11:01","contentNovo":"&nbsp;\r\n\r\nO Sindicato Nacional dos Procuradores da Fazenda Nacional, representado pelo presidente, Achilles Frias, convidou o l\u00edder do PSD, o deputado Rog\u00e9rio Rosso, para presidir a Frente Parlamentar em Defesa da AGU, que ser\u00e1 lan\u00e7ada no dia 03 de novembro, no Audit\u00f3rio Nereu Ramos na C\u00e2mara dos Deputados, durante o Semin\u00e1rio Nacional das Carreiras Jur\u00eddicas.\r\n\r\nO deputado aceitou o convite, prontamente, que ser\u00e1 oficializado durante o Semin\u00e1rio. Ainda na tarde desta ter\u00e7a-feira (20), acompanhado de dirigentes das demais entidades da Advocacia P\u00fablica, o presidente Achilles Frias deu in\u00edcio \u00e0s articula\u00e7\u00f5es para composi\u00e7\u00e3o parlamentar da Frente.\r\n\r\nOs deputados Tadeu Alencar (PSB\/PE) , Expedido Netto (SD\/RO), Cabo Daciolo (S.Part.\/RJ) e Andr\u00e9 Moura (PSC\/SE) s\u00e3o parlamentares que integrar\u00e3o a frente \u00e0 convite do SINPROFAZ\r\n\r\n&nbsp;\r\n\r\n[gallery link=\"file\" ids=\"3019,3020,3021,3022,3023,3024\"]","_links":{"self":[{"href":"https:\/\/sinprofaz.org.br\/2024\/wp-json\/wp\/v2\/posts\/2463"}],"collection":[{"href":"https:\/\/sinprofaz.org.br\/2024\/wp-json\/wp\/v2\/posts"}],"about":[{"href":"https:\/\/sinprofaz.org.br\/2024\/wp-json\/wp\/v2\/types\/post"}],"author":[{"embeddable":true,"href":"https:\/\/sinprofaz.org.br\/2024\/wp-json\/wp\/v2\/users\/1"}],"replies":[{"embeddable":true,"href":"https:\/\/sinprofaz.org.br\/2024\/wp-json\/wp\/v2\/comments?post=2463"}],"version-history":[{"count":2,"href":"https:\/\/sinprofaz.org.br\/2024\/wp-json\/wp\/v2\/posts\/2463\/revisions"}],"predecessor-version":[{"id":3025,"href":"https:\/\/sinprofaz.org.br\/2024\/wp-json\/wp\/v2\/posts\/2463\/revisions\/3025"}],"wp:featuredmedia":[{"embeddable":true,"href":"https:\/\/sinprofaz.org.br\/2024\/wp-json\/wp\/v2\/media\/3018"}],"wp:attachment":[{"href":"https:\/\/sinprofaz.org.br\/2024\/wp-json\/wp\/v2\/media?parent=2463"}],"wp:term":[{"taxonomy":"category","embeddable":true,"href":"https:\/\/sinprofaz.org.br\/2024\/wp-json\/wp\/v2\/categories?post=2463"},{"taxonomy":"post_tag","embeddable":true,"href":"https:\/\/sinprofaz.org.br\/2024\/wp-json\/wp\/v2\/tags?post=2463"}],"curies":[{"name":"wp","href":"https:\/\/api.w.org\/{rel}","templated":true}]}}