{"id":2451,"date":"2015-10-14T11:49:42","date_gmt":"2015-10-14T11:49:42","guid":{"rendered":""},"modified":"2016-03-04T14:27:50","modified_gmt":"2016-03-04T14:27:50","slug":"sinprofaz-entrega-trofeu-para-o-deputado-mais-votado-do-premio-congresso-em-foco","status":"publish","type":"post","link":"https:\/\/sinprofaz.org.br\/2024\/noticias\/sinprofaz-entrega-trofeu-para-o-deputado-mais-votado-do-premio-congresso-em-foco\/","title":{"rendered":"SINPROFAZ ENTREGA TROF\u00c9U PARA O DEPUTADO MAIS VOTADO DO PR\u00caMIO CONGRESSO EM FOCO"},"content":{"rendered":"<p>O presidente do Sindicato Nacional dos Procuradores da Fazenda Nacional, Achilles Frias, entregou ao deputado Jean Wyllys (PSOL\/RJ), o trof\u00e9u do Pr\u00eamio Congresso em Foco 2015, na categoria \u201cDefesa da Cidadania e da Justi\u00e7a Social\u201d, na noite da \u00faltima quinta-feira (8).<\/p>\n<p>O parlamentar faturou ainda a principal categoria da tradicional premia\u00e7\u00e3o que chega a sua nona edi\u00e7\u00e3o. Com 19.809 votos, Wyllys foi o deputado mais bem avaliado pelo p\u00fablico no Pr\u00eamio Congresso em Foco.<\/p>\n<p>Al\u00e9m da premia\u00e7\u00e3o na categoria geral, Jean Wyllys conquistou mais tr\u00eas pr\u00eamios: foi o mais votado na categoria \u201cParlamentares de Futuro\u201d, que homenageou deputados e senadores com menos de 45 anos, \u201cDefesa da Cidadania e da Justi\u00e7a Social\u201d, e foi o segundo deputado mais bem avaliado pelos jornalistas que cobrem o Congresso Nacional.<\/p>\n<p>Participaram do evento os diretores do SINPROFAZ, Iolanda Guindani, Arthur Guimar\u00e3es, Roberto Rodrigues, Rodrigo Mellet, o ex-presidente da entidade, Allan Titonelli e o Conselheiro Fiscal Filipe Aguiar.<\/p>\n<p>&nbsp;<\/p>\n\n\t\t<style type=\"text\/css\">\n\t\t\t#gallery-1 {\n\t\t\t\tmargin: auto;\n\t\t\t}\n\t\t\t#gallery-1 .gallery-item {\n\t\t\t\tfloat: left;\n\t\t\t\tmargin-top: 10px;\n\t\t\t\ttext-align: center;\n\t\t\t\twidth: 33%;\n\t\t\t}\n\t\t\t#gallery-1 img {\n\t\t\t\tborder: 2px solid #cfcfcf;\n\t\t\t}\n\t\t\t#gallery-1 .gallery-caption {\n\t\t\t\tmargin-left: 0;\n\t\t\t}\n\t\t\t\/* see gallery_shortcode() in wp-includes\/media.php *\/\n\t\t<\/style>\n\t\t<div id='gallery-1' class='gallery galleryid-2451 gallery-columns-3 gallery-size-thumbnail'><dl class='gallery-item'>\n\t\t\t<dt class='gallery-icon landscape'>\n\t\t\t\t<a href='https:\/\/sinprofaz.org.br\/2024\/wp-content\/uploads\/2015\/10\/02-34.jpg'><img loading=\"lazy\" decoding=\"async\" width=\"150\" height=\"150\" src=\"https:\/\/sinprofaz.org.br\/2024\/wp-content\/uploads\/2015\/10\/02-34-150x150.jpg\" class=\"attachment-thumbnail size-thumbnail\" alt=\"\" \/><\/a>\n\t\t\t<\/dt><\/dl><dl class='gallery-item'>\n\t\t\t<dt class='gallery-icon landscape'>\n\t\t\t\t<a href='https:\/\/sinprofaz.org.br\/2024\/wp-content\/uploads\/2015\/10\/03-18.jpg'><img loading=\"lazy\" decoding=\"async\" width=\"150\" height=\"150\" src=\"https:\/\/sinprofaz.org.br\/2024\/wp-content\/uploads\/2015\/10\/03-18-150x150.jpg\" class=\"attachment-thumbnail size-thumbnail\" alt=\"\" \/><\/a>\n\t\t\t<\/dt><\/dl>\n\t\t\t<br style='clear: both' \/>\n\t\t<\/div>\n\n","protected":false},"excerpt":{"rendered":"<p>O presidente do Sindicato Nacional dos Procuradores da Fazenda Nacional, Achilles Frias, entregou ao deputado Jean Wyllys (PSOL\/RJ), o trof\u00e9u do Pr\u00eamio Congresso em Foco 2015, na categoria \u201cDefesa da Cidadania e da Justi\u00e7a Social\u201d, na noite da \u00faltima quinta-feira (8).<\/p>\n","protected":false},"author":1,"featured_media":3071,"comment_status":"closed","ping_status":"open","sticky":false,"template":"","format":"standard","meta":{"footnotes":""},"categories":[8],"tags":[],"featured_image_url":"https:\/\/sinprofaz.org.br\/2024\/wp-content\/uploads\/2015\/10\/01-45-800x198.jpg","character_count":708,"formatted_date":"14\/10\/2015 - 11:49","contentNovo":"O presidente do Sindicato Nacional dos Procuradores da Fazenda Nacional, Achilles Frias, entregou ao deputado Jean Wyllys (PSOL\/RJ), o trof\u00e9u do Pr\u00eamio Congresso em Foco 2015, na categoria \u201cDefesa da Cidadania e da Justi\u00e7a Social\u201d, na noite da \u00faltima quinta-feira (8).\r\n\r\nO parlamentar faturou ainda a principal categoria da tradicional premia\u00e7\u00e3o que chega a sua nona edi\u00e7\u00e3o. Com 19.809 votos, Wyllys foi o deputado mais bem avaliado pelo p\u00fablico no Pr\u00eamio Congresso em Foco.\r\n\r\nAl\u00e9m da premia\u00e7\u00e3o na categoria geral, Jean Wyllys conquistou mais tr\u00eas pr\u00eamios: foi o mais votado na categoria \u201cParlamentares de Futuro\u201d, que homenageou deputados e senadores com menos de 45 anos, \u201cDefesa da Cidadania e da Justi\u00e7a Social\u201d, e foi o segundo deputado mais bem avaliado pelos jornalistas que cobrem o Congresso Nacional.\r\n\r\nParticiparam do evento os diretores do SINPROFAZ, Iolanda Guindani, Arthur Guimar\u00e3es, Roberto Rodrigues, Rodrigo Mellet, o ex-presidente da entidade, Allan Titonelli e o Conselheiro Fiscal Filipe Aguiar.\r\n\r\n&nbsp;\r\n\r\n[gallery link=\"file\" ids=\"3072,3073\"]","_links":{"self":[{"href":"https:\/\/sinprofaz.org.br\/2024\/wp-json\/wp\/v2\/posts\/2451"}],"collection":[{"href":"https:\/\/sinprofaz.org.br\/2024\/wp-json\/wp\/v2\/posts"}],"about":[{"href":"https:\/\/sinprofaz.org.br\/2024\/wp-json\/wp\/v2\/types\/post"}],"author":[{"embeddable":true,"href":"https:\/\/sinprofaz.org.br\/2024\/wp-json\/wp\/v2\/users\/1"}],"replies":[{"embeddable":true,"href":"https:\/\/sinprofaz.org.br\/2024\/wp-json\/wp\/v2\/comments?post=2451"}],"version-history":[{"count":1,"href":"https:\/\/sinprofaz.org.br\/2024\/wp-json\/wp\/v2\/posts\/2451\/revisions"}],"predecessor-version":[{"id":3074,"href":"https:\/\/sinprofaz.org.br\/2024\/wp-json\/wp\/v2\/posts\/2451\/revisions\/3074"}],"wp:featuredmedia":[{"embeddable":true,"href":"https:\/\/sinprofaz.org.br\/2024\/wp-json\/wp\/v2\/media\/3071"}],"wp:attachment":[{"href":"https:\/\/sinprofaz.org.br\/2024\/wp-json\/wp\/v2\/media?parent=2451"}],"wp:term":[{"taxonomy":"category","embeddable":true,"href":"https:\/\/sinprofaz.org.br\/2024\/wp-json\/wp\/v2\/categories?post=2451"},{"taxonomy":"post_tag","embeddable":true,"href":"https:\/\/sinprofaz.org.br\/2024\/wp-json\/wp\/v2\/tags?post=2451"}],"curies":[{"name":"wp","href":"https:\/\/api.w.org\/{rel}","templated":true}]}}