{"id":2450,"date":"2015-10-08T15:49:51","date_gmt":"2015-10-08T15:49:51","guid":{"rendered":""},"modified":"2016-03-04T14:29:44","modified_gmt":"2016-03-04T14:29:44","slug":"sinprofaz-coordena-reuniao-com-colegas-na-prfn-1-regiao","status":"publish","type":"post","link":"https:\/\/sinprofaz.org.br\/2024\/noticias\/sinprofaz-coordena-reuniao-com-colegas-na-prfn-1-regiao\/","title":{"rendered":"SINPROFAZ COORDENA REUNI\u00c3O COM COLEGAS NA PRFN 1\u00aa REGI\u00c3O"},"content":{"rendered":"<p>O SINPROFAZ, representado pelo presidente Achilles Frias, coordenou, na tarde desta quarta-feira (07,) uma reuni\u00e3o com aproximadamente 40 PFNs lotados na Procuradoria- Regional da Fazenda Nacional 1\u00aa Regi\u00e3o (PRFN 1), em Bras\u00edlia.<\/p>\n<p>O presidente do SINPROFAZ discutiu com os membros da Carreira as diretrizes do movimento de entrega de cargos e conclamou maior engajamento dos colegas para a mobiliza\u00e7\u00e3o crescente da carreira em torno da aprova\u00e7\u00e3o da PEC 443\/09.<\/p>\n<p>Dentre outras pautas tratadas no encontro est\u00e3o a independ\u00eancia de atua\u00e7\u00e3o dos membros da AGU, a elimina\u00e7\u00e3o das chefias e cadeias de comando na institui\u00e7\u00e3o e a falta de estrutura do \u00f3rg\u00e3o. Os PFNs participaram ativamente e se comprometeram em refor\u00e7ar as estrat\u00e9gias discutidas junto aos colegas lotados em outras unidades.<\/p>\n<p>&nbsp;<\/p>\n\n\t\t<style type=\"text\/css\">\n\t\t\t#gallery-1 {\n\t\t\t\tmargin: auto;\n\t\t\t}\n\t\t\t#gallery-1 .gallery-item {\n\t\t\t\tfloat: left;\n\t\t\t\tmargin-top: 10px;\n\t\t\t\ttext-align: center;\n\t\t\t\twidth: 33%;\n\t\t\t}\n\t\t\t#gallery-1 img {\n\t\t\t\tborder: 2px solid #cfcfcf;\n\t\t\t}\n\t\t\t#gallery-1 .gallery-caption {\n\t\t\t\tmargin-left: 0;\n\t\t\t}\n\t\t\t\/* see gallery_shortcode() in wp-includes\/media.php *\/\n\t\t<\/style>\n\t\t<div id='gallery-1' class='gallery galleryid-2450 gallery-columns-3 gallery-size-thumbnail'><dl class='gallery-item'>\n\t\t\t<dt class='gallery-icon landscape'>\n\t\t\t\t<a href='https:\/\/sinprofaz.org.br\/2024\/wp-content\/uploads\/2015\/10\/02-35.jpg'><img loading=\"lazy\" decoding=\"async\" width=\"150\" height=\"150\" src=\"https:\/\/sinprofaz.org.br\/2024\/wp-content\/uploads\/2015\/10\/02-35-150x150.jpg\" class=\"attachment-thumbnail size-thumbnail\" alt=\"\" \/><\/a>\n\t\t\t<\/dt><\/dl><dl class='gallery-item'>\n\t\t\t<dt class='gallery-icon landscape'>\n\t\t\t\t<a href='https:\/\/sinprofaz.org.br\/2024\/wp-content\/uploads\/2015\/10\/03-19.jpg'><img loading=\"lazy\" decoding=\"async\" width=\"150\" height=\"150\" src=\"https:\/\/sinprofaz.org.br\/2024\/wp-content\/uploads\/2015\/10\/03-19-150x150.jpg\" class=\"attachment-thumbnail size-thumbnail\" alt=\"\" \/><\/a>\n\t\t\t<\/dt><\/dl><dl class='gallery-item'>\n\t\t\t<dt class='gallery-icon landscape'>\n\t\t\t\t<a href='https:\/\/sinprofaz.org.br\/2024\/wp-content\/uploads\/2015\/10\/04-8.jpg'><img loading=\"lazy\" decoding=\"async\" width=\"150\" height=\"150\" src=\"https:\/\/sinprofaz.org.br\/2024\/wp-content\/uploads\/2015\/10\/04-8-150x150.jpg\" class=\"attachment-thumbnail size-thumbnail\" alt=\"\" \/><\/a>\n\t\t\t<\/dt><\/dl><br style=\"clear: both\" \/>\n\t\t<\/div>\n\n","protected":false},"excerpt":{"rendered":"<p>O SINPROFAZ, representado pelo presidente Achilles Frias, coordenou, na tarde desta quarta-feira (07,) uma reuni\u00e3o com aproximadamente 40 PFNs lotados na Procuradoria- Regional da Fazenda Nacional 1\u00aa Regi\u00e3o (PRFN 1), em Bras\u00edlia.<\/p>\n","protected":false},"author":1,"featured_media":3075,"comment_status":"closed","ping_status":"open","sticky":false,"template":"","format":"standard","meta":{"footnotes":""},"categories":[8],"tags":[],"featured_image_url":"https:\/\/sinprofaz.org.br\/2024\/wp-content\/uploads\/2015\/10\/01-46-800x198.jpg","character_count":595,"formatted_date":"08\/10\/2015 - 15:49","contentNovo":"O SINPROFAZ, representado pelo presidente Achilles Frias, coordenou, na tarde desta quarta-feira (07,) uma reuni\u00e3o com aproximadamente 40 PFNs lotados na Procuradoria- Regional da Fazenda Nacional 1\u00aa Regi\u00e3o (PRFN 1), em Bras\u00edlia.\r\n\r\nO presidente do SINPROFAZ discutiu com os membros da Carreira as diretrizes do movimento de entrega de cargos e conclamou maior engajamento dos colegas para a mobiliza\u00e7\u00e3o crescente da carreira em torno da aprova\u00e7\u00e3o da PEC 443\/09.\r\n\r\nDentre outras pautas tratadas no encontro est\u00e3o a independ\u00eancia de atua\u00e7\u00e3o dos membros da AGU, a elimina\u00e7\u00e3o das chefias e cadeias de comando na institui\u00e7\u00e3o e a falta de estrutura do \u00f3rg\u00e3o. Os PFNs participaram ativamente e se comprometeram em refor\u00e7ar as estrat\u00e9gias discutidas junto aos colegas lotados em outras unidades.\r\n\r\n&nbsp;\r\n\r\n[gallery link=\"file\" ids=\"3076,3077,3078\"]","_links":{"self":[{"href":"https:\/\/sinprofaz.org.br\/2024\/wp-json\/wp\/v2\/posts\/2450"}],"collection":[{"href":"https:\/\/sinprofaz.org.br\/2024\/wp-json\/wp\/v2\/posts"}],"about":[{"href":"https:\/\/sinprofaz.org.br\/2024\/wp-json\/wp\/v2\/types\/post"}],"author":[{"embeddable":true,"href":"https:\/\/sinprofaz.org.br\/2024\/wp-json\/wp\/v2\/users\/1"}],"replies":[{"embeddable":true,"href":"https:\/\/sinprofaz.org.br\/2024\/wp-json\/wp\/v2\/comments?post=2450"}],"version-history":[{"count":2,"href":"https:\/\/sinprofaz.org.br\/2024\/wp-json\/wp\/v2\/posts\/2450\/revisions"}],"predecessor-version":[{"id":3080,"href":"https:\/\/sinprofaz.org.br\/2024\/wp-json\/wp\/v2\/posts\/2450\/revisions\/3080"}],"wp:featuredmedia":[{"embeddable":true,"href":"https:\/\/sinprofaz.org.br\/2024\/wp-json\/wp\/v2\/media\/3075"}],"wp:attachment":[{"href":"https:\/\/sinprofaz.org.br\/2024\/wp-json\/wp\/v2\/media?parent=2450"}],"wp:term":[{"taxonomy":"category","embeddable":true,"href":"https:\/\/sinprofaz.org.br\/2024\/wp-json\/wp\/v2\/categories?post=2450"},{"taxonomy":"post_tag","embeddable":true,"href":"https:\/\/sinprofaz.org.br\/2024\/wp-json\/wp\/v2\/tags?post=2450"}],"curies":[{"name":"wp","href":"https:\/\/api.w.org\/{rel}","templated":true}]}}