{"id":2449,"date":"2015-10-08T15:16:36","date_gmt":"2015-10-08T15:16:36","guid":{"rendered":""},"modified":"2016-03-04T14:31:44","modified_gmt":"2016-03-04T14:31:44","slug":"procuradores-da-fazenda-lotados-na-prfn-1-regiao-recebem-visita-do-sinprofaz","status":"publish","type":"post","link":"https:\/\/sinprofaz.org.br\/2024\/noticias\/procuradores-da-fazenda-lotados-na-prfn-1-regiao-recebem-visita-do-sinprofaz\/","title":{"rendered":"PROCURADORES DA FAZENDA LOTADOS NA PRFN 1\u00aa REGI\u00c3O RECEBEM VISITA DO SINPROFAZ"},"content":{"rendered":"<p>Ap\u00f3s reuni\u00e3o coordenada pelo SINPROFAZ com colegas lotados na Procuradoria- Regional da Fazenda Nacional 1\u00aa Regi\u00e3o (PRFN 1), nesta quarta-feira (07), o presidente da entidade, Achilles Frias, e os diretores Arthur Guimar\u00e3es e Rodrigo Mellet circularam pelos corredores da unidade em visita aos colegas, que no exerc\u00edcio de suas fun\u00e7\u00f5es, n\u00e3o puderam participar da reuni\u00e3o.<\/p>\n<p>As pautas discutidas na reuni\u00e3o foram reapresentadas aos Procuradores da Fazenda Nacional para que todos os membros reforcem o engajamento pela valoriza\u00e7\u00e3o da Carreira e da Advocacia-Geral da Uni\u00e3o (AGU).<\/p>\n<p>Dentre os assuntos abordados est\u00e3o o fortalecimento da n\u00e3o realiza\u00e7\u00e3o de atividades administrativas para a estrutura\u00e7\u00e3o do \u00f3rg\u00e3o, e o movimento de paraliza\u00e7\u00e3o das execu\u00e7\u00f5es fiscais como forma de sensibilizar o governo para a necessidade de valoriza\u00e7\u00e3o imediata da Carreira.<\/p>\n<p>&nbsp;<\/p>\n\n\t\t<style type=\"text\/css\">\n\t\t\t#gallery-1 {\n\t\t\t\tmargin: auto;\n\t\t\t}\n\t\t\t#gallery-1 .gallery-item {\n\t\t\t\tfloat: left;\n\t\t\t\tmargin-top: 10px;\n\t\t\t\ttext-align: center;\n\t\t\t\twidth: 33%;\n\t\t\t}\n\t\t\t#gallery-1 img {\n\t\t\t\tborder: 2px solid #cfcfcf;\n\t\t\t}\n\t\t\t#gallery-1 .gallery-caption {\n\t\t\t\tmargin-left: 0;\n\t\t\t}\n\t\t\t\/* see gallery_shortcode() in wp-includes\/media.php *\/\n\t\t<\/style>\n\t\t<div id='gallery-1' class='gallery galleryid-2449 gallery-columns-3 gallery-size-thumbnail'><dl class='gallery-item'>\n\t\t\t<dt class='gallery-icon landscape'>\n\t\t\t\t<a href='https:\/\/sinprofaz.org.br\/2024\/wp-content\/uploads\/2015\/10\/02-36.jpg'><img loading=\"lazy\" decoding=\"async\" width=\"150\" height=\"150\" src=\"https:\/\/sinprofaz.org.br\/2024\/wp-content\/uploads\/2015\/10\/02-36-150x150.jpg\" class=\"attachment-thumbnail size-thumbnail\" alt=\"\" \/><\/a>\n\t\t\t<\/dt><\/dl><dl class='gallery-item'>\n\t\t\t<dt class='gallery-icon landscape'>\n\t\t\t\t<a href='https:\/\/sinprofaz.org.br\/2024\/wp-content\/uploads\/2015\/10\/03-20.jpg'><img loading=\"lazy\" decoding=\"async\" width=\"150\" height=\"150\" src=\"https:\/\/sinprofaz.org.br\/2024\/wp-content\/uploads\/2015\/10\/03-20-150x150.jpg\" class=\"attachment-thumbnail size-thumbnail\" alt=\"\" \/><\/a>\n\t\t\t<\/dt><\/dl><dl class='gallery-item'>\n\t\t\t<dt class='gallery-icon landscape'>\n\t\t\t\t<a href='https:\/\/sinprofaz.org.br\/2024\/wp-content\/uploads\/2015\/10\/04-9.jpg'><img loading=\"lazy\" decoding=\"async\" width=\"150\" height=\"150\" src=\"https:\/\/sinprofaz.org.br\/2024\/wp-content\/uploads\/2015\/10\/04-9-150x150.jpg\" class=\"attachment-thumbnail size-thumbnail\" alt=\"\" \/><\/a>\n\t\t\t<\/dt><\/dl><br style=\"clear: both\" \/>\n\t\t<\/div>\n\n","protected":false},"excerpt":{"rendered":"<p>Ap\u00f3s reuni\u00e3o coordenada pelo SINPROFAZ com colegas lotados na Procuradoria- Regional da Fazenda Nacional 1\u00aa Regi\u00e3o (PRFN 1), nesta quarta-feira (07), o presidente da entidade, Achilles Frias, e os diretores Arthur Guimar\u00e3es e Rodrigo Mellet circularam pelos corredores da unidade em visita aos colegas<\/p>\n","protected":false},"author":1,"featured_media":3081,"comment_status":"closed","ping_status":"open","sticky":false,"template":"","format":"standard","meta":{"footnotes":""},"categories":[8],"tags":[],"featured_image_url":"https:\/\/sinprofaz.org.br\/2024\/wp-content\/uploads\/2015\/10\/01-47-800x198.jpg","character_count":632,"formatted_date":"08\/10\/2015 - 15:16","contentNovo":"Ap\u00f3s reuni\u00e3o coordenada pelo SINPROFAZ com colegas lotados na Procuradoria- Regional da Fazenda Nacional 1\u00aa Regi\u00e3o (PRFN 1), nesta quarta-feira (07), o presidente da entidade, Achilles Frias, e os diretores Arthur Guimar\u00e3es e Rodrigo Mellet circularam pelos corredores da unidade em visita aos colegas, que no exerc\u00edcio de suas fun\u00e7\u00f5es, n\u00e3o puderam participar da reuni\u00e3o.\r\n\r\nAs pautas discutidas na reuni\u00e3o foram reapresentadas aos Procuradores da Fazenda Nacional para que todos os membros reforcem o engajamento pela valoriza\u00e7\u00e3o da Carreira e da Advocacia-Geral da Uni\u00e3o (AGU).\r\n\r\nDentre os assuntos abordados est\u00e3o o fortalecimento da n\u00e3o realiza\u00e7\u00e3o de atividades administrativas para a estrutura\u00e7\u00e3o do \u00f3rg\u00e3o, e o movimento de paraliza\u00e7\u00e3o das execu\u00e7\u00f5es fiscais como forma de sensibilizar o governo para a necessidade de valoriza\u00e7\u00e3o imediata da Carreira.\r\n\r\n&nbsp;\r\n\r\n[gallery link=\"file\" ids=\"3082,3084,3085\"]","_links":{"self":[{"href":"https:\/\/sinprofaz.org.br\/2024\/wp-json\/wp\/v2\/posts\/2449"}],"collection":[{"href":"https:\/\/sinprofaz.org.br\/2024\/wp-json\/wp\/v2\/posts"}],"about":[{"href":"https:\/\/sinprofaz.org.br\/2024\/wp-json\/wp\/v2\/types\/post"}],"author":[{"embeddable":true,"href":"https:\/\/sinprofaz.org.br\/2024\/wp-json\/wp\/v2\/users\/1"}],"replies":[{"embeddable":true,"href":"https:\/\/sinprofaz.org.br\/2024\/wp-json\/wp\/v2\/comments?post=2449"}],"version-history":[{"count":2,"href":"https:\/\/sinprofaz.org.br\/2024\/wp-json\/wp\/v2\/posts\/2449\/revisions"}],"predecessor-version":[{"id":3086,"href":"https:\/\/sinprofaz.org.br\/2024\/wp-json\/wp\/v2\/posts\/2449\/revisions\/3086"}],"wp:featuredmedia":[{"embeddable":true,"href":"https:\/\/sinprofaz.org.br\/2024\/wp-json\/wp\/v2\/media\/3081"}],"wp:attachment":[{"href":"https:\/\/sinprofaz.org.br\/2024\/wp-json\/wp\/v2\/media?parent=2449"}],"wp:term":[{"taxonomy":"category","embeddable":true,"href":"https:\/\/sinprofaz.org.br\/2024\/wp-json\/wp\/v2\/categories?post=2449"},{"taxonomy":"post_tag","embeddable":true,"href":"https:\/\/sinprofaz.org.br\/2024\/wp-json\/wp\/v2\/tags?post=2449"}],"curies":[{"name":"wp","href":"https:\/\/api.w.org\/{rel}","templated":true}]}}