{"id":2447,"date":"2015-10-08T11:57:41","date_gmt":"2015-10-08T11:57:41","guid":{"rendered":""},"modified":"2016-03-04T14:45:08","modified_gmt":"2016-03-04T14:45:08","slug":"mobilizacao-dos-membros-da-agu-reune-dezenas-de-pfns-em-frente-a-sede-do-orgao","status":"publish","type":"post","link":"https:\/\/sinprofaz.org.br\/2024\/noticias\/mobilizacao-dos-membros-da-agu-reune-dezenas-de-pfns-em-frente-a-sede-do-orgao\/","title":{"rendered":"MOBILIZA\u00c7\u00c3O DOS MEMBROS DA AGU RE\u00daNE DEZENAS DE PFNs EM FRENTE \u00c0 SEDE DO \u00d3RG\u00c3O"},"content":{"rendered":"<p>O Procuradores da Fazenda Nacional e demais carreiras da Advocacia-Geral da Uni\u00e3o (AGU) se reuniram na manh\u00e3 desta quarta-feira (07), em frente ao edif\u00edcio sede da AGU, em Bras\u00edlia. O SINPROFAZ e centenas de membros da AGU pediram a extin\u00e7\u00e3o de 1500 cargos em comiss\u00e3o na institui\u00e7\u00e3o.<\/p>\n<p>Com essa a\u00e7\u00e3o, as carreiras pretendem gerar uma economia de RS 100 milh\u00f5es por ano aos cofres p\u00fablicos. &#8220;Vamos lutar pela extin\u00e7\u00e3o dos DAS. A entrega de cargos tem que acontecer na pr\u00e1tica. Queremos mudar a postura e a mentalidade na nossa institui\u00e7\u00e3o&#8221;, frisou o presidente do SINPROFAZ.<\/p>\n<p>&#8220;N\u00f3s, como fun\u00e7\u00e3o essencial \u00e0 Justi\u00e7a, n\u00e3o seremos respeitados se tivermos posturas ligadas aos DAS&#8221;, completou Achilles Frias.<\/p>\n<p>&nbsp;<\/p>\n\n\t\t<style type=\"text\/css\">\n\t\t\t#gallery-1 {\n\t\t\t\tmargin: auto;\n\t\t\t}\n\t\t\t#gallery-1 .gallery-item {\n\t\t\t\tfloat: left;\n\t\t\t\tmargin-top: 10px;\n\t\t\t\ttext-align: center;\n\t\t\t\twidth: 33%;\n\t\t\t}\n\t\t\t#gallery-1 img {\n\t\t\t\tborder: 2px solid #cfcfcf;\n\t\t\t}\n\t\t\t#gallery-1 .gallery-caption {\n\t\t\t\tmargin-left: 0;\n\t\t\t}\n\t\t\t\/* see gallery_shortcode() in wp-includes\/media.php *\/\n\t\t<\/style>\n\t\t<div id='gallery-1' class='gallery galleryid-2447 gallery-columns-3 gallery-size-thumbnail'><dl class='gallery-item'>\n\t\t\t<dt class='gallery-icon landscape'>\n\t\t\t\t<a href='https:\/\/sinprofaz.org.br\/2024\/wp-content\/uploads\/2015\/10\/02-37.jpg'><img loading=\"lazy\" decoding=\"async\" width=\"150\" height=\"150\" src=\"https:\/\/sinprofaz.org.br\/2024\/wp-content\/uploads\/2015\/10\/02-37-150x150.jpg\" class=\"attachment-thumbnail size-thumbnail\" alt=\"\" \/><\/a>\n\t\t\t<\/dt><\/dl><dl class='gallery-item'>\n\t\t\t<dt class='gallery-icon landscape'>\n\t\t\t\t<a href='https:\/\/sinprofaz.org.br\/2024\/wp-content\/uploads\/2015\/10\/03-21.jpg'><img loading=\"lazy\" decoding=\"async\" width=\"150\" height=\"150\" src=\"https:\/\/sinprofaz.org.br\/2024\/wp-content\/uploads\/2015\/10\/03-21-150x150.jpg\" class=\"attachment-thumbnail size-thumbnail\" alt=\"\" \/><\/a>\n\t\t\t<\/dt><\/dl>\n\t\t\t<br style='clear: both' \/>\n\t\t<\/div>\n\n","protected":false},"excerpt":{"rendered":"<p>O Procuradores da Fazenda Nacional e demais carreiras da Advocacia-Geral da Uni\u00e3o (AGU) se reuniram na manh\u00e3 desta quarta-feira (07), em frente ao edif\u00edcio sede da AGU, em Bras\u00edlia. O SINPROFAZ e centenas de membros da AGU pediram a extin\u00e7\u00e3o de 1500 cargos em comiss\u00e3o na institui\u00e7\u00e3o.<\/p>\n","protected":false},"author":1,"featured_media":3091,"comment_status":"closed","ping_status":"open","sticky":false,"template":"","format":"standard","meta":{"footnotes":""},"categories":[8],"tags":[],"featured_image_url":"https:\/\/sinprofaz.org.br\/2024\/wp-content\/uploads\/2015\/10\/01-48-800x198.jpg","character_count":563,"formatted_date":"08\/10\/2015 - 11:57","contentNovo":"O Procuradores da Fazenda Nacional e demais carreiras da Advocacia-Geral da Uni\u00e3o (AGU) se reuniram na manh\u00e3 desta quarta-feira (07), em frente ao edif\u00edcio sede da AGU, em Bras\u00edlia. O SINPROFAZ e centenas de membros da AGU pediram a extin\u00e7\u00e3o de 1500 cargos em comiss\u00e3o na institui\u00e7\u00e3o.\r\n\r\nCom essa a\u00e7\u00e3o, as carreiras pretendem gerar uma economia de RS 100 milh\u00f5es por ano aos cofres p\u00fablicos. \"Vamos lutar pela extin\u00e7\u00e3o dos DAS. A entrega de cargos tem que acontecer na pr\u00e1tica. Queremos mudar a postura e a mentalidade na nossa institui\u00e7\u00e3o\", frisou o presidente do SINPROFAZ.\r\n\r\n\"N\u00f3s, como fun\u00e7\u00e3o essencial \u00e0 Justi\u00e7a, n\u00e3o seremos respeitados se tivermos posturas ligadas aos DAS\", completou Achilles Frias.\r\n\r\n&nbsp;\r\n\r\n[gallery link=\"file\" ids=\"3092,3093\"]","_links":{"self":[{"href":"https:\/\/sinprofaz.org.br\/2024\/wp-json\/wp\/v2\/posts\/2447"}],"collection":[{"href":"https:\/\/sinprofaz.org.br\/2024\/wp-json\/wp\/v2\/posts"}],"about":[{"href":"https:\/\/sinprofaz.org.br\/2024\/wp-json\/wp\/v2\/types\/post"}],"author":[{"embeddable":true,"href":"https:\/\/sinprofaz.org.br\/2024\/wp-json\/wp\/v2\/users\/1"}],"replies":[{"embeddable":true,"href":"https:\/\/sinprofaz.org.br\/2024\/wp-json\/wp\/v2\/comments?post=2447"}],"version-history":[{"count":2,"href":"https:\/\/sinprofaz.org.br\/2024\/wp-json\/wp\/v2\/posts\/2447\/revisions"}],"predecessor-version":[{"id":3095,"href":"https:\/\/sinprofaz.org.br\/2024\/wp-json\/wp\/v2\/posts\/2447\/revisions\/3095"}],"wp:featuredmedia":[{"embeddable":true,"href":"https:\/\/sinprofaz.org.br\/2024\/wp-json\/wp\/v2\/media\/3091"}],"wp:attachment":[{"href":"https:\/\/sinprofaz.org.br\/2024\/wp-json\/wp\/v2\/media?parent=2447"}],"wp:term":[{"taxonomy":"category","embeddable":true,"href":"https:\/\/sinprofaz.org.br\/2024\/wp-json\/wp\/v2\/categories?post=2447"},{"taxonomy":"post_tag","embeddable":true,"href":"https:\/\/sinprofaz.org.br\/2024\/wp-json\/wp\/v2\/tags?post=2447"}],"curies":[{"name":"wp","href":"https:\/\/api.w.org\/{rel}","templated":true}]}}