{"id":2445,"date":"2015-10-06T12:00:26","date_gmt":"2015-10-06T12:00:26","guid":{"rendered":""},"modified":"2016-03-11T12:23:10","modified_gmt":"2016-03-11T12:23:10","slug":"site-congresso-em-foco-destaca-sinprofaz-em-entrega-de-trofeus-aos-parlamentares-premiados","status":"publish","type":"post","link":"https:\/\/sinprofaz.org.br\/2024\/noticias\/site-congresso-em-foco-destaca-sinprofaz-em-entrega-de-trofeus-aos-parlamentares-premiados\/","title":{"rendered":"SITE CONGRESSO EM FOCO DESTACA SINPROFAZ EM ENTREGA DE TROF\u00c9US AOS PARLAMENTARES PREMIADOS"},"content":{"rendered":"<p>O Sindicato Nacional dos Procuradores da Fazenda Nacional, representado pelo presidente Achilles Frias, entregar\u00e1 trof\u00e9us aos parlamentares vencedores do Pr\u00eamio Congresso em Foco, na categoria \u201cDefesa da cidadania e da justi\u00e7a social\u201d. Os congressistas mais votados ser\u00e3o anunciados na cerim\u00f4nia de premia\u00e7\u00e3o, na pr\u00f3xima quinta-feira (8), em Bras\u00edlia.<\/p>\n<p>Em mat\u00e9ria publicada no site Congresso em Foco, o ve\u00edculo frisou a avalia\u00e7\u00e3o do presidente do SINPROFAZ sobre o sistema tribut\u00e1rio brasileiro e \u00e0 respeito da educa\u00e7\u00e3o fiscal, exemplificada pelas a\u00e7\u00f5es do Soneg\u00f4metro.<\/p>\n<p>Para Achilles, o sistema tribut\u00e1rio brasileiro prejudica os contribuintes com menor renda. \u201cTemos um sistema tribut\u00e1rio no Brasil muito agressivo com o pobre e a classe m\u00e9dia. Ent\u00e3o \u00e9 uma quest\u00e3o de educa\u00e7\u00e3o fiscal, de cidadania e de justi\u00e7a social tamb\u00e9m porque hoje a gente tem \u2013 via tributa\u00e7\u00e3o \u2013 uma situa\u00e7\u00e3o de injusti\u00e7a social gritante\u201d, explicou em entrevista ao ve\u00edculo.<\/p>\n<p>Leia a \u00edntegra da mat\u00e9ria <a href=\"http:\/\/congressoemfoco.uol.com.br\/noticias\/premio-vai-homenagear-defensores-da-cidadania\/\" target=\"_blank\">aqui<\/a>.<\/p>\n","protected":false},"excerpt":{"rendered":"<p>O Sindicato Nacional dos Procuradores da Fazenda Nacional, representado pelo presidente Achilles Frias, entregar\u00e1 trof\u00e9us aos parlamentares vencedores do Pr\u00eamio Congresso em Foco, na categoria \u201cDefesa da cidadania e da justi\u00e7a social\u201d.<\/p>\n","protected":false},"author":1,"featured_media":3189,"comment_status":"closed","ping_status":"open","sticky":false,"template":"","format":"standard","meta":{"footnotes":""},"categories":[8],"tags":[],"featured_image_url":"https:\/\/sinprofaz.org.br\/2024\/wp-content\/uploads\/2015\/10\/logo-congresso-em-foco.jpg","character_count":515,"formatted_date":"06\/10\/2015 - 12:00","contentNovo":"O Sindicato Nacional dos Procuradores da Fazenda Nacional, representado pelo presidente Achilles Frias, entregar\u00e1 trof\u00e9us aos parlamentares vencedores do Pr\u00eamio Congresso em Foco, na categoria \u201cDefesa da cidadania e da justi\u00e7a social\u201d. Os congressistas mais votados ser\u00e3o anunciados na cerim\u00f4nia de premia\u00e7\u00e3o, na pr\u00f3xima quinta-feira (8), em Bras\u00edlia.\r\n\r\nEm mat\u00e9ria publicada no site Congresso em Foco, o ve\u00edculo frisou a avalia\u00e7\u00e3o do presidente do SINPROFAZ sobre o sistema tribut\u00e1rio brasileiro e \u00e0 respeito da educa\u00e7\u00e3o fiscal, exemplificada pelas a\u00e7\u00f5es do Soneg\u00f4metro.\r\n\r\nPara Achilles, o sistema tribut\u00e1rio brasileiro prejudica os contribuintes com menor renda. \u201cTemos um sistema tribut\u00e1rio no Brasil muito agressivo com o pobre e a classe m\u00e9dia. Ent\u00e3o \u00e9 uma quest\u00e3o de educa\u00e7\u00e3o fiscal, de cidadania e de justi\u00e7a social tamb\u00e9m porque hoje a gente tem \u2013 via tributa\u00e7\u00e3o \u2013 uma situa\u00e7\u00e3o de injusti\u00e7a social gritante\u201d, explicou em entrevista ao ve\u00edculo.\r\n\r\nLeia a \u00edntegra da mat\u00e9ria <a href=\"http:\/\/congressoemfoco.uol.com.br\/noticias\/premio-vai-homenagear-defensores-da-cidadania\/\" target=\"_blank\">aqui<\/a>.","_links":{"self":[{"href":"https:\/\/sinprofaz.org.br\/2024\/wp-json\/wp\/v2\/posts\/2445"}],"collection":[{"href":"https:\/\/sinprofaz.org.br\/2024\/wp-json\/wp\/v2\/posts"}],"about":[{"href":"https:\/\/sinprofaz.org.br\/2024\/wp-json\/wp\/v2\/types\/post"}],"author":[{"embeddable":true,"href":"https:\/\/sinprofaz.org.br\/2024\/wp-json\/wp\/v2\/users\/1"}],"replies":[{"embeddable":true,"href":"https:\/\/sinprofaz.org.br\/2024\/wp-json\/wp\/v2\/comments?post=2445"}],"version-history":[{"count":1,"href":"https:\/\/sinprofaz.org.br\/2024\/wp-json\/wp\/v2\/posts\/2445\/revisions"}],"predecessor-version":[{"id":3190,"href":"https:\/\/sinprofaz.org.br\/2024\/wp-json\/wp\/v2\/posts\/2445\/revisions\/3190"}],"wp:featuredmedia":[{"embeddable":true,"href":"https:\/\/sinprofaz.org.br\/2024\/wp-json\/wp\/v2\/media\/3189"}],"wp:attachment":[{"href":"https:\/\/sinprofaz.org.br\/2024\/wp-json\/wp\/v2\/media?parent=2445"}],"wp:term":[{"taxonomy":"category","embeddable":true,"href":"https:\/\/sinprofaz.org.br\/2024\/wp-json\/wp\/v2\/categories?post=2445"},{"taxonomy":"post_tag","embeddable":true,"href":"https:\/\/sinprofaz.org.br\/2024\/wp-json\/wp\/v2\/tags?post=2445"}],"curies":[{"name":"wp","href":"https:\/\/api.w.org\/{rel}","templated":true}]}}