{"id":2440,"date":"2015-10-01T12:35:03","date_gmt":"2015-10-01T12:35:03","guid":{"rendered":""},"modified":"2016-03-11T12:37:26","modified_gmt":"2016-03-11T12:37:26","slug":"diretor-do-sinprofaz-aposta-na-mobilizacao-da-carreira-para-a-votacao-da-443","status":"publish","type":"post","link":"https:\/\/sinprofaz.org.br\/2024\/noticias\/diretor-do-sinprofaz-aposta-na-mobilizacao-da-carreira-para-a-votacao-da-443\/","title":{"rendered":"DIRETOR DO SINPROFAZ APOSTA NA MOBILIZA\u00c7\u00c3O DA CARREIRA PARA A VOTA\u00c7\u00c3O DA 443"},"content":{"rendered":"<p><iframe loading=\"lazy\" style=\"float: left; margin-right: 10px;\" src=\"http:\/\/www.youtube.com\/embed\/VYwyTTpBFkE?autohide=2&amp;autoplay=0&amp;controls=0&amp;disablekb=0&amp;fs=0&amp;hd=0&amp;loop=0&amp;rel=0&amp;showinfo=0&amp;showsearch=0&amp;wmode=transparent&amp;enablejsapi=1\" width=\"218\" height=\"157\"><\/iframe>Em entrevista \u00e0 TV SINPROFAZ, o diretor da entidade, Rodrigo Mellet, acredita que a tend\u00eancia da mobiliza\u00e7\u00e3o da Carreira \u00e9 o fortalecimento cont\u00ednuo.<\/p>\n<p>\u201cCom a atua\u00e7\u00e3o do movimento, um cen\u00e1rio vai se desenhando em torno da vota\u00e7\u00e3o, em segundo turno, da PEC 443. Al\u00e9m disso, a entrega de cargos vai chegar em um momento de ajuizamento individuais. Intensificamos nossa mobiliza\u00e7\u00e3o junto aos parlamenteares para tentar votar o segundo turno\u201d, pontuou Mellet.<\/p>\n<p>O diretor do SINPROFAZ acredita ainda que a primeira Assembleia Geral Extraordin\u00e1ria da gest\u00e3o 2015\/17, contribuiu para esse fortalecimento da entrega de cargos.<\/p>\n","protected":false},"excerpt":{"rendered":"<p>Em entrevista \u00e0 TV SINPROFAZ, o diretor da entidade, Rodrigo Mellet, acredita que a tend\u00eancia da mobiliza\u00e7\u00e3o da Carreira \u00e9 o fortalecimento cont\u00ednuo.<\/p>\n","protected":false},"author":1,"featured_media":3197,"comment_status":"closed","ping_status":"open","sticky":false,"template":"","format":"standard","meta":{"footnotes":""},"categories":[8],"tags":[],"featured_image_url":"https:\/\/sinprofaz.org.br\/2024\/wp-content\/uploads\/2015\/10\/mini-01-4.jpg","character_count":318,"formatted_date":"01\/10\/2015 - 12:35","contentNovo":"Em entrevista \u00e0 TV SINPROFAZ, o diretor da entidade, Rodrigo Mellet, acredita que a tend\u00eancia da mobiliza\u00e7\u00e3o da Carreira \u00e9 o fortalecimento cont\u00ednuo.\r\n\r\n\u201cCom a atua\u00e7\u00e3o do movimento, um cen\u00e1rio vai se desenhando em torno da vota\u00e7\u00e3o, em segundo turno, da PEC 443. Al\u00e9m disso, a entrega de cargos vai chegar em um momento de ajuizamento individuais. Intensificamos nossa mobiliza\u00e7\u00e3o junto aos parlamenteares para tentar votar o segundo turno\u201d, pontuou Mellet.\r\n\r\nO diretor do SINPROFAZ acredita ainda que a primeira Assembleia Geral Extraordin\u00e1ria da gest\u00e3o 2015\/17, contribuiu para esse fortalecimento da entrega de cargos.","_links":{"self":[{"href":"https:\/\/sinprofaz.org.br\/2024\/wp-json\/wp\/v2\/posts\/2440"}],"collection":[{"href":"https:\/\/sinprofaz.org.br\/2024\/wp-json\/wp\/v2\/posts"}],"about":[{"href":"https:\/\/sinprofaz.org.br\/2024\/wp-json\/wp\/v2\/types\/post"}],"author":[{"embeddable":true,"href":"https:\/\/sinprofaz.org.br\/2024\/wp-json\/wp\/v2\/users\/1"}],"replies":[{"embeddable":true,"href":"https:\/\/sinprofaz.org.br\/2024\/wp-json\/wp\/v2\/comments?post=2440"}],"version-history":[{"count":1,"href":"https:\/\/sinprofaz.org.br\/2024\/wp-json\/wp\/v2\/posts\/2440\/revisions"}],"predecessor-version":[{"id":3198,"href":"https:\/\/sinprofaz.org.br\/2024\/wp-json\/wp\/v2\/posts\/2440\/revisions\/3198"}],"wp:featuredmedia":[{"embeddable":true,"href":"https:\/\/sinprofaz.org.br\/2024\/wp-json\/wp\/v2\/media\/3197"}],"wp:attachment":[{"href":"https:\/\/sinprofaz.org.br\/2024\/wp-json\/wp\/v2\/media?parent=2440"}],"wp:term":[{"taxonomy":"category","embeddable":true,"href":"https:\/\/sinprofaz.org.br\/2024\/wp-json\/wp\/v2\/categories?post=2440"},{"taxonomy":"post_tag","embeddable":true,"href":"https:\/\/sinprofaz.org.br\/2024\/wp-json\/wp\/v2\/tags?post=2440"}],"curies":[{"name":"wp","href":"https:\/\/api.w.org\/{rel}","templated":true}]}}