{"id":2432,"date":"2015-09-25T20:55:09","date_gmt":"2015-09-25T20:55:09","guid":{"rendered":""},"modified":"2016-03-11T13:09:51","modified_gmt":"2016-03-11T13:09:51","slug":"age-2015-e-a-maior-assembleia-da-historia-do-sinprofaz","status":"publish","type":"post","link":"https:\/\/sinprofaz.org.br\/2024\/noticias\/age-2015-e-a-maior-assembleia-da-historia-do-sinprofaz\/","title":{"rendered":"AGE 2015 \u00c9 A MAIOR ASSEMBLEIA DA HIST\u00d3RIA DO SINPROFAZ"},"content":{"rendered":"<p>Em cumprimento ao compromisso de campanha da Diretoria Bi\u00eanio 2015\/2017, o SINPROFAZ realizou, nesta quinta-feira (24), no Hotel Comfort Suites, em Bras\u00edlia, a primeira Assembleia Geral Extraordin\u00e1ria (AGE).<\/p>\n<p>Conforme estabelecido no compromisso n\u00ba1, a Diretoria submeteu o norte do mandato \u00e0 uma AGE com pauta participativa oriunda da base, definindo os rumos a serem seguidos. Ou seja, todos os temas tratados foram debatidos e constru\u00eddos pela maioria da Carreira.<\/p>\n<p>Para o presidente do SINPROFAZ, Achilles Frias, a AGE foi muito importante para firmar o compromisso de campanha. \u201cO esp\u00edrito democr\u00e1tico dessa Assembleia permitiu que colegas de todo Brasil propusessem temas para constar na procura\u00e7\u00e3o. Esse documento foi feito com base nessa pauta participativa, sem censura alguma por parte da Diretoria\u201d, explicou Frias.<\/p>\n<p>A pauta democr\u00e1tica contou com a maior participa\u00e7\u00e3o dos filiados, delegados sindicais e lideran\u00e7as. Em n\u00famero de participantes, foi a maior Assembleia do Sindicato.<\/p>\n<p><b>Principais itens aprovados<\/b><\/p>\n<p>Dentre os itens mais relevantes aprovados, que demonstram o n\u00edvel de mobiliza\u00e7\u00e3o da carreira, est\u00e3o a divis\u00e3o igualit\u00e1ria dos honor\u00e1rios entre todas as carreiras da AGU, a extin\u00e7\u00e3o dos cargos de Dire\u00e7\u00e3o e Assessoramento Superior (DAS) e o fim da vincula\u00e7\u00e3o ao Minist\u00e9rio da Fazenda.<\/p>\n<p>A aprova\u00e7\u00e3o de outros dois componentes foram de fundamental import\u00e2ncia pela rela\u00e7\u00e3o direta com fim dos cargos de DAS. A primeira foi implantar, no \u00e2mbito da PGFN, elei\u00e7\u00e3o para cargos de chefia dentre os membros da Unidade, com mandato de 2 (dois) anos, permitida uma \u00fanica recondu\u00e7\u00e3o.<\/p>\n<p>J\u00e1 a segunda foi a elei\u00e7\u00e3o para participa\u00e7\u00e3o em Conselhos de empresas estatais dentre os membros da Carreira, com mandato de 2 (dois) anos, permitida uma \u00fanica recondu\u00e7\u00e3o.<\/p>\n<p>O surgimento de uma nova AGU, por meio do movimento de entrega de cargos, da mobiliza\u00e7\u00e3o no Congresso Nacional e da realiza\u00e7\u00e3o de fun\u00e7\u00f5es n\u00e3o administrativas, foi refor\u00e7ado durante a reuni\u00e3o.<\/p>\n<p>\u201cTivemos a oportunidade de discutir temas sens\u00edveis \u00e0 Carreira, tra\u00e7ando novas estrat\u00e9gias de condu\u00e7\u00e3o do movimento\u201d, refor\u00e7ou o presidente do SINPROFAZ.<\/p>\n<p>&nbsp;<\/p>\n\n\t\t<style type=\"text\/css\">\n\t\t\t#gallery-1 {\n\t\t\t\tmargin: auto;\n\t\t\t}\n\t\t\t#gallery-1 .gallery-item {\n\t\t\t\tfloat: left;\n\t\t\t\tmargin-top: 10px;\n\t\t\t\ttext-align: center;\n\t\t\t\twidth: 33%;\n\t\t\t}\n\t\t\t#gallery-1 img {\n\t\t\t\tborder: 2px solid #cfcfcf;\n\t\t\t}\n\t\t\t#gallery-1 .gallery-caption {\n\t\t\t\tmargin-left: 0;\n\t\t\t}\n\t\t\t\/* see gallery_shortcode() in wp-includes\/media.php *\/\n\t\t<\/style>\n\t\t<div id='gallery-1' class='gallery galleryid-2432 gallery-columns-3 gallery-size-thumbnail'><dl class='gallery-item'>\n\t\t\t<dt class='gallery-icon landscape'>\n\t\t\t\t<a href='https:\/\/sinprofaz.org.br\/2024\/wp-content\/uploads\/2015\/09\/02-42.jpg'><img loading=\"lazy\" decoding=\"async\" width=\"150\" height=\"150\" src=\"https:\/\/sinprofaz.org.br\/2024\/wp-content\/uploads\/2015\/09\/02-42-150x150.jpg\" class=\"attachment-thumbnail size-thumbnail\" alt=\"\" \/><\/a>\n\t\t\t<\/dt><\/dl><dl class='gallery-item'>\n\t\t\t<dt class='gallery-icon landscape'>\n\t\t\t\t<a href='https:\/\/sinprofaz.org.br\/2024\/wp-content\/uploads\/2015\/09\/03-25.jpg'><img loading=\"lazy\" decoding=\"async\" width=\"150\" height=\"150\" src=\"https:\/\/sinprofaz.org.br\/2024\/wp-content\/uploads\/2015\/09\/03-25-150x150.jpg\" class=\"attachment-thumbnail size-thumbnail\" alt=\"\" \/><\/a>\n\t\t\t<\/dt><\/dl><dl class='gallery-item'>\n\t\t\t<dt class='gallery-icon landscape'>\n\t\t\t\t<a href='https:\/\/sinprofaz.org.br\/2024\/wp-content\/uploads\/2015\/09\/04-12.jpg'><img loading=\"lazy\" decoding=\"async\" width=\"150\" height=\"150\" src=\"https:\/\/sinprofaz.org.br\/2024\/wp-content\/uploads\/2015\/09\/04-12-150x150.jpg\" class=\"attachment-thumbnail size-thumbnail\" alt=\"\" \/><\/a>\n\t\t\t<\/dt><\/dl><br style=\"clear: both\" \/><dl class='gallery-item'>\n\t\t\t<dt class='gallery-icon landscape'>\n\t\t\t\t<a href='https:\/\/sinprofaz.org.br\/2024\/wp-content\/uploads\/2015\/09\/05-8.jpg'><img loading=\"lazy\" decoding=\"async\" width=\"150\" height=\"150\" src=\"https:\/\/sinprofaz.org.br\/2024\/wp-content\/uploads\/2015\/09\/05-8-150x150.jpg\" class=\"attachment-thumbnail size-thumbnail\" alt=\"\" \/><\/a>\n\t\t\t<\/dt><\/dl><dl class='gallery-item'>\n\t\t\t<dt class='gallery-icon landscape'>\n\t\t\t\t<a href='https:\/\/sinprofaz.org.br\/2024\/wp-content\/uploads\/2015\/09\/06-5.jpg'><img loading=\"lazy\" decoding=\"async\" width=\"150\" height=\"150\" src=\"https:\/\/sinprofaz.org.br\/2024\/wp-content\/uploads\/2015\/09\/06-5-150x150.jpg\" class=\"attachment-thumbnail size-thumbnail\" alt=\"\" \/><\/a>\n\t\t\t<\/dt><\/dl><dl class='gallery-item'>\n\t\t\t<dt class='gallery-icon landscape'>\n\t\t\t\t<a href='https:\/\/sinprofaz.org.br\/2024\/wp-content\/uploads\/2015\/09\/07-5.jpg'><img loading=\"lazy\" decoding=\"async\" width=\"150\" height=\"150\" src=\"https:\/\/sinprofaz.org.br\/2024\/wp-content\/uploads\/2015\/09\/07-5-150x150.jpg\" class=\"attachment-thumbnail size-thumbnail\" alt=\"\" \/><\/a>\n\t\t\t<\/dt><\/dl><br style=\"clear: both\" \/><dl class='gallery-item'>\n\t\t\t<dt class='gallery-icon landscape'>\n\t\t\t\t<a href='https:\/\/sinprofaz.org.br\/2024\/wp-content\/uploads\/2015\/09\/08-4.jpg'><img loading=\"lazy\" decoding=\"async\" width=\"150\" height=\"150\" src=\"https:\/\/sinprofaz.org.br\/2024\/wp-content\/uploads\/2015\/09\/08-4-150x150.jpg\" class=\"attachment-thumbnail size-thumbnail\" alt=\"\" \/><\/a>\n\t\t\t<\/dt><\/dl><dl class='gallery-item'>\n\t\t\t<dt class='gallery-icon landscape'>\n\t\t\t\t<a href='https:\/\/sinprofaz.org.br\/2024\/wp-content\/uploads\/2015\/09\/09-2.jpg'><img loading=\"lazy\" decoding=\"async\" width=\"150\" height=\"150\" src=\"https:\/\/sinprofaz.org.br\/2024\/wp-content\/uploads\/2015\/09\/09-2-150x150.jpg\" class=\"attachment-thumbnail size-thumbnail\" alt=\"\" \/><\/a>\n\t\t\t<\/dt><\/dl><dl class='gallery-item'>\n\t\t\t<dt class='gallery-icon landscape'>\n\t\t\t\t<a href='https:\/\/sinprofaz.org.br\/2024\/wp-content\/uploads\/2015\/09\/10-2.jpg'><img loading=\"lazy\" decoding=\"async\" width=\"150\" height=\"150\" src=\"https:\/\/sinprofaz.org.br\/2024\/wp-content\/uploads\/2015\/09\/10-2-150x150.jpg\" class=\"attachment-thumbnail size-thumbnail\" alt=\"\" \/><\/a>\n\t\t\t<\/dt><\/dl><br style=\"clear: both\" \/><dl class='gallery-item'>\n\t\t\t<dt class='gallery-icon landscape'>\n\t\t\t\t<a href='https:\/\/sinprofaz.org.br\/2024\/wp-content\/uploads\/2015\/09\/11-1.jpg'><img loading=\"lazy\" decoding=\"async\" width=\"150\" height=\"150\" src=\"https:\/\/sinprofaz.org.br\/2024\/wp-content\/uploads\/2015\/09\/11-1-150x150.jpg\" class=\"attachment-thumbnail size-thumbnail\" alt=\"\" \/><\/a>\n\t\t\t<\/dt><\/dl><dl class='gallery-item'>\n\t\t\t<dt class='gallery-icon landscape'>\n\t\t\t\t<a href='https:\/\/sinprofaz.org.br\/2024\/wp-content\/uploads\/2015\/09\/12-1.jpg'><img loading=\"lazy\" decoding=\"async\" width=\"150\" height=\"150\" src=\"https:\/\/sinprofaz.org.br\/2024\/wp-content\/uploads\/2015\/09\/12-1-150x150.jpg\" class=\"attachment-thumbnail size-thumbnail\" alt=\"\" \/><\/a>\n\t\t\t<\/dt><\/dl><dl class='gallery-item'>\n\t\t\t<dt class='gallery-icon landscape'>\n\t\t\t\t<a href='https:\/\/sinprofaz.org.br\/2024\/wp-content\/uploads\/2015\/09\/13-1.jpg'><img loading=\"lazy\" decoding=\"async\" width=\"150\" height=\"150\" src=\"https:\/\/sinprofaz.org.br\/2024\/wp-content\/uploads\/2015\/09\/13-1-150x150.jpg\" class=\"attachment-thumbnail size-thumbnail\" alt=\"\" \/><\/a>\n\t\t\t<\/dt><\/dl><br style=\"clear: both\" \/><dl class='gallery-item'>\n\t\t\t<dt class='gallery-icon landscape'>\n\t\t\t\t<a href='https:\/\/sinprofaz.org.br\/2024\/wp-content\/uploads\/2015\/09\/14.jpg'><img loading=\"lazy\" decoding=\"async\" width=\"150\" height=\"150\" src=\"https:\/\/sinprofaz.org.br\/2024\/wp-content\/uploads\/2015\/09\/14-150x150.jpg\" class=\"attachment-thumbnail size-thumbnail\" alt=\"\" \/><\/a>\n\t\t\t<\/dt><\/dl><dl class='gallery-item'>\n\t\t\t<dt class='gallery-icon landscape'>\n\t\t\t\t<a href='https:\/\/sinprofaz.org.br\/2024\/wp-content\/uploads\/2015\/09\/15.jpg'><img loading=\"lazy\" decoding=\"async\" width=\"150\" height=\"150\" src=\"https:\/\/sinprofaz.org.br\/2024\/wp-content\/uploads\/2015\/09\/15-150x150.jpg\" class=\"attachment-thumbnail size-thumbnail\" alt=\"\" \/><\/a>\n\t\t\t<\/dt><\/dl><dl class='gallery-item'>\n\t\t\t<dt class='gallery-icon landscape'>\n\t\t\t\t<a href='https:\/\/sinprofaz.org.br\/2024\/wp-content\/uploads\/2015\/09\/16.jpg'><img loading=\"lazy\" decoding=\"async\" width=\"150\" height=\"150\" src=\"https:\/\/sinprofaz.org.br\/2024\/wp-content\/uploads\/2015\/09\/16-150x150.jpg\" class=\"attachment-thumbnail size-thumbnail\" alt=\"\" \/><\/a>\n\t\t\t<\/dt><\/dl><br style=\"clear: both\" \/>\n\t\t<\/div>\n\n","protected":false},"excerpt":{"rendered":"<p>Em cumprimento ao compromisso de campanha da Diretoria Bi\u00eanio 2015\/2017, o SINPROFAZ realizou, nesta quinta-feira (24), no Hotel Comfort Suites, em Bras\u00edlia, a primeira Assembleia Geral Extraordin\u00e1ria (AGE).<\/p>\n","protected":false},"author":1,"featured_media":3227,"comment_status":"closed","ping_status":"open","sticky":false,"template":"","format":"standard","meta":{"footnotes":""},"categories":[8],"tags":[],"featured_image_url":"https:\/\/sinprofaz.org.br\/2024\/wp-content\/uploads\/2015\/09\/01-54-785x198.jpg","character_count":1359,"formatted_date":"25\/09\/2015 - 20:55","contentNovo":"Em cumprimento ao compromisso de campanha da Diretoria Bi\u00eanio 2015\/2017, o SINPROFAZ realizou, nesta quinta-feira (24), no Hotel Comfort Suites, em Bras\u00edlia, a primeira Assembleia Geral Extraordin\u00e1ria (AGE).\r\n\r\nConforme estabelecido no compromisso n\u00ba1, a Diretoria submeteu o norte do mandato \u00e0 uma AGE com pauta participativa oriunda da base, definindo os rumos a serem seguidos. Ou seja, todos os temas tratados foram debatidos e constru\u00eddos pela maioria da Carreira.\r\n\r\nPara o presidente do SINPROFAZ, Achilles Frias, a AGE foi muito importante para firmar o compromisso de campanha. \u201cO esp\u00edrito democr\u00e1tico dessa Assembleia permitiu que colegas de todo Brasil propusessem temas para constar na procura\u00e7\u00e3o. Esse documento foi feito com base nessa pauta participativa, sem censura alguma por parte da Diretoria\u201d, explicou Frias.\r\n\r\nA pauta democr\u00e1tica contou com a maior participa\u00e7\u00e3o dos filiados, delegados sindicais e lideran\u00e7as. Em n\u00famero de participantes, foi a maior Assembleia do Sindicato.\r\n\r\nPrincipais itens aprovados\r\n\r\nDentre os itens mais relevantes aprovados, que demonstram o n\u00edvel de mobiliza\u00e7\u00e3o da carreira, est\u00e3o a divis\u00e3o igualit\u00e1ria dos honor\u00e1rios entre todas as carreiras da AGU, a extin\u00e7\u00e3o dos cargos de Dire\u00e7\u00e3o e Assessoramento Superior (DAS) e o fim da vincula\u00e7\u00e3o ao Minist\u00e9rio da Fazenda.\r\n\r\nA aprova\u00e7\u00e3o de outros dois componentes foram de fundamental import\u00e2ncia pela rela\u00e7\u00e3o direta com fim dos cargos de DAS. A primeira foi implantar, no \u00e2mbito da PGFN, elei\u00e7\u00e3o para cargos de chefia dentre os membros da Unidade, com mandato de 2 (dois) anos, permitida uma \u00fanica recondu\u00e7\u00e3o.\r\n\r\nJ\u00e1 a segunda foi a elei\u00e7\u00e3o para participa\u00e7\u00e3o em Conselhos de empresas estatais dentre os membros da Carreira, com mandato de 2 (dois) anos, permitida uma \u00fanica recondu\u00e7\u00e3o.\r\n\r\nO surgimento de uma nova AGU, por meio do movimento de entrega de cargos, da mobiliza\u00e7\u00e3o no Congresso Nacional e da realiza\u00e7\u00e3o de fun\u00e7\u00f5es n\u00e3o administrativas, foi refor\u00e7ado durante a reuni\u00e3o.\r\n\r\n\u201cTivemos a oportunidade de discutir temas sens\u00edveis \u00e0 Carreira, tra\u00e7ando novas estrat\u00e9gias de condu\u00e7\u00e3o do movimento\u201d, refor\u00e7ou o presidente do SINPROFAZ.\r\n\r\n&nbsp;\r\n\r\n[gallery link=\"file\" ids=\"3229,3230,3231,3232,3233,3234,3235,3236,3237,3238,3239,3240,3241,3242,3243\"]","_links":{"self":[{"href":"https:\/\/sinprofaz.org.br\/2024\/wp-json\/wp\/v2\/posts\/2432"}],"collection":[{"href":"https:\/\/sinprofaz.org.br\/2024\/wp-json\/wp\/v2\/posts"}],"about":[{"href":"https:\/\/sinprofaz.org.br\/2024\/wp-json\/wp\/v2\/types\/post"}],"author":[{"embeddable":true,"href":"https:\/\/sinprofaz.org.br\/2024\/wp-json\/wp\/v2\/users\/1"}],"replies":[{"embeddable":true,"href":"https:\/\/sinprofaz.org.br\/2024\/wp-json\/wp\/v2\/comments?post=2432"}],"version-history":[{"count":2,"href":"https:\/\/sinprofaz.org.br\/2024\/wp-json\/wp\/v2\/posts\/2432\/revisions"}],"predecessor-version":[{"id":3244,"href":"https:\/\/sinprofaz.org.br\/2024\/wp-json\/wp\/v2\/posts\/2432\/revisions\/3244"}],"wp:featuredmedia":[{"embeddable":true,"href":"https:\/\/sinprofaz.org.br\/2024\/wp-json\/wp\/v2\/media\/3227"}],"wp:attachment":[{"href":"https:\/\/sinprofaz.org.br\/2024\/wp-json\/wp\/v2\/media?parent=2432"}],"wp:term":[{"taxonomy":"category","embeddable":true,"href":"https:\/\/sinprofaz.org.br\/2024\/wp-json\/wp\/v2\/categories?post=2432"},{"taxonomy":"post_tag","embeddable":true,"href":"https:\/\/sinprofaz.org.br\/2024\/wp-json\/wp\/v2\/tags?post=2432"}],"curies":[{"name":"wp","href":"https:\/\/api.w.org\/{rel}","templated":true}]}}