{"id":2430,"date":"2015-09-24T13:40:43","date_gmt":"2015-09-24T13:40:43","guid":{"rendered":""},"modified":"2016-03-11T13:14:53","modified_gmt":"2016-03-11T13:14:53","slug":"sinprofaz-coordena-encontro-com-carreiras-da-agu","status":"publish","type":"post","link":"https:\/\/sinprofaz.org.br\/2024\/noticias\/sinprofaz-coordena-encontro-com-carreiras-da-agu\/","title":{"rendered":"SINPROFAZ COORDENA ENCONTRO COM CARREIRAS DA AGU"},"content":{"rendered":"<p>O Sindicato Nacional dos Procuradores da Fazenda Nacional, representado pelo presidente, Achilles Frias, o ex-presidente da entidade, Her\u00e1clio Camargo, e diretores do SINPROFAZ, reuniu cerca de 80 advogados p\u00fablicos no Congresso Nacional.<\/p>\n<p>O objetivo foi solicitar a manuten\u00e7\u00e3o do fortalecimento do movimento, por meio da entrega de cargos e da mobiliza\u00e7\u00e3o das carreiras junto aos parlamentares no Congresso.<\/p>\n<p>\u201cN\u00e3o podemos voltar atr\u00e1s na entrega de cargos, temos que intensificar o movimento\u201d, pediu o presidente Frias. \u201cQue estejamos firmes e unidos no discurso e na pr\u00e1tica\u201d, refor\u00e7ou.<\/p>\n<p>Os membros das quatro carreiras da AGU se comprometeram a manter as visitas aos parlamentares de seus estados pela celeridade da vota\u00e7\u00e3o, em segundo turno da PEC 443\/09.<\/p>\n<p>&nbsp;<\/p>\n\n\t\t<style type=\"text\/css\">\n\t\t\t#gallery-1 {\n\t\t\t\tmargin: auto;\n\t\t\t}\n\t\t\t#gallery-1 .gallery-item {\n\t\t\t\tfloat: left;\n\t\t\t\tmargin-top: 10px;\n\t\t\t\ttext-align: center;\n\t\t\t\twidth: 33%;\n\t\t\t}\n\t\t\t#gallery-1 img {\n\t\t\t\tborder: 2px solid #cfcfcf;\n\t\t\t}\n\t\t\t#gallery-1 .gallery-caption {\n\t\t\t\tmargin-left: 0;\n\t\t\t}\n\t\t\t\/* see gallery_shortcode() in wp-includes\/media.php *\/\n\t\t<\/style>\n\t\t<div id='gallery-1' class='gallery galleryid-2430 gallery-columns-3 gallery-size-thumbnail'><dl class='gallery-item'>\n\t\t\t<dt class='gallery-icon landscape'>\n\t\t\t\t<a href='https:\/\/sinprofaz.org.br\/2024\/wp-content\/uploads\/2015\/09\/02-43.jpg'><img loading=\"lazy\" decoding=\"async\" width=\"150\" height=\"150\" src=\"https:\/\/sinprofaz.org.br\/2024\/wp-content\/uploads\/2015\/09\/02-43-150x150.jpg\" class=\"attachment-thumbnail size-thumbnail\" alt=\"\" \/><\/a>\n\t\t\t<\/dt><\/dl><dl class='gallery-item'>\n\t\t\t<dt class='gallery-icon landscape'>\n\t\t\t\t<a href='https:\/\/sinprofaz.org.br\/2024\/wp-content\/uploads\/2015\/09\/03-26.jpg'><img loading=\"lazy\" decoding=\"async\" width=\"150\" height=\"150\" src=\"https:\/\/sinprofaz.org.br\/2024\/wp-content\/uploads\/2015\/09\/03-26-150x150.jpg\" class=\"attachment-thumbnail size-thumbnail\" alt=\"\" \/><\/a>\n\t\t\t<\/dt><\/dl><dl class='gallery-item'>\n\t\t\t<dt class='gallery-icon landscape'>\n\t\t\t\t<a href='https:\/\/sinprofaz.org.br\/2024\/wp-content\/uploads\/2015\/09\/04-13.jpg'><img loading=\"lazy\" decoding=\"async\" width=\"150\" height=\"150\" src=\"https:\/\/sinprofaz.org.br\/2024\/wp-content\/uploads\/2015\/09\/04-13-150x150.jpg\" class=\"attachment-thumbnail size-thumbnail\" alt=\"\" \/><\/a>\n\t\t\t<\/dt><\/dl><br style=\"clear: both\" \/><dl class='gallery-item'>\n\t\t\t<dt class='gallery-icon landscape'>\n\t\t\t\t<a href='https:\/\/sinprofaz.org.br\/2024\/wp-content\/uploads\/2015\/09\/05-9.jpg'><img loading=\"lazy\" decoding=\"async\" width=\"150\" height=\"150\" src=\"https:\/\/sinprofaz.org.br\/2024\/wp-content\/uploads\/2015\/09\/05-9-150x150.jpg\" class=\"attachment-thumbnail size-thumbnail\" alt=\"\" \/><\/a>\n\t\t\t<\/dt><\/dl>\n\t\t\t<br style='clear: both' \/>\n\t\t<\/div>\n\n","protected":false},"excerpt":{"rendered":"<p>O Sindicato Nacional dos Procuradores da Fazenda Nacional, representado pelo presidente, Achilles Frias, o ex-presidente da entidade, Her\u00e1clio Camargo, e diretores do SINPROFAZ, reuniu cerca de 80 advogados p\u00fablicos no Congresso Nacional.<\/p>\n","protected":false},"author":1,"featured_media":3246,"comment_status":"closed","ping_status":"open","sticky":false,"template":"","format":"standard","meta":{"footnotes":""},"categories":[8],"tags":[],"featured_image_url":"https:\/\/sinprofaz.org.br\/2024\/wp-content\/uploads\/2015\/09\/01-55-800x198.jpg","character_count":590,"formatted_date":"24\/09\/2015 - 13:40","contentNovo":"O Sindicato Nacional dos Procuradores da Fazenda Nacional, representado pelo presidente, Achilles Frias, o ex-presidente da entidade, Her\u00e1clio Camargo, e diretores do SINPROFAZ, reuniu cerca de 80 advogados p\u00fablicos no Congresso Nacional.\r\n\r\nO objetivo foi solicitar a manuten\u00e7\u00e3o do fortalecimento do movimento, por meio da entrega de cargos e da mobiliza\u00e7\u00e3o das carreiras junto aos parlamentares no Congresso.\r\n\r\n\u201cN\u00e3o podemos voltar atr\u00e1s na entrega de cargos, temos que intensificar o movimento\u201d, pediu o presidente Frias. \u201cQue estejamos firmes e unidos no discurso e na pr\u00e1tica\u201d, refor\u00e7ou.\r\n\r\nOs membros das quatro carreiras da AGU se comprometeram a manter as visitas aos parlamentares de seus estados pela celeridade da vota\u00e7\u00e3o, em segundo turno da PEC 443\/09.\r\n\r\n&nbsp;\r\n\r\n[gallery link=\"file\" ids=\"3247,3249,3250,3251\"]","_links":{"self":[{"href":"https:\/\/sinprofaz.org.br\/2024\/wp-json\/wp\/v2\/posts\/2430"}],"collection":[{"href":"https:\/\/sinprofaz.org.br\/2024\/wp-json\/wp\/v2\/posts"}],"about":[{"href":"https:\/\/sinprofaz.org.br\/2024\/wp-json\/wp\/v2\/types\/post"}],"author":[{"embeddable":true,"href":"https:\/\/sinprofaz.org.br\/2024\/wp-json\/wp\/v2\/users\/1"}],"replies":[{"embeddable":true,"href":"https:\/\/sinprofaz.org.br\/2024\/wp-json\/wp\/v2\/comments?post=2430"}],"version-history":[{"count":2,"href":"https:\/\/sinprofaz.org.br\/2024\/wp-json\/wp\/v2\/posts\/2430\/revisions"}],"predecessor-version":[{"id":3252,"href":"https:\/\/sinprofaz.org.br\/2024\/wp-json\/wp\/v2\/posts\/2430\/revisions\/3252"}],"wp:featuredmedia":[{"embeddable":true,"href":"https:\/\/sinprofaz.org.br\/2024\/wp-json\/wp\/v2\/media\/3246"}],"wp:attachment":[{"href":"https:\/\/sinprofaz.org.br\/2024\/wp-json\/wp\/v2\/media?parent=2430"}],"wp:term":[{"taxonomy":"category","embeddable":true,"href":"https:\/\/sinprofaz.org.br\/2024\/wp-json\/wp\/v2\/categories?post=2430"},{"taxonomy":"post_tag","embeddable":true,"href":"https:\/\/sinprofaz.org.br\/2024\/wp-json\/wp\/v2\/tags?post=2430"}],"curies":[{"name":"wp","href":"https:\/\/api.w.org\/{rel}","templated":true}]}}