{"id":243,"date":"2011-07-27T16:48:13","date_gmt":"2011-07-27T16:48:13","guid":{"rendered":""},"modified":"2016-04-13T13:29:29","modified_gmt":"2016-04-13T13:29:29","slug":"presidente-do-sinprofaz-esclarece-atuacao-da-agu","status":"publish","type":"post","link":"https:\/\/sinprofaz.org.br\/2024\/noticias\/presidente-do-sinprofaz-esclarece-atuacao-da-agu\/","title":{"rendered":"Presidente do SINPROFAZ esclarece atua\u00e7\u00e3o da AGU"},"content":{"rendered":"<p>Com o t\u00edtulo \u201cOutro ponto de vista em rela\u00e7\u00e3o \u00e0 atua\u00e7\u00e3o da AGU\u201d, o portal Consultor Jur\u00eddico publicou ontem, 26\/07, artigo do presidente do SINPROFAZ, Allan Titonelli. No texto, o Procurador da Fazenda reitera o papel estrat\u00e9gico da AGU na defesa do patrim\u00f4nio p\u00fablico, dos interesses dos cidad\u00e3os e da Justi\u00e7a.<\/p>\n<p>Allan Titonelli tamb\u00e9m contra argumenta o artigo de autoria de Jos\u00e9 Alberto Dietrich Filho, postado no Conjur em 24\/07, intitulado \u201cUni\u00e3o \u00e9 causal da morosidade da Justi\u00e7a brasileira\u201d. Entre os pontos colocados, o presidente do SINPROFAZ ressalta que \u201ca AGU n\u00e3o \u00e9 a vil\u00e3 da presta\u00e7\u00e3o jurisdicional, mas sim a salvaguarda de um Estado Democr\u00e1tico de Direito mais c\u00e9lere e eficaz, pois mesmo com essas dificuldades, obteve grandes \u00eaxitos, descritos no relat\u00f3rio de gest\u00e3o de 2010\u201d.<\/p>\n<p>Em conclus\u00e3o, ap\u00f3s citar dados do referido relat\u00f3rio, Allan afirma que \u201cn\u00e3o h\u00e1 como dotar o Estado de v\u00e1rias atribui\u00e7\u00f5es sem dar condi\u00e7\u00f5es m\u00ednimas para o mesmo execut\u00e1-las. Portanto, a judicializa\u00e7\u00e3o, tendo a Uni\u00e3o como parte, est\u00e1 ligada ao tamanho do Estado que nossa Constitui\u00e7\u00e3o tra\u00e7ou\u201d.<\/p>\n<p>Acesse no link abaixo a \u00edntegra do artigo.<\/p>\n<p><a href=\"http:\/\/www.conjur.com.br\/2011-jul-26\/outro-ponto-vista-relacao-atuacao-advocacia-geral-uniao\" target=\"_blank\">http:\/\/www.conjur.com.br\/2011-jul-26\/outro-ponto-vista-relacao-atuacao-advocacia-geral-uniao<\/a><\/p>\n","protected":false},"excerpt":{"rendered":"<p>Em artigo publicado ontem, 26\/07, no portal Consultor Jur\u00eddico, o presidente do SINPROFAZ rebate argumentos que responsabilizam a Uni\u00e3o pela morosidade da Justi\u00e7a brasileira.<\/p>\n","protected":false},"author":1,"featured_media":4378,"comment_status":"closed","ping_status":"open","sticky":false,"template":"","format":"standard","meta":{"footnotes":""},"categories":[8],"tags":[],"featured_image_url":"https:\/\/sinprofaz.org.br\/2024\/wp-content\/uploads\/2011\/07\/0120.jpg","character_count":642,"formatted_date":"27\/07\/2011 - 16:48","contentNovo":"<p>Com o t\u00edtulo \u201cOutro ponto de vista em rela\u00e7\u00e3o \u00e0 atua\u00e7\u00e3o da AGU\u201d, o portal Consultor Jur\u00eddico publicou ontem, 26\/07, artigo do presidente do SINPROFAZ, Allan Titonelli. No texto, o Procurador da Fazenda reitera o papel estrat\u00e9gico da AGU na defesa do patrim\u00f4nio p\u00fablico, dos interesses dos cidad\u00e3os e da Justi\u00e7a.<\/p>\r\n<p>Allan Titonelli tamb\u00e9m contra argumenta o artigo de autoria de Jos\u00e9 Alberto Dietrich Filho, postado no Conjur em 24\/07, intitulado \u201cUni\u00e3o \u00e9 causal da morosidade da Justi\u00e7a brasileira\u201d. Entre os pontos colocados, o presidente do SINPROFAZ ressalta que \u201ca AGU n\u00e3o \u00e9 a vil\u00e3 da presta\u00e7\u00e3o jurisdicional, mas sim a salvaguarda de um Estado Democr\u00e1tico de Direito mais c\u00e9lere e eficaz, pois mesmo com essas dificuldades, obteve grandes \u00eaxitos, descritos no relat\u00f3rio de gest\u00e3o de 2010\u201d.<\/p>\r\n<p>Em conclus\u00e3o, ap\u00f3s citar dados do referido relat\u00f3rio, Allan afirma que \u201cn\u00e3o h\u00e1 como dotar o Estado de v\u00e1rias atribui\u00e7\u00f5es sem dar condi\u00e7\u00f5es m\u00ednimas para o mesmo execut\u00e1-las. Portanto, a judicializa\u00e7\u00e3o, tendo a Uni\u00e3o como parte, est\u00e1 ligada ao tamanho do Estado que nossa Constitui\u00e7\u00e3o tra\u00e7ou\u201d.<\/p>\r\n<p>Acesse no link abaixo a \u00edntegra do artigo.<\/p>\r\n<p><a href=\"http:\/\/www.conjur.com.br\/2011-jul-26\/outro-ponto-vista-relacao-atuacao-advocacia-geral-uniao\" target=\"_blank\">http:\/\/www.conjur.com.br\/2011-jul-26\/outro-ponto-vista-relacao-atuacao-advocacia-geral-uniao<\/a><\/p>","_links":{"self":[{"href":"https:\/\/sinprofaz.org.br\/2024\/wp-json\/wp\/v2\/posts\/243"}],"collection":[{"href":"https:\/\/sinprofaz.org.br\/2024\/wp-json\/wp\/v2\/posts"}],"about":[{"href":"https:\/\/sinprofaz.org.br\/2024\/wp-json\/wp\/v2\/types\/post"}],"author":[{"embeddable":true,"href":"https:\/\/sinprofaz.org.br\/2024\/wp-json\/wp\/v2\/users\/1"}],"replies":[{"embeddable":true,"href":"https:\/\/sinprofaz.org.br\/2024\/wp-json\/wp\/v2\/comments?post=243"}],"version-history":[{"count":1,"href":"https:\/\/sinprofaz.org.br\/2024\/wp-json\/wp\/v2\/posts\/243\/revisions"}],"predecessor-version":[{"id":4379,"href":"https:\/\/sinprofaz.org.br\/2024\/wp-json\/wp\/v2\/posts\/243\/revisions\/4379"}],"wp:featuredmedia":[{"embeddable":true,"href":"https:\/\/sinprofaz.org.br\/2024\/wp-json\/wp\/v2\/media\/4378"}],"wp:attachment":[{"href":"https:\/\/sinprofaz.org.br\/2024\/wp-json\/wp\/v2\/media?parent=243"}],"wp:term":[{"taxonomy":"category","embeddable":true,"href":"https:\/\/sinprofaz.org.br\/2024\/wp-json\/wp\/v2\/categories?post=243"},{"taxonomy":"post_tag","embeddable":true,"href":"https:\/\/sinprofaz.org.br\/2024\/wp-json\/wp\/v2\/tags?post=243"}],"curies":[{"name":"wp","href":"https:\/\/api.w.org\/{rel}","templated":true}]}}