{"id":2426,"date":"2015-09-23T17:19:15","date_gmt":"2015-09-23T17:19:15","guid":{"rendered":""},"modified":"2016-03-11T13:34:36","modified_gmt":"2016-03-11T13:34:36","slug":"bancada-paulista-na-camara-firma-compromisso-pela-pec-443-na-oab-sp","status":"publish","type":"post","link":"https:\/\/sinprofaz.org.br\/2024\/noticias\/bancada-paulista-na-camara-firma-compromisso-pela-pec-443-na-oab-sp\/","title":{"rendered":"BANCADA PAULISTA NA C\u00c2MARA FIRMA COMPROMISSO PELA PEC 443 NA OAB\/SP"},"content":{"rendered":"<p>A Se\u00e7\u00e3o de S\u00e3o Paulo da Ordem dos Advogados do Brasil (OAB\/SP) sediou, nesta segunda-feira (21), evento batizado \u201cEncontro dos Deputados pela valoriza\u00e7\u00e3o das carreiras jur\u00eddicas\u201d. Parlamentares da bancada paulista na C\u00e2mara Federal, o SINPROFAZ, representado pelo presidente, Achilles Frias, dentre outras entidades e membros da Advocacia-Geral da Uni\u00e3o (AGU) se reuniram para ampliar o debate da PEC 443\/2009.<\/p>\n<p>Os deputados e senadores firmaram compromisso de levar \u00e0s suas respectivas bancadas o pleito da aprova\u00e7\u00e3o da PEC 443\/2009, em segundo turno. Mais de cem pessoas ocuparam o Plen\u00e1rio dos Conselheiros da OAB\/SP.<\/p>\n<p>O presidente da OAB\/SP, Marcos da Costa, destacou a import\u00e2ncia da proposta. \u201cA valoriza\u00e7\u00e3o das carreiras jur\u00eddicas \u00e9 o caminho para a valoriza\u00e7\u00e3o da Justi\u00e7a\u201d, ressaltou Costa. Durante o evento, foi distribu\u00edda nota p\u00fablica com a argumenta\u00e7\u00e3o OAB\/SP em favor da aprova\u00e7\u00e3o da Proposta de Emenda Constitucional.<\/p>\n<p>Compareceram \u00e0 reuni\u00e3o os deputados federais Arnaldo Faria de S\u00e1 (PTB), Fausto Pinato (PRB), Gilberto Nascimento (PSC), Paulo Pereira (o Paulinho da For\u00e7a) (SD), Vin\u00edcius Carvalho (PRB), William Woo (PV), Ricardo Tripoli (PSDB), Walter Ihoshi (PSD), Milton Monti (PR), Marcelo Squassoni (PRB), Jos\u00e9 Mentor (PT) e os deputados estaduais Delegado Olim (PP) e Fernando Capez (PSDB).<\/p>\n<p><strong>Veja a \u00edntegra da nota:<\/strong><\/p>\n<p><strong>NOTA P\u00daBLICA<\/strong><\/p>\n<p>A Secional de S\u00e3o Paulo da Ordem dos Advogados do Brasil &#8211; OAB\/SP congratula-se com a C\u00e2mara dos Deputados pela aprova\u00e7\u00e3o, em primeiro turno, com os votos de 445 dos 467 deputados presentes, da PEC 443\/2009.<\/p>\n<p>Essa aprova\u00e7\u00e3o consubstancia o reconhecimento de que a atua\u00e7\u00e3o dos advogados do setor p\u00fablico est\u00e1 inerentemente ligada ao regular e correto desenvolvimento das atividades da administra\u00e7\u00e3o p\u00fablica e da presta\u00e7\u00e3o dos servi\u00e7os p\u00fablicos, de modo direto ou por meio de suas autarquias, al\u00e9m da atividade de regula\u00e7\u00e3o procedida pelas ag\u00eancias especializadas. A Advocacia P\u00fablica cumpre papel indispens\u00e1vel na garantia da regularidade de licita\u00e7\u00f5es e de contrata\u00e7\u00f5es da administra\u00e7\u00e3o p\u00fablica, desde os mais simples preg\u00f5es e aquisi\u00e7\u00f5es \u00e0s mais complexas obras, concess\u00f5es, parcerias p\u00fablico-privadas, nos setores de infraestrutura, energia, transporte, mobilidade urbana, educa\u00e7\u00e3o, sa\u00fade, cultura, eventos esportivos, al\u00e9m da arrecada\u00e7\u00e3o e da defesa das pol\u00edticas p\u00fablicas e do Er\u00e1rio em ju\u00edzo.<\/p>\n<p>A proposi\u00e7\u00e3o aprovada tem por finalidade a de estabelecer, formalmente, a paridade de regime remunerat\u00f3rio entre a Advocacia P\u00fablica, o Minist\u00e9rio P\u00fablico e o Judici\u00e1rio, na linha da equival\u00eancia das carreiras jur\u00eddicas de Estado, consagrada pelo constituinte origin\u00e1rio.<\/p>\n<p>Nesse sentido, a aprova\u00e7\u00e3o da PEC 443\/2009 corrige ainda as mesmas distor\u00e7\u00f5es encontradas em carreiras jur\u00eddicas de Estado igualmente indispens\u00e1veis \u00e0 efetiva\u00e7\u00e3o da Justi\u00e7a, que s\u00e3o aquelas integradas por Delegados da Pol\u00edcia Federal e por Delegados de Pol\u00edcia Estadual.<\/p>\n<p>As demais iniciativas de aperfei\u00e7oamento da Advocacia P\u00fablica, notadamente a PEC 82\/2007, proposi\u00e7\u00e3o esta que consagra a autonomia j\u00e1 reconhecida \u00e0s demais institui\u00e7\u00f5es essenciais \u00e0 Justi\u00e7a, s\u00e3o igualmente objeto de apoio da OAB\/SP.<\/p>\n<p>S\u00e3o Paulo, 17 de agosto de 2015<\/p>\n<p><strong>Marcos da Costa<\/strong><\/p>\n<p><em>Presidente da OAB SP<\/em><\/p>\n<p>&nbsp;<\/p>\n\n\t\t<style type=\"text\/css\">\n\t\t\t#gallery-1 {\n\t\t\t\tmargin: auto;\n\t\t\t}\n\t\t\t#gallery-1 .gallery-item {\n\t\t\t\tfloat: left;\n\t\t\t\tmargin-top: 10px;\n\t\t\t\ttext-align: center;\n\t\t\t\twidth: 33%;\n\t\t\t}\n\t\t\t#gallery-1 img {\n\t\t\t\tborder: 2px solid #cfcfcf;\n\t\t\t}\n\t\t\t#gallery-1 .gallery-caption {\n\t\t\t\tmargin-left: 0;\n\t\t\t}\n\t\t\t\/* see gallery_shortcode() in wp-includes\/media.php *\/\n\t\t<\/style>\n\t\t<div id='gallery-1' class='gallery galleryid-2426 gallery-columns-3 gallery-size-thumbnail'><dl class='gallery-item'>\n\t\t\t<dt class='gallery-icon landscape'>\n\t\t\t\t<a href='https:\/\/sinprofaz.org.br\/2024\/wp-content\/uploads\/2015\/09\/02-47.jpg'><img loading=\"lazy\" decoding=\"async\" width=\"150\" height=\"150\" src=\"https:\/\/sinprofaz.org.br\/2024\/wp-content\/uploads\/2015\/09\/02-47-150x150.jpg\" class=\"attachment-thumbnail size-thumbnail\" alt=\"\" \/><\/a>\n\t\t\t<\/dt><\/dl><dl class='gallery-item'>\n\t\t\t<dt class='gallery-icon landscape'>\n\t\t\t\t<a href='https:\/\/sinprofaz.org.br\/2024\/wp-content\/uploads\/2015\/09\/03-29.jpg'><img loading=\"lazy\" decoding=\"async\" width=\"150\" height=\"150\" src=\"https:\/\/sinprofaz.org.br\/2024\/wp-content\/uploads\/2015\/09\/03-29-150x150.jpg\" class=\"attachment-thumbnail size-thumbnail\" alt=\"\" \/><\/a>\n\t\t\t<\/dt><\/dl><dl class='gallery-item'>\n\t\t\t<dt class='gallery-icon landscape'>\n\t\t\t\t<a href='https:\/\/sinprofaz.org.br\/2024\/wp-content\/uploads\/2015\/09\/04-16.jpg'><img loading=\"lazy\" decoding=\"async\" width=\"150\" height=\"150\" src=\"https:\/\/sinprofaz.org.br\/2024\/wp-content\/uploads\/2015\/09\/04-16-150x150.jpg\" class=\"attachment-thumbnail size-thumbnail\" alt=\"\" \/><\/a>\n\t\t\t<\/dt><\/dl><br style=\"clear: both\" \/><dl class='gallery-item'>\n\t\t\t<dt class='gallery-icon landscape'>\n\t\t\t\t<a href='https:\/\/sinprofaz.org.br\/2024\/wp-content\/uploads\/2015\/09\/05-11.jpg'><img loading=\"lazy\" decoding=\"async\" width=\"150\" height=\"150\" src=\"https:\/\/sinprofaz.org.br\/2024\/wp-content\/uploads\/2015\/09\/05-11-150x150.jpg\" class=\"attachment-thumbnail size-thumbnail\" alt=\"\" \/><\/a>\n\t\t\t<\/dt><\/dl><dl class='gallery-item'>\n\t\t\t<dt class='gallery-icon landscape'>\n\t\t\t\t<a href='https:\/\/sinprofaz.org.br\/2024\/wp-content\/uploads\/2015\/09\/06-7.jpg'><img loading=\"lazy\" decoding=\"async\" width=\"150\" height=\"150\" src=\"https:\/\/sinprofaz.org.br\/2024\/wp-content\/uploads\/2015\/09\/06-7-150x150.jpg\" class=\"attachment-thumbnail size-thumbnail\" alt=\"\" \/><\/a>\n\t\t\t<\/dt><\/dl><dl class='gallery-item'>\n\t\t\t<dt class='gallery-icon landscape'>\n\t\t\t\t<a href='https:\/\/sinprofaz.org.br\/2024\/wp-content\/uploads\/2015\/09\/07-7.jpg'><img loading=\"lazy\" decoding=\"async\" width=\"150\" height=\"150\" src=\"https:\/\/sinprofaz.org.br\/2024\/wp-content\/uploads\/2015\/09\/07-7-150x150.jpg\" class=\"attachment-thumbnail size-thumbnail\" alt=\"\" \/><\/a>\n\t\t\t<\/dt><\/dl><br style=\"clear: both\" \/>\n\t\t<\/div>\n\n","protected":false},"excerpt":{"rendered":"<p>A Se\u00e7\u00e3o de S\u00e3o Paulo da Ordem dos Advogados do Brasil (OAB\/SP) sediou, nesta segunda-feira (21), evento batizado \u201cEncontro dos Deputados pela valoriza\u00e7\u00e3o das carreiras jur\u00eddicas\u201d.<\/p>\n","protected":false},"author":1,"featured_media":3272,"comment_status":"closed","ping_status":"open","sticky":false,"template":"","format":"standard","meta":{"footnotes":""},"categories":[8],"tags":[],"featured_image_url":"https:\/\/sinprofaz.org.br\/2024\/wp-content\/uploads\/2015\/09\/01-59-800x198.jpg","character_count":1871,"formatted_date":"23\/09\/2015 - 17:19","contentNovo":"A Se\u00e7\u00e3o de S\u00e3o Paulo da Ordem dos Advogados do Brasil (OAB\/SP) sediou, nesta segunda-feira (21), evento batizado \u201cEncontro dos Deputados pela valoriza\u00e7\u00e3o das carreiras jur\u00eddicas\u201d. Parlamentares da bancada paulista na C\u00e2mara Federal, o SINPROFAZ, representado pelo presidente, Achilles Frias, dentre outras entidades e membros da Advocacia-Geral da Uni\u00e3o (AGU) se reuniram para ampliar o debate da PEC 443\/2009.\r\n\r\nOs deputados e senadores firmaram compromisso de levar \u00e0s suas respectivas bancadas o pleito da aprova\u00e7\u00e3o da PEC 443\/2009, em segundo turno. Mais de cem pessoas ocuparam o Plen\u00e1rio dos Conselheiros da OAB\/SP.\r\n\r\nO presidente da OAB\/SP, Marcos da Costa, destacou a import\u00e2ncia da proposta. \u201cA valoriza\u00e7\u00e3o das carreiras jur\u00eddicas \u00e9 o caminho para a valoriza\u00e7\u00e3o da Justi\u00e7a\u201d, ressaltou Costa. Durante o evento, foi distribu\u00edda nota p\u00fablica com a argumenta\u00e7\u00e3o OAB\/SP em favor da aprova\u00e7\u00e3o da Proposta de Emenda Constitucional.\r\n\r\nCompareceram \u00e0 reuni\u00e3o os deputados federais Arnaldo Faria de S\u00e1 (PTB), Fausto Pinato (PRB), Gilberto Nascimento (PSC), Paulo Pereira (o Paulinho da For\u00e7a) (SD), Vin\u00edcius Carvalho (PRB), William Woo (PV), Ricardo Tripoli (PSDB), Walter Ihoshi (PSD), Milton Monti (PR), Marcelo Squassoni (PRB), Jos\u00e9 Mentor (PT) e os deputados estaduais Delegado Olim (PP) e Fernando Capez (PSDB).\r\n\r\n<strong>Veja a \u00edntegra da nota:<\/strong>\r\n\r\n<strong>NOTA P\u00daBLICA<\/strong>\r\n\r\nA Secional de S\u00e3o Paulo da Ordem dos Advogados do Brasil - OAB\/SP congratula-se com a C\u00e2mara dos Deputados pela aprova\u00e7\u00e3o, em primeiro turno, com os votos de 445 dos 467 deputados presentes, da PEC 443\/2009.\r\n\r\nEssa aprova\u00e7\u00e3o consubstancia o reconhecimento de que a atua\u00e7\u00e3o dos advogados do setor p\u00fablico est\u00e1 inerentemente ligada ao regular e correto desenvolvimento das atividades da administra\u00e7\u00e3o p\u00fablica e da presta\u00e7\u00e3o dos servi\u00e7os p\u00fablicos, de modo direto ou por meio de suas autarquias, al\u00e9m da atividade de regula\u00e7\u00e3o procedida pelas ag\u00eancias especializadas. A Advocacia P\u00fablica cumpre papel indispens\u00e1vel na garantia da regularidade de licita\u00e7\u00f5es e de contrata\u00e7\u00f5es da administra\u00e7\u00e3o p\u00fablica, desde os mais simples preg\u00f5es e aquisi\u00e7\u00f5es \u00e0s mais complexas obras, concess\u00f5es, parcerias p\u00fablico-privadas, nos setores de infraestrutura, energia, transporte, mobilidade urbana, educa\u00e7\u00e3o, sa\u00fade, cultura, eventos esportivos, al\u00e9m da arrecada\u00e7\u00e3o e da defesa das pol\u00edticas p\u00fablicas e do Er\u00e1rio em ju\u00edzo.\r\n\r\nA proposi\u00e7\u00e3o aprovada tem por finalidade a de estabelecer, formalmente, a paridade de regime remunerat\u00f3rio entre a Advocacia P\u00fablica, o Minist\u00e9rio P\u00fablico e o Judici\u00e1rio, na linha da equival\u00eancia das carreiras jur\u00eddicas de Estado, consagrada pelo constituinte origin\u00e1rio.\r\n\r\nNesse sentido, a aprova\u00e7\u00e3o da PEC 443\/2009 corrige ainda as mesmas distor\u00e7\u00f5es encontradas em carreiras jur\u00eddicas de Estado igualmente indispens\u00e1veis \u00e0 efetiva\u00e7\u00e3o da Justi\u00e7a, que s\u00e3o aquelas integradas por Delegados da Pol\u00edcia Federal e por Delegados de Pol\u00edcia Estadual.\r\n\r\nAs demais iniciativas de aperfei\u00e7oamento da Advocacia P\u00fablica, notadamente a PEC 82\/2007, proposi\u00e7\u00e3o esta que consagra a autonomia j\u00e1 reconhecida \u00e0s demais institui\u00e7\u00f5es essenciais \u00e0 Justi\u00e7a, s\u00e3o igualmente objeto de apoio da OAB\/SP.\r\n\r\nS\u00e3o Paulo, 17 de agosto de 2015\r\n\r\n<strong>Marcos da Costa<\/strong>\r\n\r\n<em>Presidente da OAB SP<\/em>\r\n\r\n&nbsp;\r\n\r\n[gallery link=\"file\" ids=\"3274,3275,3276,3277,3278,3279\"]","_links":{"self":[{"href":"https:\/\/sinprofaz.org.br\/2024\/wp-json\/wp\/v2\/posts\/2426"}],"collection":[{"href":"https:\/\/sinprofaz.org.br\/2024\/wp-json\/wp\/v2\/posts"}],"about":[{"href":"https:\/\/sinprofaz.org.br\/2024\/wp-json\/wp\/v2\/types\/post"}],"author":[{"embeddable":true,"href":"https:\/\/sinprofaz.org.br\/2024\/wp-json\/wp\/v2\/users\/1"}],"replies":[{"embeddable":true,"href":"https:\/\/sinprofaz.org.br\/2024\/wp-json\/wp\/v2\/comments?post=2426"}],"version-history":[{"count":2,"href":"https:\/\/sinprofaz.org.br\/2024\/wp-json\/wp\/v2\/posts\/2426\/revisions"}],"predecessor-version":[{"id":3280,"href":"https:\/\/sinprofaz.org.br\/2024\/wp-json\/wp\/v2\/posts\/2426\/revisions\/3280"}],"wp:featuredmedia":[{"embeddable":true,"href":"https:\/\/sinprofaz.org.br\/2024\/wp-json\/wp\/v2\/media\/3272"}],"wp:attachment":[{"href":"https:\/\/sinprofaz.org.br\/2024\/wp-json\/wp\/v2\/media?parent=2426"}],"wp:term":[{"taxonomy":"category","embeddable":true,"href":"https:\/\/sinprofaz.org.br\/2024\/wp-json\/wp\/v2\/categories?post=2426"},{"taxonomy":"post_tag","embeddable":true,"href":"https:\/\/sinprofaz.org.br\/2024\/wp-json\/wp\/v2\/tags?post=2426"}],"curies":[{"name":"wp","href":"https:\/\/api.w.org\/{rel}","templated":true}]}}