{"id":2422,"date":"2015-09-17T13:43:27","date_gmt":"2015-09-17T13:43:27","guid":{"rendered":""},"modified":"2016-03-11T13:44:06","modified_gmt":"2016-03-11T13:44:06","slug":"sinprofaz-parabeniza-o-deputado-e-filiado-tadeu-alencar-por-estar-entre-os-100-cabecas-do-congresso-nacional","status":"publish","type":"post","link":"https:\/\/sinprofaz.org.br\/2024\/noticias\/sinprofaz-parabeniza-o-deputado-e-filiado-tadeu-alencar-por-estar-entre-os-100-cabecas-do-congresso-nacional\/","title":{"rendered":"SINPROFAZ PARABENIZA O DEPUTADO E FILIADO TADEU ALENCAR POR ESTAR ENTRE OS 100 \u201cCABE\u00c7AS\u201d DO CONGRESSO NACIONAL"},"content":{"rendered":"<p>Na tarde desta quarta-feira (16), o SINPROFAZ, representado pelo presidente Achilles Frias, o diretor cultural e de eventos, S\u00e9rgio Carneiro e o delegado sindical do Rio de Janeiro, Paulo Marujo, reconheceu o m\u00e9rito do deputado Tadeu Alencar (PSB\/PE) que entrou para a lista dos 100 \u201cCabe\u00e7as\u201d do Congresso Nacional.<\/p>\n<p>Ou seja, em seu primeiro mandato, o PFN filiado ao Sindicato, Tadeu Alencar, foi indicado em um dos estudos mais valorizados entre os parlamentares: a lista anual do Departamento Sindical de Assessoria Parlamentar (DIAP), que divulga o nome dos deputados e senadores mais influentes no Congresso Nacional.<\/p>\n<p>O levantamento mostra os parlamentares que mais conseguiram se destacar dos demais no exerc\u00edcio de todas ou algumas qualidades e habilidades como: capacidade de conceber ideias, constituir posi\u00e7\u00f5es, elaborar propostas e projet\u00e1-las para o centro do debate, liderando sua repercuss\u00e3o e tomada de decis\u00e3o.<\/p>\n<p>De acordo com o levantamento que chega a sua 22\u00aa edi\u00e7\u00e3o, entre os 100 parlamentares que comandam o processo decis\u00f3rio no Congresso, 62 s\u00e3o deputados e 38 s\u00e3o senadores. Dos 62 deputados, o procurador da Fazenda, Tadeu Alencar est\u00e1 entre os 26 novos \u201ccabe\u00e7as\u201d, ou seja, que est\u00e3o no primeiro mandato.<\/p>\n<p>A pesquisa considerou somente os parlamentares que estavam no efetivo exerc\u00edcio do mandato no per\u00edodo de fevereiro a julho de 2015.<\/p>\n<p>Durante a visita, o deputado reiterou apoio \u00e0 PEC 443, em tramita\u00e7\u00e3o na Casa.<\/p>\n<p><strong>Pr\u00eamio Congresso em Foco<\/strong><\/p>\n<p>Est\u00e1 em andamento uma consulta p\u00fablica para escolher os melhores parlamentares do Congresso Nacional. O pr\u00f3ximo domingo (20) \u00e9 o \u00faltimo dia de vota\u00e7\u00e3o para o Pr\u00eamio Congresso em Foco. Para participar e dar sua opini\u00e3o sobre os deputados e senadores mais atuantes basta clicar <a href=\"https:\/\/premio-congressoemfoco.partner.uol.com.br\/\" target=\"_blank\">aqui<\/a> para votar.<\/p>\n<p>&nbsp;<\/p>\n\n\t\t<style type=\"text\/css\">\n\t\t\t#gallery-1 {\n\t\t\t\tmargin: auto;\n\t\t\t}\n\t\t\t#gallery-1 .gallery-item {\n\t\t\t\tfloat: left;\n\t\t\t\tmargin-top: 10px;\n\t\t\t\ttext-align: center;\n\t\t\t\twidth: 33%;\n\t\t\t}\n\t\t\t#gallery-1 img {\n\t\t\t\tborder: 2px solid #cfcfcf;\n\t\t\t}\n\t\t\t#gallery-1 .gallery-caption {\n\t\t\t\tmargin-left: 0;\n\t\t\t}\n\t\t\t\/* see gallery_shortcode() in wp-includes\/media.php *\/\n\t\t<\/style>\n\t\t<div id='gallery-1' class='gallery galleryid-2422 gallery-columns-3 gallery-size-thumbnail'><dl class='gallery-item'>\n\t\t\t<dt class='gallery-icon landscape'>\n\t\t\t\t<a href='https:\/\/sinprofaz.org.br\/2024\/wp-content\/uploads\/2015\/09\/02-49.jpg'><img loading=\"lazy\" decoding=\"async\" width=\"150\" height=\"150\" src=\"https:\/\/sinprofaz.org.br\/2024\/wp-content\/uploads\/2015\/09\/02-49-150x150.jpg\" class=\"attachment-thumbnail size-thumbnail\" alt=\"\" \/><\/a>\n\t\t\t<\/dt><\/dl><dl class='gallery-item'>\n\t\t\t<dt class='gallery-icon landscape'>\n\t\t\t\t<a href='https:\/\/sinprofaz.org.br\/2024\/wp-content\/uploads\/2015\/09\/03-31.jpg'><img loading=\"lazy\" decoding=\"async\" width=\"150\" height=\"150\" src=\"https:\/\/sinprofaz.org.br\/2024\/wp-content\/uploads\/2015\/09\/03-31-150x150.jpg\" class=\"attachment-thumbnail size-thumbnail\" alt=\"\" \/><\/a>\n\t\t\t<\/dt><\/dl>\n\t\t\t<br style='clear: both' \/>\n\t\t<\/div>\n\n","protected":false},"excerpt":{"rendered":"<p>O estudo anual leva em conta quesitos como capacidade de conduzir debates, negocia\u00e7\u00f5es, vota\u00e7\u00f5es e articula\u00e7\u00f5es.<\/p>\n","protected":false},"author":1,"featured_media":3290,"comment_status":"closed","ping_status":"open","sticky":false,"template":"","format":"standard","meta":{"footnotes":""},"categories":[8],"tags":[],"featured_image_url":"https:\/\/sinprofaz.org.br\/2024\/wp-content\/uploads\/2015\/09\/01-61-800x198.jpg","character_count":1086,"formatted_date":"17\/09\/2015 - 13:43","contentNovo":"Na tarde desta quarta-feira (16), o SINPROFAZ, representado pelo presidente Achilles Frias, o diretor cultural e de eventos, S\u00e9rgio Carneiro e o delegado sindical do Rio de Janeiro, Paulo Marujo, reconheceu o m\u00e9rito do deputado Tadeu Alencar (PSB\/PE) que entrou para a lista dos 100 \u201cCabe\u00e7as\u201d do Congresso Nacional.\r\n\r\nOu seja, em seu primeiro mandato, o PFN filiado ao Sindicato, Tadeu Alencar, foi indicado em um dos estudos mais valorizados entre os parlamentares: a lista anual do Departamento Sindical de Assessoria Parlamentar (DIAP), que divulga o nome dos deputados e senadores mais influentes no Congresso Nacional.\r\n\r\nO levantamento mostra os parlamentares que mais conseguiram se destacar dos demais no exerc\u00edcio de todas ou algumas qualidades e habilidades como: capacidade de conceber ideias, constituir posi\u00e7\u00f5es, elaborar propostas e projet\u00e1-las para o centro do debate, liderando sua repercuss\u00e3o e tomada de decis\u00e3o.\r\n\r\nDe acordo com o levantamento que chega a sua 22\u00aa edi\u00e7\u00e3o, entre os 100 parlamentares que comandam o processo decis\u00f3rio no Congresso, 62 s\u00e3o deputados e 38 s\u00e3o senadores. Dos 62 deputados, o procurador da Fazenda, Tadeu Alencar est\u00e1 entre os 26 novos \u201ccabe\u00e7as\u201d, ou seja, que est\u00e3o no primeiro mandato.\r\n\r\nA pesquisa considerou somente os parlamentares que estavam no efetivo exerc\u00edcio do mandato no per\u00edodo de fevereiro a julho de 2015.\r\n\r\nDurante a visita, o deputado reiterou apoio \u00e0 PEC 443, em tramita\u00e7\u00e3o na Casa.\r\n\r\n<strong>Pr\u00eamio Congresso em Foco<\/strong>\r\n\r\nEst\u00e1 em andamento uma consulta p\u00fablica para escolher os melhores parlamentares do Congresso Nacional. O pr\u00f3ximo domingo (20) \u00e9 o \u00faltimo dia de vota\u00e7\u00e3o para o Pr\u00eamio Congresso em Foco. Para participar e dar sua opini\u00e3o sobre os deputados e senadores mais atuantes basta clicar <a href=\"https:\/\/premio-congressoemfoco.partner.uol.com.br\/\" target=\"_blank\">aqui<\/a> para votar.\r\n\r\n&nbsp;\r\n\r\n[gallery link=\"file\" ids=\"3292,3293\"]","_links":{"self":[{"href":"https:\/\/sinprofaz.org.br\/2024\/wp-json\/wp\/v2\/posts\/2422"}],"collection":[{"href":"https:\/\/sinprofaz.org.br\/2024\/wp-json\/wp\/v2\/posts"}],"about":[{"href":"https:\/\/sinprofaz.org.br\/2024\/wp-json\/wp\/v2\/types\/post"}],"author":[{"embeddable":true,"href":"https:\/\/sinprofaz.org.br\/2024\/wp-json\/wp\/v2\/users\/1"}],"replies":[{"embeddable":true,"href":"https:\/\/sinprofaz.org.br\/2024\/wp-json\/wp\/v2\/comments?post=2422"}],"version-history":[{"count":1,"href":"https:\/\/sinprofaz.org.br\/2024\/wp-json\/wp\/v2\/posts\/2422\/revisions"}],"predecessor-version":[{"id":3294,"href":"https:\/\/sinprofaz.org.br\/2024\/wp-json\/wp\/v2\/posts\/2422\/revisions\/3294"}],"wp:featuredmedia":[{"embeddable":true,"href":"https:\/\/sinprofaz.org.br\/2024\/wp-json\/wp\/v2\/media\/3290"}],"wp:attachment":[{"href":"https:\/\/sinprofaz.org.br\/2024\/wp-json\/wp\/v2\/media?parent=2422"}],"wp:term":[{"taxonomy":"category","embeddable":true,"href":"https:\/\/sinprofaz.org.br\/2024\/wp-json\/wp\/v2\/categories?post=2422"},{"taxonomy":"post_tag","embeddable":true,"href":"https:\/\/sinprofaz.org.br\/2024\/wp-json\/wp\/v2\/tags?post=2422"}],"curies":[{"name":"wp","href":"https:\/\/api.w.org\/{rel}","templated":true}]}}