{"id":2421,"date":"2015-09-15T22:22:39","date_gmt":"2015-09-15T22:22:39","guid":{"rendered":""},"modified":"2016-03-11T13:48:59","modified_gmt":"2016-03-11T13:48:59","slug":"sinprofaz-amplia-apoio-dos-parlamentares-a-pec-443","status":"publish","type":"post","link":"https:\/\/sinprofaz.org.br\/2024\/noticias\/sinprofaz-amplia-apoio-dos-parlamentares-a-pec-443\/","title":{"rendered":"SINPROFAZ AMPLIA APOIO DOS PARLAMENTARES \u00c0 PEC 443"},"content":{"rendered":"<p>Os Procuradores da Fazenda Nacional (PFNs) e as demais carreiras que comp\u00f5e a Advocacia-Geral da Uni\u00e3o (AGU) mant\u00e9m press\u00e3o aos parlamentares, no Congresso Nacional, pela vota\u00e7\u00e3o e aprova\u00e7\u00e3o, em segundo turno, da PEC 443\/09.<\/p>\n<p>O envolvimento dos PFNs pela celeridade da tramita\u00e7\u00e3o da proposta \u00e9 crescente. Acompanhado dos colegas e filiados, o presidente do SINPROFAZ, Achilles Frias, refor\u00e7ou o di\u00e1logo com os deputados na C\u00e2mara Federal.<\/p>\n<p>O deputado e l\u00edder do PSC, Andr\u00e9 Moura (PSC\/SE), sinalizou que ap\u00f3s a vota\u00e7\u00e3o da PEC 172, a PEC 443 ser\u00e1 pautada com maior celeridade. Mais uma vez, o deputado se comprometeu em refor\u00e7ar com o presidente da C\u00e2mara, Eduardo Cunha (PMDB\/RJ), a import\u00e2ncia de aprovar, o quanto antes, o segundo turno da PEC.<\/p>\n<p>Os deputados Expedito Netto (SD\/RO), Soraya Santos (PMDB\/RJ) e Luiz Carlos Hauly (PSDB\/PR), que \u00e9 ex-secret\u00e1rio de Fazenda do Paran\u00e1, reiteraram apoio \u00e0 Proposta.<\/p>\n<p>&nbsp;<\/p>\n\n\t\t<style type=\"text\/css\">\n\t\t\t#gallery-1 {\n\t\t\t\tmargin: auto;\n\t\t\t}\n\t\t\t#gallery-1 .gallery-item {\n\t\t\t\tfloat: left;\n\t\t\t\tmargin-top: 10px;\n\t\t\t\ttext-align: center;\n\t\t\t\twidth: 33%;\n\t\t\t}\n\t\t\t#gallery-1 img {\n\t\t\t\tborder: 2px solid #cfcfcf;\n\t\t\t}\n\t\t\t#gallery-1 .gallery-caption {\n\t\t\t\tmargin-left: 0;\n\t\t\t}\n\t\t\t\/* see gallery_shortcode() in wp-includes\/media.php *\/\n\t\t<\/style>\n\t\t<div id='gallery-1' class='gallery galleryid-2421 gallery-columns-3 gallery-size-thumbnail'><dl class='gallery-item'>\n\t\t\t<dt class='gallery-icon landscape'>\n\t\t\t\t<a href='https:\/\/sinprofaz.org.br\/2024\/wp-content\/uploads\/2015\/09\/02-50.jpg'><img loading=\"lazy\" decoding=\"async\" width=\"150\" height=\"150\" src=\"https:\/\/sinprofaz.org.br\/2024\/wp-content\/uploads\/2015\/09\/02-50-150x150.jpg\" class=\"attachment-thumbnail size-thumbnail\" alt=\"\" \/><\/a>\n\t\t\t<\/dt><\/dl><dl class='gallery-item'>\n\t\t\t<dt class='gallery-icon landscape'>\n\t\t\t\t<a href='https:\/\/sinprofaz.org.br\/2024\/wp-content\/uploads\/2015\/09\/03-32.jpg'><img loading=\"lazy\" decoding=\"async\" width=\"150\" height=\"150\" src=\"https:\/\/sinprofaz.org.br\/2024\/wp-content\/uploads\/2015\/09\/03-32-150x150.jpg\" class=\"attachment-thumbnail size-thumbnail\" alt=\"\" \/><\/a>\n\t\t\t<\/dt><\/dl><dl class='gallery-item'>\n\t\t\t<dt class='gallery-icon landscape'>\n\t\t\t\t<a href='https:\/\/sinprofaz.org.br\/2024\/wp-content\/uploads\/2015\/09\/04-18.jpg'><img loading=\"lazy\" decoding=\"async\" width=\"150\" height=\"150\" src=\"https:\/\/sinprofaz.org.br\/2024\/wp-content\/uploads\/2015\/09\/04-18-150x150.jpg\" class=\"attachment-thumbnail size-thumbnail\" alt=\"\" \/><\/a>\n\t\t\t<\/dt><\/dl><br style=\"clear: both\" \/><dl class='gallery-item'>\n\t\t\t<dt class='gallery-icon landscape'>\n\t\t\t\t<a href='https:\/\/sinprofaz.org.br\/2024\/wp-content\/uploads\/2015\/09\/05-12.jpg'><img loading=\"lazy\" decoding=\"async\" width=\"150\" height=\"150\" src=\"https:\/\/sinprofaz.org.br\/2024\/wp-content\/uploads\/2015\/09\/05-12-150x150.jpg\" class=\"attachment-thumbnail size-thumbnail\" alt=\"\" \/><\/a>\n\t\t\t<\/dt><\/dl>\n\t\t\t<br style='clear: both' \/>\n\t\t<\/div>\n\n","protected":false},"excerpt":{"rendered":"<p>Os Procuradores da Fazenda Nacional (PFNs) e as demais carreiras que comp\u00f5e a Advocacia-Geral da Uni\u00e3o (AGU) mant\u00e9m press\u00e3o aos parlamentares, no Congresso Nacional, pela vota\u00e7\u00e3o e aprova\u00e7\u00e3o, em segundo turno, da PEC 443\/09.<\/p>\n","protected":false},"author":1,"featured_media":3298,"comment_status":"closed","ping_status":"open","sticky":false,"template":"","format":"standard","meta":{"footnotes":""},"categories":[8],"tags":[],"featured_image_url":"https:\/\/sinprofaz.org.br\/2024\/wp-content\/uploads\/2015\/09\/01-62-800x198.jpg","character_count":668,"formatted_date":"15\/09\/2015 - 22:22","contentNovo":"Os Procuradores da Fazenda Nacional (PFNs) e as demais carreiras que comp\u00f5e a Advocacia-Geral da Uni\u00e3o (AGU) mant\u00e9m press\u00e3o aos parlamentares, no Congresso Nacional, pela vota\u00e7\u00e3o e aprova\u00e7\u00e3o, em segundo turno, da PEC 443\/09.\r\n\r\nO envolvimento dos PFNs pela celeridade da tramita\u00e7\u00e3o da proposta \u00e9 crescente. Acompanhado dos colegas e filiados, o presidente do SINPROFAZ, Achilles Frias, refor\u00e7ou o di\u00e1logo com os deputados na C\u00e2mara Federal.\r\n\r\nO deputado e l\u00edder do PSC, Andr\u00e9 Moura (PSC\/SE), sinalizou que ap\u00f3s a vota\u00e7\u00e3o da PEC 172, a PEC 443 ser\u00e1 pautada com maior celeridade. Mais uma vez, o deputado se comprometeu em refor\u00e7ar com o presidente da C\u00e2mara, Eduardo Cunha (PMDB\/RJ), a import\u00e2ncia de aprovar, o quanto antes, o segundo turno da PEC.\r\n\r\nOs deputados Expedito Netto (SD\/RO), Soraya Santos (PMDB\/RJ) e Luiz Carlos Hauly (PSDB\/PR), que \u00e9 ex-secret\u00e1rio de Fazenda do Paran\u00e1, reiteraram apoio \u00e0 Proposta.\r\n\r\n&nbsp;\r\n\r\n[gallery link=\"file\" ids=\"3300,3301,3302,3304\"]","_links":{"self":[{"href":"https:\/\/sinprofaz.org.br\/2024\/wp-json\/wp\/v2\/posts\/2421"}],"collection":[{"href":"https:\/\/sinprofaz.org.br\/2024\/wp-json\/wp\/v2\/posts"}],"about":[{"href":"https:\/\/sinprofaz.org.br\/2024\/wp-json\/wp\/v2\/types\/post"}],"author":[{"embeddable":true,"href":"https:\/\/sinprofaz.org.br\/2024\/wp-json\/wp\/v2\/users\/1"}],"replies":[{"embeddable":true,"href":"https:\/\/sinprofaz.org.br\/2024\/wp-json\/wp\/v2\/comments?post=2421"}],"version-history":[{"count":2,"href":"https:\/\/sinprofaz.org.br\/2024\/wp-json\/wp\/v2\/posts\/2421\/revisions"}],"predecessor-version":[{"id":3305,"href":"https:\/\/sinprofaz.org.br\/2024\/wp-json\/wp\/v2\/posts\/2421\/revisions\/3305"}],"wp:featuredmedia":[{"embeddable":true,"href":"https:\/\/sinprofaz.org.br\/2024\/wp-json\/wp\/v2\/media\/3298"}],"wp:attachment":[{"href":"https:\/\/sinprofaz.org.br\/2024\/wp-json\/wp\/v2\/media?parent=2421"}],"wp:term":[{"taxonomy":"category","embeddable":true,"href":"https:\/\/sinprofaz.org.br\/2024\/wp-json\/wp\/v2\/categories?post=2421"},{"taxonomy":"post_tag","embeddable":true,"href":"https:\/\/sinprofaz.org.br\/2024\/wp-json\/wp\/v2\/tags?post=2421"}],"curies":[{"name":"wp","href":"https:\/\/api.w.org\/{rel}","templated":true}]}}