{"id":2419,"date":"2015-09-14T11:50:22","date_gmt":"2015-09-14T11:50:22","guid":{"rendered":""},"modified":"2016-03-11T14:04:31","modified_gmt":"2016-03-11T14:04:31","slug":"nota-de-repudio-2","status":"publish","type":"post","link":"https:\/\/sinprofaz.org.br\/2024\/noticias\/nota-de-repudio-2\/","title":{"rendered":"NOTA DE REP\u00daDIO"},"content":{"rendered":"<p>Nesse dia fat\u00eddico, em total viola\u00e7\u00e3o ao que disp\u00f5e o Estatuto da OAB \u2013 Lei n\u00ba 8.906\/94, o qual prev\u00ea as prerrogativas dos Advogados e da Lei Complementar n\u00ba 73\/93, a qual estabelece as prerrogativas pr\u00f3prias dos Advogados P\u00fablicos, diversos Procuradores da Fazenda Nacional tiveram seu acesso negado ao edif\u00edcio sede do Minist\u00e9rio da Fazenda, em ato de total desrespeito praticado pelo Procurador-Geral contra seus pares.<\/p>\n<p>Tal conduta \u00e9 incompat\u00edvel com a dignidade de um Procurador da Fazenda Nacional, no exerc\u00edcio da fun\u00e7\u00e3o de Procurador-Geral, de uma carreira que se consubstancia em Fun\u00e7\u00e3o Essencial \u00e0 Justi\u00e7a. Esta conduta \u00e9 um retrato de um modelo de Administra\u00e7\u00e3o que est\u00e1 FALIDO e que exerce o poder pelo poder, de todo afastado da busca do aprimoramento do di\u00e1logo, democracia e crescimento Institucional.<\/p>\n<p>A utiliza\u00e7\u00e3o de for\u00e7a armada para garantir que aqueles ocupantes de cargos comissionados, exercentes de um poder de fato, n\u00e3o de direito, n\u00e3o tenham que dialogar nem mesmo com o Presidente de uma associa\u00e7\u00e3o de classe, demonstra, de forma clara, a ciz\u00e2nia hoje existente no seio da AGU, e traz consequ\u00eancias nefastas para as carreiras, uma delas vista no dia 10 de setembro, em que o autoritarismo buscou salvaguarda no medo para se fazer valer.<\/p>\n<p>As justificativas apresentadas al\u00e9m de qualificarem todos os Advogados P\u00fablicos engajados no movimento como incapazes de comportamento ordeiro e pac\u00edfico, denota o sentimento dos ocupantes de fun\u00e7\u00f5es comissionadas no Alto Escal\u00e3o de pertencimento a outra carreira e estamento distintos dos demais Advogados P\u00fablicos que n\u00e3o ocupam tais fun\u00e7\u00f5es, os quais exercem, dignamente, seu munus p\u00fablico diariamente desprovidos das condi\u00e7\u00f5es m\u00ednimas adequadas.<\/p>\n<p>Nesse esp\u00edrito, o SINPROFAZ abomina e repudia os fatos ocorridos no \u00e2mbito do Minist\u00e9rio da Fazenda, que tiveram como autor membro da PGFN, hoje Procurador-Geral em exerc\u00edcio, assim como exige a retrata\u00e7\u00e3o p\u00fablica e formal do Gabinete da PGFN, al\u00e9m do compromisso de que atos de tal natureza n\u00e3o mais gracejem num \u00f3rg\u00e3o gestado constitucionalmente para promover, dentro de seu \u00e2mbito de atua\u00e7\u00e3o, a Democracia e as Liberdades P\u00fablicas.<\/p>\n","protected":false},"excerpt":{"rendered":"<p>O dia 10 de setembro de 2015 se torna um dia triste na mem\u00f3ria da PGFN e da AGU que, enquanto Institui\u00e7\u00e3o da Rep\u00fablica respons\u00e1vel pela interpreta\u00e7\u00e3o da lei e controle da legalidade no \u00e2mbito do Poder Executivo, viu praticado por dirigente m\u00e1ximo de uma das quatro carreiras integrantes da AGU um ato de barb\u00e1rie moral.<\/p>\n","protected":false},"author":1,"featured_media":2626,"comment_status":"closed","ping_status":"open","sticky":false,"template":"","format":"standard","meta":{"footnotes":""},"categories":[8],"tags":[],"featured_image_url":"https:\/\/sinprofaz.org.br\/2024\/wp-content\/uploads\/2016\/01\/logo-sinprofaz.jpg","character_count":1106,"formatted_date":"14\/09\/2015 - 11:50","contentNovo":"Nesse dia fat\u00eddico, em total viola\u00e7\u00e3o ao que disp\u00f5e o Estatuto da OAB \u2013 Lei n\u00ba 8.906\/94, o qual prev\u00ea as prerrogativas dos Advogados e da Lei Complementar n\u00ba 73\/93, a qual estabelece as prerrogativas pr\u00f3prias dos Advogados P\u00fablicos, diversos Procuradores da Fazenda Nacional tiveram seu acesso negado ao edif\u00edcio sede do Minist\u00e9rio da Fazenda, em ato de total desrespeito praticado pelo Procurador-Geral contra seus pares.\r\n\r\nTal conduta \u00e9 incompat\u00edvel com a dignidade de um Procurador da Fazenda Nacional, no exerc\u00edcio da fun\u00e7\u00e3o de Procurador-Geral, de uma carreira que se consubstancia em Fun\u00e7\u00e3o Essencial \u00e0 Justi\u00e7a. Esta conduta \u00e9 um retrato de um modelo de Administra\u00e7\u00e3o que est\u00e1 FALIDO e que exerce o poder pelo poder, de todo afastado da busca do aprimoramento do di\u00e1logo, democracia e crescimento Institucional.\r\n\r\nA utiliza\u00e7\u00e3o de for\u00e7a armada para garantir que aqueles ocupantes de cargos comissionados, exercentes de um poder de fato, n\u00e3o de direito, n\u00e3o tenham que dialogar nem mesmo com o Presidente de uma associa\u00e7\u00e3o de classe, demonstra, de forma clara, a ciz\u00e2nia hoje existente no seio da AGU, e traz consequ\u00eancias nefastas para as carreiras, uma delas vista no dia 10 de setembro, em que o autoritarismo buscou salvaguarda no medo para se fazer valer.\r\n\r\nAs justificativas apresentadas al\u00e9m de qualificarem todos os Advogados P\u00fablicos engajados no movimento como incapazes de comportamento ordeiro e pac\u00edfico, denota o sentimento dos ocupantes de fun\u00e7\u00f5es comissionadas no Alto Escal\u00e3o de pertencimento a outra carreira e estamento distintos dos demais Advogados P\u00fablicos que n\u00e3o ocupam tais fun\u00e7\u00f5es, os quais exercem, dignamente, seu munus p\u00fablico diariamente desprovidos das condi\u00e7\u00f5es m\u00ednimas adequadas.\r\n\r\nNesse esp\u00edrito, o SINPROFAZ abomina e repudia os fatos ocorridos no \u00e2mbito do Minist\u00e9rio da Fazenda, que tiveram como autor membro da PGFN, hoje Procurador-Geral em exerc\u00edcio, assim como exige a retrata\u00e7\u00e3o p\u00fablica e formal do Gabinete da PGFN, al\u00e9m do compromisso de que atos de tal natureza n\u00e3o mais gracejem num \u00f3rg\u00e3o gestado constitucionalmente para promover, dentro de seu \u00e2mbito de atua\u00e7\u00e3o, a Democracia e as Liberdades P\u00fablicas.","_links":{"self":[{"href":"https:\/\/sinprofaz.org.br\/2024\/wp-json\/wp\/v2\/posts\/2419"}],"collection":[{"href":"https:\/\/sinprofaz.org.br\/2024\/wp-json\/wp\/v2\/posts"}],"about":[{"href":"https:\/\/sinprofaz.org.br\/2024\/wp-json\/wp\/v2\/types\/post"}],"author":[{"embeddable":true,"href":"https:\/\/sinprofaz.org.br\/2024\/wp-json\/wp\/v2\/users\/1"}],"replies":[{"embeddable":true,"href":"https:\/\/sinprofaz.org.br\/2024\/wp-json\/wp\/v2\/comments?post=2419"}],"version-history":[{"count":1,"href":"https:\/\/sinprofaz.org.br\/2024\/wp-json\/wp\/v2\/posts\/2419\/revisions"}],"predecessor-version":[{"id":3317,"href":"https:\/\/sinprofaz.org.br\/2024\/wp-json\/wp\/v2\/posts\/2419\/revisions\/3317"}],"wp:featuredmedia":[{"embeddable":true,"href":"https:\/\/sinprofaz.org.br\/2024\/wp-json\/wp\/v2\/media\/2626"}],"wp:attachment":[{"href":"https:\/\/sinprofaz.org.br\/2024\/wp-json\/wp\/v2\/media?parent=2419"}],"wp:term":[{"taxonomy":"category","embeddable":true,"href":"https:\/\/sinprofaz.org.br\/2024\/wp-json\/wp\/v2\/categories?post=2419"},{"taxonomy":"post_tag","embeddable":true,"href":"https:\/\/sinprofaz.org.br\/2024\/wp-json\/wp\/v2\/tags?post=2419"}],"curies":[{"name":"wp","href":"https:\/\/api.w.org\/{rel}","templated":true}]}}