{"id":2418,"date":"2015-09-11T21:36:09","date_gmt":"2015-09-11T21:36:09","guid":{"rendered":""},"modified":"2016-03-11T14:07:09","modified_gmt":"2016-03-11T14:07:09","slug":"filiados-ao-sinprofaz-ja-podem-preencher-procuracao-eletronica-da-age","status":"publish","type":"post","link":"https:\/\/sinprofaz.org.br\/2024\/noticias\/filiados-ao-sinprofaz-ja-podem-preencher-procuracao-eletronica-da-age\/","title":{"rendered":"FILIADOS AO SINPROFAZ J\u00c1 PODEM PREENCHER PROCURA\u00c7\u00c3O ELETR\u00d4NICA DA AGE"},"content":{"rendered":"<p>Al\u00e9m do preenchimento, via formul\u00e1rio eletr\u00f4nico, o Sindicato oferece outras op\u00e7\u00f5es ao filiado. As procura\u00e7\u00f5es j\u00e1 foram enviadas na quarta-feira (02), via Correios, com Aviso de Recebimento (AR). Os Procuradores que n\u00e3o puderem comparecer para a vota\u00e7\u00e3o poder\u00e3o entregar suas procura\u00e7\u00f5es para o delegado sindical de seus Estados ou encaminhar para o presidente do SINPROFAZ.<\/p>\n<p>A participa\u00e7\u00e3o dos colegas \u00e9 de suma import\u00e2ncia para o fortalecimento cont\u00ednuo da Carreira e do Sindicato.<\/p>\n<p><strong>O que:<\/strong> Assembleia Geral Extraordin\u00e1ria (AGE)<br \/>\n<strong>Quando:<\/strong> 24 de setembro \u00e0s 9h<br \/>\n<strong>Onde:<\/strong> Hotel Comfort Suites Bras\u00edlia<br \/>\n<strong>Endere\u00e7o:<\/strong> Setor Hoteleiro Norte, Quadra 04 \u2013 Lote D \u2013 Asa<\/p>\n<p>Passo-a-passo para acesso \u00e0 \u00c1rea do Filiado:<\/p>\n<ol>\n<li>Clique <a href=\"restrito\/area-do-filiado\" target=\"_blank\">aqui<\/a> para acessar a \u201c\u00c1rea do Filiado\u201d, lembrando que \u00e9 necess\u00e1rio digitar sua matr\u00edcula SIAPE e senha.<\/li>\n<li>Na \u00c1rea do Filiado, abaixo do t\u00edtulo &#8220;<strong>Destaques<\/strong>&#8220;, veja a pasta &#8220;<img decoding=\"async\" style=\"border: 0px; vertical-align: middle; margin-right: 5px;\" src=\"\/images\/stories\/folder-drag-accept.png\" alt=\"\" \/>DOCUMENTOS RELACIONADOS &#8211; AGE &#8211; SETEMBRO\/2015&#8243;.<\/li>\n<li>Clique no arquivo &#8220;<img decoding=\"async\" style=\"border: 0px; vertical-align: middle; margin-right: 5px;\" title=\"P\u00e1gina WEB\" src=\"\/images\/stories\/page_world.png\" alt=\"\" \/><span style=\"color: #dcaa24;\">Procura\u00e7\u00e3o Eletr\u00f4nica<\/span>&#8220;. O associado poder\u00e1 optar pela vota\u00e7\u00e3o digital ou utilizar a <strong><span style=\"color: #f00;\">vers\u00e3o para impress\u00e3o<\/span><\/strong>.<\/li>\n<\/ol>\n","protected":false},"excerpt":{"rendered":"<p>A partir de hoje (11), os Procuradores da Fazenda Nacional (PFNs) sindicalizados ao SINPROFAZ j\u00e1 podem preencher a procura\u00e7\u00e3o eletr\u00f4nica para a Assembleia Geral Extraordin\u00e1ria (AGE) da entidade. A reuni\u00e3o ser\u00e1 realizada no pr\u00f3ximo dia 24 de setembro, no Hotel Comfort Suites, em Bras\u00edlia.<\/p>\n","protected":false},"author":1,"featured_media":3318,"comment_status":"closed","ping_status":"open","sticky":false,"template":"","format":"standard","meta":{"footnotes":""},"categories":[8],"tags":[],"featured_image_url":"https:\/\/sinprofaz.org.br\/2024\/wp-content\/uploads\/2015\/09\/age.jpg","character_count":571,"formatted_date":"11\/09\/2015 - 21:36","contentNovo":"Al\u00e9m do preenchimento, via formul\u00e1rio eletr\u00f4nico, o Sindicato oferece outras op\u00e7\u00f5es ao filiado. As procura\u00e7\u00f5es j\u00e1 foram enviadas na quarta-feira (02), via Correios, com Aviso de Recebimento (AR). Os Procuradores que n\u00e3o puderem comparecer para a vota\u00e7\u00e3o poder\u00e3o entregar suas procura\u00e7\u00f5es para o delegado sindical de seus Estados ou encaminhar para o presidente do SINPROFAZ.\r\n\r\nA participa\u00e7\u00e3o dos colegas \u00e9 de suma import\u00e2ncia para o fortalecimento cont\u00ednuo da Carreira e do Sindicato.\r\n\r\n<strong>O que:<\/strong> Assembleia Geral Extraordin\u00e1ria (AGE)\r\n<strong>Quando:<\/strong> 24 de setembro \u00e0s 9h\r\n<strong>Onde:<\/strong> Hotel Comfort Suites Bras\u00edlia\r\n<strong>Endere\u00e7o:<\/strong> Setor Hoteleiro Norte, Quadra 04 \u2013 Lote D \u2013 Asa\r\n\r\nPasso-a-passo para acesso \u00e0 \u00c1rea do Filiado:\r\n\r\n\tClique <a href=\"restrito\/area-do-filiado\" target=\"_blank\">aqui<\/a> para acessar a \u201c\u00c1rea do Filiado\u201d, lembrando que \u00e9 necess\u00e1rio digitar sua matr\u00edcula SIAPE e senha.\r\n\tNa \u00c1rea do Filiado, abaixo do t\u00edtulo \"<strong>Destaques<\/strong>\", veja a pasta \"DOCUMENTOS RELACIONADOS - AGE - SETEMBRO\/2015\".\r\n\tClique no arquivo \"Procura\u00e7\u00e3o Eletr\u00f4nica\". O associado poder\u00e1 optar pela vota\u00e7\u00e3o digital ou utilizar a <strong>vers\u00e3o para impress\u00e3o<\/strong>.\r\n","_links":{"self":[{"href":"https:\/\/sinprofaz.org.br\/2024\/wp-json\/wp\/v2\/posts\/2418"}],"collection":[{"href":"https:\/\/sinprofaz.org.br\/2024\/wp-json\/wp\/v2\/posts"}],"about":[{"href":"https:\/\/sinprofaz.org.br\/2024\/wp-json\/wp\/v2\/types\/post"}],"author":[{"embeddable":true,"href":"https:\/\/sinprofaz.org.br\/2024\/wp-json\/wp\/v2\/users\/1"}],"replies":[{"embeddable":true,"href":"https:\/\/sinprofaz.org.br\/2024\/wp-json\/wp\/v2\/comments?post=2418"}],"version-history":[{"count":1,"href":"https:\/\/sinprofaz.org.br\/2024\/wp-json\/wp\/v2\/posts\/2418\/revisions"}],"predecessor-version":[{"id":3319,"href":"https:\/\/sinprofaz.org.br\/2024\/wp-json\/wp\/v2\/posts\/2418\/revisions\/3319"}],"wp:featuredmedia":[{"embeddable":true,"href":"https:\/\/sinprofaz.org.br\/2024\/wp-json\/wp\/v2\/media\/3318"}],"wp:attachment":[{"href":"https:\/\/sinprofaz.org.br\/2024\/wp-json\/wp\/v2\/media?parent=2418"}],"wp:term":[{"taxonomy":"category","embeddable":true,"href":"https:\/\/sinprofaz.org.br\/2024\/wp-json\/wp\/v2\/categories?post=2418"},{"taxonomy":"post_tag","embeddable":true,"href":"https:\/\/sinprofaz.org.br\/2024\/wp-json\/wp\/v2\/tags?post=2418"}],"curies":[{"name":"wp","href":"https:\/\/api.w.org\/{rel}","templated":true}]}}