{"id":2417,"date":"2015-09-11T19:46:08","date_gmt":"2015-09-11T19:46:08","guid":{"rendered":""},"modified":"2016-03-11T14:25:46","modified_gmt":"2016-03-11T14:25:46","slug":"correio-braziliense-denuncia-desrespeito-com-pfns-no-ministerio-da-fazenda","status":"publish","type":"post","link":"https:\/\/sinprofaz.org.br\/2024\/noticias\/correio-braziliense-denuncia-desrespeito-com-pfns-no-ministerio-da-fazenda\/","title":{"rendered":"CORREIO BRAZILIENSE DENUNCIA DESRESPEITO COM PFNs NO MINIST\u00c9RIO DA FAZENDA"},"content":{"rendered":"<p>Blog do editor de economia do Correio Braziliense, Vicente Nunes, e sua coluna na edi\u00e7\u00e3o de hoje (11) do jornal, denunciam trucul\u00eancia no Minist\u00e9rio da Fazenda. O colunista e editor noticiou o desrespeito do Minist\u00e9rio da Fazenda com os Procuradores da Fazenda Nacional.<\/p>\n<p>Na tarde desta quinta-feira (10), membros da Carreira foram impedidos de acompanhar a reuni\u00e3o com o procurador-geral da Fazenda Nacional, Paulo Riscado para tratar da atual situa\u00e7\u00e3o calamitosa da PGFN. Os Procuradores da Fazenda Nacional foram barrados em sua pr\u00f3pria casa, o Minist\u00e9rio da Fazenda.<\/p>\n<p>Na not\u00edcia, o presidente do Sinprofaz, Achilles Frias, externou sua indigna\u00e7\u00e3o. &#8220;Pleiteamos um espa\u00e7o na reuni\u00e3o para apresentar a situa\u00e7\u00e3o atual do movimento ao ensejo da presen\u00e7a de colegas de todo pa\u00eds. O fato de sermos barrados dentro da nossa pr\u00f3pria casa, e o injustific\u00e1vel refor\u00e7o da seguran\u00e7a implicam em evidente desrespeito aos procuradores e suas prerrogativas&#8221;, ressaltou Frias.<\/p>\n<p>Leia mais clicando <a href=\"http:\/\/www.dzai.com.br\/nunes\/blog\/blogdovicente?tv_pos_id=182829\" target=\"_blank\">aqui<\/a>.<\/p>\n","protected":false},"excerpt":{"rendered":"<p>Blog do editor de economia do Correio Braziliense, Vicente Nunes, e sua coluna na edi\u00e7\u00e3o de hoje (11) do jornal, denunciam trucul\u00eancia no Minist\u00e9rio da Fazenda. O colunista e editor noticiou o desrespeito do Minist\u00e9rio da Fazenda com os Procuradores da Fazenda Nacional.<\/p>\n","protected":false},"author":1,"featured_media":3287,"comment_status":"closed","ping_status":"open","sticky":false,"template":"","format":"standard","meta":{"footnotes":""},"categories":[8],"tags":[],"featured_image_url":"https:\/\/sinprofaz.org.br\/2024\/wp-content\/uploads\/2015\/09\/correio-brasiliense.jpg","character_count":511,"formatted_date":"11\/09\/2015 - 19:46","contentNovo":"Blog do editor de economia do Correio Braziliense, Vicente Nunes, e sua coluna na edi\u00e7\u00e3o de hoje (11) do jornal, denunciam trucul\u00eancia no Minist\u00e9rio da Fazenda. O colunista e editor noticiou o desrespeito do Minist\u00e9rio da Fazenda com os Procuradores da Fazenda Nacional.\r\n\r\nNa tarde desta quinta-feira (10), membros da Carreira foram impedidos de acompanhar a reuni\u00e3o com o procurador-geral da Fazenda Nacional, Paulo Riscado para tratar da atual situa\u00e7\u00e3o calamitosa da PGFN. Os Procuradores da Fazenda Nacional foram barrados em sua pr\u00f3pria casa, o Minist\u00e9rio da Fazenda.\r\n\r\nNa not\u00edcia, o presidente do Sinprofaz, Achilles Frias, externou sua indigna\u00e7\u00e3o. \"Pleiteamos um espa\u00e7o na reuni\u00e3o para apresentar a situa\u00e7\u00e3o atual do movimento ao ensejo da presen\u00e7a de colegas de todo pa\u00eds. O fato de sermos barrados dentro da nossa pr\u00f3pria casa, e o injustific\u00e1vel refor\u00e7o da seguran\u00e7a implicam em evidente desrespeito aos procuradores e suas prerrogativas\", ressaltou Frias.\r\n\r\nLeia mais clicando <a href=\"http:\/\/www.dzai.com.br\/nunes\/blog\/blogdovicente?tv_pos_id=182829\" target=\"_blank\">aqui<\/a>.","_links":{"self":[{"href":"https:\/\/sinprofaz.org.br\/2024\/wp-json\/wp\/v2\/posts\/2417"}],"collection":[{"href":"https:\/\/sinprofaz.org.br\/2024\/wp-json\/wp\/v2\/posts"}],"about":[{"href":"https:\/\/sinprofaz.org.br\/2024\/wp-json\/wp\/v2\/types\/post"}],"author":[{"embeddable":true,"href":"https:\/\/sinprofaz.org.br\/2024\/wp-json\/wp\/v2\/users\/1"}],"replies":[{"embeddable":true,"href":"https:\/\/sinprofaz.org.br\/2024\/wp-json\/wp\/v2\/comments?post=2417"}],"version-history":[{"count":1,"href":"https:\/\/sinprofaz.org.br\/2024\/wp-json\/wp\/v2\/posts\/2417\/revisions"}],"predecessor-version":[{"id":3320,"href":"https:\/\/sinprofaz.org.br\/2024\/wp-json\/wp\/v2\/posts\/2417\/revisions\/3320"}],"wp:featuredmedia":[{"embeddable":true,"href":"https:\/\/sinprofaz.org.br\/2024\/wp-json\/wp\/v2\/media\/3287"}],"wp:attachment":[{"href":"https:\/\/sinprofaz.org.br\/2024\/wp-json\/wp\/v2\/media?parent=2417"}],"wp:term":[{"taxonomy":"category","embeddable":true,"href":"https:\/\/sinprofaz.org.br\/2024\/wp-json\/wp\/v2\/categories?post=2417"},{"taxonomy":"post_tag","embeddable":true,"href":"https:\/\/sinprofaz.org.br\/2024\/wp-json\/wp\/v2\/tags?post=2417"}],"curies":[{"name":"wp","href":"https:\/\/api.w.org\/{rel}","templated":true}]}}