{"id":2416,"date":"2015-09-10T20:17:56","date_gmt":"2015-09-10T20:17:56","guid":{"rendered":""},"modified":"2016-03-11T14:27:07","modified_gmt":"2016-03-11T14:27:07","slug":"sinprofaz-mantem-atuacao-no-congresso-nacional-pela-votacao-da-pec-443","status":"publish","type":"post","link":"https:\/\/sinprofaz.org.br\/2024\/noticias\/sinprofaz-mantem-atuacao-no-congresso-nacional-pela-votacao-da-pec-443\/","title":{"rendered":"SINPROFAZ mant\u00e9m atua\u00e7\u00e3o no Congresso Nacional pela vota\u00e7\u00e3o da PEC 443"},"content":{"rendered":"<p>O Sindicado Nacional dos Procuradores da Fazenda Nacional, representado pelo presidente Achilles Frias, mant\u00e9m a press\u00e3o junto aos parlamentares da C\u00e2mara dos Deputados.<\/p>\n<p>Acompanhado do PFN, Paulo Andr\u00e9 Sim\u00f5es, lotado na PGFN 3\u00aa Regi\u00e3o, Frias recebeu o apoio de alguns deputados para a vota\u00e7\u00e3o, em segundo turno, da PEC 443\/ 09.<\/p>\n<p>Dentre eles, os deputados Paulo Pereira da Silva (SD\/SP), o Paulinho da For\u00e7a, Expedito Netto (SD\/RO) e Andres Sanchez ( PT\/SP) que, na noite desta quarta-feira (09), externaram apoio \u00e0 proposta da Advocacia P\u00fablica.<\/p>\n<p>&nbsp;<\/p>\n\n\t\t<style type=\"text\/css\">\n\t\t\t#gallery-1 {\n\t\t\t\tmargin: auto;\n\t\t\t}\n\t\t\t#gallery-1 .gallery-item {\n\t\t\t\tfloat: left;\n\t\t\t\tmargin-top: 10px;\n\t\t\t\ttext-align: center;\n\t\t\t\twidth: 33%;\n\t\t\t}\n\t\t\t#gallery-1 img {\n\t\t\t\tborder: 2px solid #cfcfcf;\n\t\t\t}\n\t\t\t#gallery-1 .gallery-caption {\n\t\t\t\tmargin-left: 0;\n\t\t\t}\n\t\t\t\/* see gallery_shortcode() in wp-includes\/media.php *\/\n\t\t<\/style>\n\t\t<div id='gallery-1' class='gallery galleryid-2416 gallery-columns-3 gallery-size-thumbnail'><dl class='gallery-item'>\n\t\t\t<dt class='gallery-icon landscape'>\n\t\t\t\t<a href='https:\/\/sinprofaz.org.br\/2024\/wp-content\/uploads\/2015\/09\/02-51.jpg'><img loading=\"lazy\" decoding=\"async\" width=\"150\" height=\"150\" src=\"https:\/\/sinprofaz.org.br\/2024\/wp-content\/uploads\/2015\/09\/02-51-150x150.jpg\" class=\"attachment-thumbnail size-thumbnail\" alt=\"\" \/><\/a>\n\t\t\t<\/dt><\/dl>\n\t\t\t<br style='clear: both' \/>\n\t\t<\/div>\n\n","protected":false},"excerpt":{"rendered":"<p>O Sindicado Nacional dos Procuradores da Fazenda Nacional, representado pelo presidente Achilles Frias, mant\u00e9m a press\u00e3o junto aos parlamentares da C\u00e2mara dos Deputados.<\/p>\n","protected":false},"author":1,"featured_media":3321,"comment_status":"closed","ping_status":"open","sticky":false,"template":"","format":"standard","meta":{"footnotes":""},"categories":[8],"tags":[],"featured_image_url":"https:\/\/sinprofaz.org.br\/2024\/wp-content\/uploads\/2015\/09\/01-63-800x198.jpg","character_count":460,"formatted_date":"10\/09\/2015 - 20:17","contentNovo":"O Sindicado Nacional dos Procuradores da Fazenda Nacional, representado pelo presidente Achilles Frias, mant\u00e9m a press\u00e3o junto aos parlamentares da C\u00e2mara dos Deputados.\r\n\r\nAcompanhado do PFN, Paulo Andr\u00e9 Sim\u00f5es, lotado na PGFN 3\u00aa Regi\u00e3o, Frias recebeu o apoio de alguns deputados para a vota\u00e7\u00e3o, em segundo turno, da PEC 443\/ 09.\r\n\r\nDentre eles, os deputados Paulo Pereira da Silva (SD\/SP), o Paulinho da For\u00e7a, Expedito Netto (SD\/RO) e Andres Sanchez ( PT\/SP) que, na noite desta quarta-feira (09), externaram apoio \u00e0 proposta da Advocacia P\u00fablica.\r\n\r\n&nbsp;\r\n\r\n[gallery link=\"file\" ids=\"3322\"]","_links":{"self":[{"href":"https:\/\/sinprofaz.org.br\/2024\/wp-json\/wp\/v2\/posts\/2416"}],"collection":[{"href":"https:\/\/sinprofaz.org.br\/2024\/wp-json\/wp\/v2\/posts"}],"about":[{"href":"https:\/\/sinprofaz.org.br\/2024\/wp-json\/wp\/v2\/types\/post"}],"author":[{"embeddable":true,"href":"https:\/\/sinprofaz.org.br\/2024\/wp-json\/wp\/v2\/users\/1"}],"replies":[{"embeddable":true,"href":"https:\/\/sinprofaz.org.br\/2024\/wp-json\/wp\/v2\/comments?post=2416"}],"version-history":[{"count":1,"href":"https:\/\/sinprofaz.org.br\/2024\/wp-json\/wp\/v2\/posts\/2416\/revisions"}],"predecessor-version":[{"id":3323,"href":"https:\/\/sinprofaz.org.br\/2024\/wp-json\/wp\/v2\/posts\/2416\/revisions\/3323"}],"wp:featuredmedia":[{"embeddable":true,"href":"https:\/\/sinprofaz.org.br\/2024\/wp-json\/wp\/v2\/media\/3321"}],"wp:attachment":[{"href":"https:\/\/sinprofaz.org.br\/2024\/wp-json\/wp\/v2\/media?parent=2416"}],"wp:term":[{"taxonomy":"category","embeddable":true,"href":"https:\/\/sinprofaz.org.br\/2024\/wp-json\/wp\/v2\/categories?post=2416"},{"taxonomy":"post_tag","embeddable":true,"href":"https:\/\/sinprofaz.org.br\/2024\/wp-json\/wp\/v2\/tags?post=2416"}],"curies":[{"name":"wp","href":"https:\/\/api.w.org\/{rel}","templated":true}]}}