{"id":2415,"date":"2015-09-09T20:39:14","date_gmt":"2015-09-09T20:39:14","guid":{"rendered":""},"modified":"2016-03-11T14:28:42","modified_gmt":"2016-03-11T14:28:42","slug":"forvm-rechaca-a-exclusao-dos-aposentados-da-percepcao-de-honorarios","status":"publish","type":"post","link":"https:\/\/sinprofaz.org.br\/2024\/noticias\/forvm-rechaca-a-exclusao-dos-aposentados-da-percepcao-de-honorarios\/","title":{"rendered":"Forvm recha\u00e7a a exclus\u00e3o dos aposentados da percep\u00e7\u00e3o de Honor\u00e1rios"},"content":{"rendered":"<p>O Forvm Nacional da Advocacia P\u00fablica Federal se reuniu na tarde desta quarta-feira (09), em Bras\u00edlia, para discutir a atua\u00e7\u00e3o do colegiado em rela\u00e7\u00e3o aos projetos de interesse da Advocacia P\u00fablica. O ponto central da discuss\u00e3o foi a negocia\u00e7\u00e3o com o Minist\u00e9rio do Planejamento referente ao reajuste salarial e valoriza\u00e7\u00e3o dos membros da Advocacia-Geral da Uni\u00e3o.<\/p>\n<p>Durante o encontro, ficou determinado que a posi\u00e7\u00e3o do Forvm \u00e9 de rejei\u00e7\u00e3o a qualquer discrimina\u00e7\u00e3o dos servidores aposentados na distribui\u00e7\u00e3o dos honor\u00e1rios sucumbenciais. Em respeito a todo o trabalho desempenhado por esta entidade na discuss\u00e3o e consolida\u00e7\u00e3o dos Honor\u00e1rios para a Advocacia P\u00fablica, n\u00e3o haveria como ser outra a posi\u00e7\u00e3o do Forvm.<\/p>\n","protected":false},"excerpt":{"rendered":"<p>O Forvm Nacional da Advocacia P\u00fablica Federal se reuniu na tarde desta quarta-feira (09), em Bras\u00edlia, para discutir a atua\u00e7\u00e3o do colegiado em rela\u00e7\u00e3o aos projetos de interesse da Advocacia P\u00fablica.<\/p>\n","protected":false},"author":1,"featured_media":3324,"comment_status":"closed","ping_status":"open","sticky":false,"template":"","format":"standard","meta":{"footnotes":""},"categories":[8],"tags":[],"featured_image_url":"https:\/\/sinprofaz.org.br\/2024\/wp-content\/uploads\/2015\/09\/01-64-600x198.jpg","character_count":373,"formatted_date":"09\/09\/2015 - 20:39","contentNovo":"O Forvm Nacional da Advocacia P\u00fablica Federal se reuniu na tarde desta quarta-feira (09), em Bras\u00edlia, para discutir a atua\u00e7\u00e3o do colegiado em rela\u00e7\u00e3o aos projetos de interesse da Advocacia P\u00fablica. O ponto central da discuss\u00e3o foi a negocia\u00e7\u00e3o com o Minist\u00e9rio do Planejamento referente ao reajuste salarial e valoriza\u00e7\u00e3o dos membros da Advocacia-Geral da Uni\u00e3o.\r\n\r\nDurante o encontro, ficou determinado que a posi\u00e7\u00e3o do Forvm \u00e9 de rejei\u00e7\u00e3o a qualquer discrimina\u00e7\u00e3o dos servidores aposentados na distribui\u00e7\u00e3o dos honor\u00e1rios sucumbenciais. Em respeito a todo o trabalho desempenhado por esta entidade na discuss\u00e3o e consolida\u00e7\u00e3o dos Honor\u00e1rios para a Advocacia P\u00fablica, n\u00e3o haveria como ser outra a posi\u00e7\u00e3o do Forvm.","_links":{"self":[{"href":"https:\/\/sinprofaz.org.br\/2024\/wp-json\/wp\/v2\/posts\/2415"}],"collection":[{"href":"https:\/\/sinprofaz.org.br\/2024\/wp-json\/wp\/v2\/posts"}],"about":[{"href":"https:\/\/sinprofaz.org.br\/2024\/wp-json\/wp\/v2\/types\/post"}],"author":[{"embeddable":true,"href":"https:\/\/sinprofaz.org.br\/2024\/wp-json\/wp\/v2\/users\/1"}],"replies":[{"embeddable":true,"href":"https:\/\/sinprofaz.org.br\/2024\/wp-json\/wp\/v2\/comments?post=2415"}],"version-history":[{"count":1,"href":"https:\/\/sinprofaz.org.br\/2024\/wp-json\/wp\/v2\/posts\/2415\/revisions"}],"predecessor-version":[{"id":3325,"href":"https:\/\/sinprofaz.org.br\/2024\/wp-json\/wp\/v2\/posts\/2415\/revisions\/3325"}],"wp:featuredmedia":[{"embeddable":true,"href":"https:\/\/sinprofaz.org.br\/2024\/wp-json\/wp\/v2\/media\/3324"}],"wp:attachment":[{"href":"https:\/\/sinprofaz.org.br\/2024\/wp-json\/wp\/v2\/media?parent=2415"}],"wp:term":[{"taxonomy":"category","embeddable":true,"href":"https:\/\/sinprofaz.org.br\/2024\/wp-json\/wp\/v2\/categories?post=2415"},{"taxonomy":"post_tag","embeddable":true,"href":"https:\/\/sinprofaz.org.br\/2024\/wp-json\/wp\/v2\/tags?post=2415"}],"curies":[{"name":"wp","href":"https:\/\/api.w.org\/{rel}","templated":true}]}}