{"id":2414,"date":"2015-09-08T21:36:08","date_gmt":"2015-09-08T21:36:08","guid":{"rendered":""},"modified":"2016-03-11T14:37:11","modified_gmt":"2016-03-11T14:37:11","slug":"mobilizacao-dos-pfns-e-crescente-no-congresso-nacional","status":"publish","type":"post","link":"https:\/\/sinprofaz.org.br\/2024\/noticias\/mobilizacao-dos-pfns-e-crescente-no-congresso-nacional\/","title":{"rendered":"MOBILIZA\u00c7\u00c3O DOS PFNs \u00c9 CRESCENTE NO CONGRESSO NACIONAL"},"content":{"rendered":"<p>Procuradores da Fazenda Nacional (PFNs) e demais carreiras da Advocacia-Geral da Uni\u00e3o (AGU) lotaram o Corredor de L\u00edderes na C\u00e2mara dos Deputados, nesta ter\u00e7a-feira (08), em Bras\u00edlia.<\/p>\n<p>O SINPROFAZ, representado pelo presidente, Achilles Frias, atuou solicitando apoio aos parlamentares para a celeridade da vota\u00e7\u00e3o, em segundo turno, da PEC 443\/09. A mobiliza\u00e7\u00e3o das carreiras cresce e ganha for\u00e7a junto aos parlamentares pela aprova\u00e7\u00e3o da proposta.<\/p>\n<p>O deputado Nilson Leit\u00e3o (PSDB\/MT) manifestou apoio para que a PEC 443 seja votada o quanto antes.<\/p>\n<p>&nbsp;<\/p>\n\n\t\t<style type=\"text\/css\">\n\t\t\t#gallery-1 {\n\t\t\t\tmargin: auto;\n\t\t\t}\n\t\t\t#gallery-1 .gallery-item {\n\t\t\t\tfloat: left;\n\t\t\t\tmargin-top: 10px;\n\t\t\t\ttext-align: center;\n\t\t\t\twidth: 33%;\n\t\t\t}\n\t\t\t#gallery-1 img {\n\t\t\t\tborder: 2px solid #cfcfcf;\n\t\t\t}\n\t\t\t#gallery-1 .gallery-caption {\n\t\t\t\tmargin-left: 0;\n\t\t\t}\n\t\t\t\/* see gallery_shortcode() in wp-includes\/media.php *\/\n\t\t<\/style>\n\t\t<div id='gallery-1' class='gallery galleryid-2414 gallery-columns-3 gallery-size-thumbnail'><dl class='gallery-item'>\n\t\t\t<dt class='gallery-icon landscape'>\n\t\t\t\t<a href='https:\/\/sinprofaz.org.br\/2024\/wp-content\/uploads\/2015\/09\/02-52.jpg'><img loading=\"lazy\" decoding=\"async\" width=\"150\" height=\"150\" src=\"https:\/\/sinprofaz.org.br\/2024\/wp-content\/uploads\/2015\/09\/02-52-150x150.jpg\" class=\"attachment-thumbnail size-thumbnail\" alt=\"\" \/><\/a>\n\t\t\t<\/dt><\/dl><dl class='gallery-item'>\n\t\t\t<dt class='gallery-icon landscape'>\n\t\t\t\t<a href='https:\/\/sinprofaz.org.br\/2024\/wp-content\/uploads\/2015\/09\/03-34.jpg'><img loading=\"lazy\" decoding=\"async\" width=\"150\" height=\"150\" src=\"https:\/\/sinprofaz.org.br\/2024\/wp-content\/uploads\/2015\/09\/03-34-150x150.jpg\" class=\"attachment-thumbnail size-thumbnail\" alt=\"\" \/><\/a>\n\t\t\t<\/dt><\/dl><dl class='gallery-item'>\n\t\t\t<dt class='gallery-icon landscape'>\n\t\t\t\t<a href='https:\/\/sinprofaz.org.br\/2024\/wp-content\/uploads\/2015\/09\/04-19.jpg'><img loading=\"lazy\" decoding=\"async\" width=\"150\" height=\"150\" src=\"https:\/\/sinprofaz.org.br\/2024\/wp-content\/uploads\/2015\/09\/04-19-150x150.jpg\" class=\"attachment-thumbnail size-thumbnail\" alt=\"\" \/><\/a>\n\t\t\t<\/dt><\/dl><br style=\"clear: both\" \/><dl class='gallery-item'>\n\t\t\t<dt class='gallery-icon landscape'>\n\t\t\t\t<a href='https:\/\/sinprofaz.org.br\/2024\/wp-content\/uploads\/2015\/09\/05-14.jpg'><img loading=\"lazy\" decoding=\"async\" width=\"150\" height=\"150\" src=\"https:\/\/sinprofaz.org.br\/2024\/wp-content\/uploads\/2015\/09\/05-14-150x150.jpg\" class=\"attachment-thumbnail size-thumbnail\" alt=\"\" \/><\/a>\n\t\t\t<\/dt><\/dl>\n\t\t\t<br style='clear: both' \/>\n\t\t<\/div>\n\n","protected":false},"excerpt":{"rendered":"<p>Procuradores da Fazenda Nacional (PFNs) e demais carreiras da Advocacia-Geral da Uni\u00e3o (AGU) lotaram o Corredor de L\u00edderes na C\u00e2mara dos Deputados, nesta ter\u00e7a-feira (08), em Bras\u00edlia.<\/p>\n","protected":false},"author":1,"featured_media":3326,"comment_status":"closed","ping_status":"open","sticky":false,"template":"","format":"standard","meta":{"footnotes":""},"categories":[8],"tags":[],"featured_image_url":"https:\/\/sinprofaz.org.br\/2024\/wp-content\/uploads\/2015\/09\/01-65-800x198.jpg","character_count":482,"formatted_date":"08\/09\/2015 - 21:36","contentNovo":"Procuradores da Fazenda Nacional (PFNs) e demais carreiras da Advocacia-Geral da Uni\u00e3o (AGU) lotaram o Corredor de L\u00edderes na C\u00e2mara dos Deputados, nesta ter\u00e7a-feira (08), em Bras\u00edlia.\r\n\r\nO SINPROFAZ, representado pelo presidente, Achilles Frias, atuou solicitando apoio aos parlamentares para a celeridade da vota\u00e7\u00e3o, em segundo turno, da PEC 443\/09. A mobiliza\u00e7\u00e3o das carreiras cresce e ganha for\u00e7a junto aos parlamentares pela aprova\u00e7\u00e3o da proposta.\r\n\r\nO deputado Nilson Leit\u00e3o (PSDB\/MT) manifestou apoio para que a PEC 443 seja votada o quanto antes.\r\n\r\n&nbsp;\r\n\r\n[gallery link=\"file\" ids=\"3328,3329,3330,3331\"]","_links":{"self":[{"href":"https:\/\/sinprofaz.org.br\/2024\/wp-json\/wp\/v2\/posts\/2414"}],"collection":[{"href":"https:\/\/sinprofaz.org.br\/2024\/wp-json\/wp\/v2\/posts"}],"about":[{"href":"https:\/\/sinprofaz.org.br\/2024\/wp-json\/wp\/v2\/types\/post"}],"author":[{"embeddable":true,"href":"https:\/\/sinprofaz.org.br\/2024\/wp-json\/wp\/v2\/users\/1"}],"replies":[{"embeddable":true,"href":"https:\/\/sinprofaz.org.br\/2024\/wp-json\/wp\/v2\/comments?post=2414"}],"version-history":[{"count":2,"href":"https:\/\/sinprofaz.org.br\/2024\/wp-json\/wp\/v2\/posts\/2414\/revisions"}],"predecessor-version":[{"id":3332,"href":"https:\/\/sinprofaz.org.br\/2024\/wp-json\/wp\/v2\/posts\/2414\/revisions\/3332"}],"wp:featuredmedia":[{"embeddable":true,"href":"https:\/\/sinprofaz.org.br\/2024\/wp-json\/wp\/v2\/media\/3326"}],"wp:attachment":[{"href":"https:\/\/sinprofaz.org.br\/2024\/wp-json\/wp\/v2\/media?parent=2414"}],"wp:term":[{"taxonomy":"category","embeddable":true,"href":"https:\/\/sinprofaz.org.br\/2024\/wp-json\/wp\/v2\/categories?post=2414"},{"taxonomy":"post_tag","embeddable":true,"href":"https:\/\/sinprofaz.org.br\/2024\/wp-json\/wp\/v2\/tags?post=2414"}],"curies":[{"name":"wp","href":"https:\/\/api.w.org\/{rel}","templated":true}]}}