{"id":2412,"date":"2015-09-08T21:28:04","date_gmt":"2015-09-08T21:28:04","guid":{"rendered":""},"modified":"2016-03-11T14:38:33","modified_gmt":"2016-03-11T14:38:33","slug":"atuacao-dos-pfns-e-manchete-da-revista-carta-capital","status":"publish","type":"post","link":"https:\/\/sinprofaz.org.br\/2024\/noticias\/atuacao-dos-pfns-e-manchete-da-revista-carta-capital\/","title":{"rendered":"ATUA\u00c7\u00c3O DOS PFNs \u00c9 MANCHETE DA REVISTA CARTA CAPITAL"},"content":{"rendered":"<p>&#8220;Cratera fiscal: o governo n\u00e3o sabe como coibir o d\u00e9ficit, mas ignora os sonegadores&#8221;. Este foi o t\u00edtulo da manchete de capa da \u00faltima edi\u00e7\u00e3o da revista de circula\u00e7\u00e3o nacional, Carta Capital.<\/p>\n<p>Em entrevista concedida pelo presidente do SINPROFAZ, Achilles Frias, ao rep\u00f3rter Andr\u00e9 Barrocal, o Procurador da Fazenda Nacional (PFN) frisou o sucateamento da Procuradoria, \u00f3rg\u00e3o respons\u00e1vel pela cobran\u00e7a judicial dos grandes devedores.<\/p>\n<p>A mat\u00e9ria trouxe ainda um perfil da D\u00edvida Ativa da Uni\u00e3o (DAU) tra\u00e7ado com base em dados fornecidos pela Procuradoria da Fazenda Nacional. O gr\u00e1fico mostra os principais devedores por segmentos e Unidades da Federa\u00e7\u00e3o.<\/p>\n<p>Cliqui <a href=\"\/pdfs\/carta-capital.pdf\" target=\"_blank\">aqui<\/a> para ler a \u00edntegra da mat\u00e9ria em PDF.<\/p>\n","protected":false},"excerpt":{"rendered":"<p><i>Revista de circula\u00e7\u00e3o nacional ressalta a falta de estrutura da Carreira, que realiza a cobran\u00e7a dos grandes devedores.<\/i><\/p>\n","protected":false},"author":1,"featured_media":3333,"comment_status":"closed","ping_status":"open","sticky":false,"template":"","format":"standard","meta":{"footnotes":""},"categories":[8],"tags":[],"featured_image_url":"https:\/\/sinprofaz.org.br\/2024\/wp-content\/uploads\/2015\/09\/01-66-402x198.jpg","character_count":369,"formatted_date":"08\/09\/2015 - 21:28","contentNovo":"\"Cratera fiscal: o governo n\u00e3o sabe como coibir o d\u00e9ficit, mas ignora os sonegadores\". Este foi o t\u00edtulo da manchete de capa da \u00faltima edi\u00e7\u00e3o da revista de circula\u00e7\u00e3o nacional, Carta Capital.\r\n\r\nEm entrevista concedida pelo presidente do SINPROFAZ, Achilles Frias, ao rep\u00f3rter Andr\u00e9 Barrocal, o Procurador da Fazenda Nacional (PFN) frisou o sucateamento da Procuradoria, \u00f3rg\u00e3o respons\u00e1vel pela cobran\u00e7a judicial dos grandes devedores.\r\n\r\nA mat\u00e9ria trouxe ainda um perfil da D\u00edvida Ativa da Uni\u00e3o (DAU) tra\u00e7ado com base em dados fornecidos pela Procuradoria da Fazenda Nacional. O gr\u00e1fico mostra os principais devedores por segmentos e Unidades da Federa\u00e7\u00e3o.\r\n\r\nCliqui <a href=\"\/pdfs\/carta-capital.pdf\" target=\"_blank\">aqui<\/a> para ler a \u00edntegra da mat\u00e9ria em PDF.","_links":{"self":[{"href":"https:\/\/sinprofaz.org.br\/2024\/wp-json\/wp\/v2\/posts\/2412"}],"collection":[{"href":"https:\/\/sinprofaz.org.br\/2024\/wp-json\/wp\/v2\/posts"}],"about":[{"href":"https:\/\/sinprofaz.org.br\/2024\/wp-json\/wp\/v2\/types\/post"}],"author":[{"embeddable":true,"href":"https:\/\/sinprofaz.org.br\/2024\/wp-json\/wp\/v2\/users\/1"}],"replies":[{"embeddable":true,"href":"https:\/\/sinprofaz.org.br\/2024\/wp-json\/wp\/v2\/comments?post=2412"}],"version-history":[{"count":1,"href":"https:\/\/sinprofaz.org.br\/2024\/wp-json\/wp\/v2\/posts\/2412\/revisions"}],"predecessor-version":[{"id":3334,"href":"https:\/\/sinprofaz.org.br\/2024\/wp-json\/wp\/v2\/posts\/2412\/revisions\/3334"}],"wp:featuredmedia":[{"embeddable":true,"href":"https:\/\/sinprofaz.org.br\/2024\/wp-json\/wp\/v2\/media\/3333"}],"wp:attachment":[{"href":"https:\/\/sinprofaz.org.br\/2024\/wp-json\/wp\/v2\/media?parent=2412"}],"wp:term":[{"taxonomy":"category","embeddable":true,"href":"https:\/\/sinprofaz.org.br\/2024\/wp-json\/wp\/v2\/categories?post=2412"},{"taxonomy":"post_tag","embeddable":true,"href":"https:\/\/sinprofaz.org.br\/2024\/wp-json\/wp\/v2\/tags?post=2412"}],"curies":[{"name":"wp","href":"https:\/\/api.w.org\/{rel}","templated":true}]}}