{"id":2411,"date":"2015-09-04T20:18:04","date_gmt":"2015-09-04T20:18:04","guid":{"rendered":""},"modified":"2016-03-11T14:44:58","modified_gmt":"2016-03-11T14:44:58","slug":"sinprofaz-intensifica-mobilizacao","status":"publish","type":"post","link":"https:\/\/sinprofaz.org.br\/2024\/noticias\/sinprofaz-intensifica-mobilizacao\/","title":{"rendered":"SINPROFAZ INTENSIFICA MOBILIZA\u00c7\u00c3O"},"content":{"rendered":"<p>Estamos nos aproximando de momentos decisivos para a Carreira. V\u00e1rias s\u00e3o as frentes de atua\u00e7\u00e3o.<\/p>\n<p>Conclamamos a todos para recrudescer o movimento de entrega de cargos e de n\u00e3o realiza\u00e7\u00e3o de tarefas meramente administrativas.<\/p>\n<p>Tendo em vista a realiza\u00e7\u00e3o de AGE no dia 24 de setembro, sugerimos aos Diretores e Delegados Sindicais que compare\u00e7am a partir do dia 22 em Bras\u00edlia para visitas em massa aos Deputados de todos os Estados.<\/p>\n<p>Rogamos que os Colegas procurem os l\u00edderes em seus Estados para convenc\u00ea-los da necessidade de pautar e votar o segundo turno da 443.<\/p>\n<p>\u00c9 hora de todo o tipo de press\u00e3o. Liguem, curtam, twittem, organizem reuni\u00f5es locais.<\/p>\n<p>Para os que n\u00e3o podem participar das reuni\u00f5es, visitas a deputados, atos coletivos e viagens a Bras\u00edlia seguem as seguintes sugest\u00f5es:<\/p>\n<ul class=\"seta\">\n<li>liga\u00e7\u00e3o para o disque-C\u00e2mara: <a href=\"tel:0800619619\" target=\"_blank\">0800619619<\/a> &#8211; a frequ\u00eancia \u00e9 di\u00e1ria. Pe\u00e7am para os seus parentes que o fa\u00e7am tamb\u00e9m. Sa\u00edmos do top five tanto no que toca \u00e0 PEC 82\/07 quanto \u00e0 443\/09. Os deputados levam em conta o ranking de liga\u00e7\u00f5es para decidir a pauta nas reuni\u00f5es de l\u00edderes.<\/li>\n<li>visitas \u00e0s p\u00e1ginas dos Deputados no facebook, curtindo e comentando as publica\u00e7\u00f5es que nos digam respeito e pleiteando a pauta das pecs. Links com muitas curtidas e coment\u00e1rios acabam chamando a aten\u00e7\u00e3o das assessorias quando das visitas aos Deputados;<\/li>\n<li>colabora\u00e7\u00e3o com os fundos de mobiliza\u00e7\u00e3o locais. Muito importante que todos os estados enviem pelo menos dois colegas advogados p\u00fablicos todas as semanas. O contato deles com as bases tanto nas cidades de origem quanto em Bras\u00edlia \u00e9 muito valorizado<\/li>\n<li>no site <a href=\"http:\/\/www.pec443ja.com.br\" target=\"_blank\">www.pec443ja.com.br<\/a> \u00e9 poss\u00edvel enviar email para todos os Deputados com um texto \u00fanico. \u00c9 relevante pedir que cobrem de suas lideran\u00e7as a confirma\u00e7\u00e3o da pauta da pec 443, depois a invers\u00e3o da pauta e a presen\u00e7a para vota\u00e7\u00e3o.<\/li>\n<\/ul>\n<p>A participa\u00e7\u00e3o de todos \u00e9 absolutamente relevante.<\/p>\n","protected":false},"excerpt":{"rendered":"<style scoped=\"scoped\" type=\"text\/css\"><!--\n.seta   \t     {\n\t\tlist-style: none;\n\t     }\n\n.seta li:before {\n\t\tcontent: \"0BB 020\";\n\t     }\n--><\/style>\n<p>Sindicato reitera a\u00e7\u00f5es para fortalecer o engajamento da Carreira.&nbsp;<span style=\"font-size: 12.8px; line-height: 20.48px;\">Estamos nos aproximando de momentos decisivos para a Carreira. V\u00e1rias s\u00e3o as frentes de atua\u00e7\u00e3o.<\/span><\/p>\n","protected":false},"author":1,"featured_media":3336,"comment_status":"closed","ping_status":"open","sticky":false,"template":"","format":"standard","meta":{"footnotes":""},"categories":[8],"tags":[],"featured_image_url":"https:\/\/sinprofaz.org.br\/2024\/wp-content\/uploads\/2015\/09\/mobilizacao-800x198.jpg","character_count":961,"formatted_date":"04\/09\/2015 - 20:18","contentNovo":"Estamos nos aproximando de momentos decisivos para a Carreira. V\u00e1rias s\u00e3o as frentes de atua\u00e7\u00e3o.\r\n\r\nConclamamos a todos para recrudescer o movimento de entrega de cargos e de n\u00e3o realiza\u00e7\u00e3o de tarefas meramente administrativas.\r\n\r\nTendo em vista a realiza\u00e7\u00e3o de AGE no dia 24 de setembro, sugerimos aos Diretores e Delegados Sindicais que compare\u00e7am a partir do dia 22 em Bras\u00edlia para visitas em massa aos Deputados de todos os Estados.\r\n\r\nRogamos que os Colegas procurem os l\u00edderes em seus Estados para convenc\u00ea-los da necessidade de pautar e votar o segundo turno da 443.\r\n\r\n\u00c9 hora de todo o tipo de press\u00e3o. Liguem, curtam, twittem, organizem reuni\u00f5es locais.\r\n\r\nPara os que n\u00e3o podem participar das reuni\u00f5es, visitas a deputados, atos coletivos e viagens a Bras\u00edlia seguem as seguintes sugest\u00f5es:\r\n\r\n\tliga\u00e7\u00e3o para o disque-C\u00e2mara: <a href=\"tel:0800619619\" target=\"_blank\">0800619619<\/a> - a frequ\u00eancia \u00e9 di\u00e1ria. Pe\u00e7am para os seus parentes que o fa\u00e7am tamb\u00e9m. Sa\u00edmos do top five tanto no que toca \u00e0 PEC 82\/07 quanto \u00e0 443\/09. Os deputados levam em conta o ranking de liga\u00e7\u00f5es para decidir a pauta nas reuni\u00f5es de l\u00edderes.\r\n\tvisitas \u00e0s p\u00e1ginas dos Deputados no facebook, curtindo e comentando as publica\u00e7\u00f5es que nos digam respeito e pleiteando a pauta das pecs. Links com muitas curtidas e coment\u00e1rios acabam chamando a aten\u00e7\u00e3o das assessorias quando das visitas aos Deputados;\r\n\tcolabora\u00e7\u00e3o com os fundos de mobiliza\u00e7\u00e3o locais. Muito importante que todos os estados enviem pelo menos dois colegas advogados p\u00fablicos todas as semanas. O contato deles com as bases tanto nas cidades de origem quanto em Bras\u00edlia \u00e9 muito valorizado\r\n\tno site <a href=\"http:\/\/www.pec443ja.com.br\" target=\"_blank\">www.pec443ja.com.br<\/a> \u00e9 poss\u00edvel enviar email para todos os Deputados com um texto \u00fanico. \u00c9 relevante pedir que cobrem de suas lideran\u00e7as a confirma\u00e7\u00e3o da pauta da pec 443, depois a invers\u00e3o da pauta e a presen\u00e7a para vota\u00e7\u00e3o.\r\n\r\nA participa\u00e7\u00e3o de todos \u00e9 absolutamente relevante.","_links":{"self":[{"href":"https:\/\/sinprofaz.org.br\/2024\/wp-json\/wp\/v2\/posts\/2411"}],"collection":[{"href":"https:\/\/sinprofaz.org.br\/2024\/wp-json\/wp\/v2\/posts"}],"about":[{"href":"https:\/\/sinprofaz.org.br\/2024\/wp-json\/wp\/v2\/types\/post"}],"author":[{"embeddable":true,"href":"https:\/\/sinprofaz.org.br\/2024\/wp-json\/wp\/v2\/users\/1"}],"replies":[{"embeddable":true,"href":"https:\/\/sinprofaz.org.br\/2024\/wp-json\/wp\/v2\/comments?post=2411"}],"version-history":[{"count":1,"href":"https:\/\/sinprofaz.org.br\/2024\/wp-json\/wp\/v2\/posts\/2411\/revisions"}],"predecessor-version":[{"id":3337,"href":"https:\/\/sinprofaz.org.br\/2024\/wp-json\/wp\/v2\/posts\/2411\/revisions\/3337"}],"wp:featuredmedia":[{"embeddable":true,"href":"https:\/\/sinprofaz.org.br\/2024\/wp-json\/wp\/v2\/media\/3336"}],"wp:attachment":[{"href":"https:\/\/sinprofaz.org.br\/2024\/wp-json\/wp\/v2\/media?parent=2411"}],"wp:term":[{"taxonomy":"category","embeddable":true,"href":"https:\/\/sinprofaz.org.br\/2024\/wp-json\/wp\/v2\/categories?post=2411"},{"taxonomy":"post_tag","embeddable":true,"href":"https:\/\/sinprofaz.org.br\/2024\/wp-json\/wp\/v2\/tags?post=2411"}],"curies":[{"name":"wp","href":"https:\/\/api.w.org\/{rel}","templated":true}]}}