{"id":2408,"date":"2015-09-02T21:21:05","date_gmt":"2015-09-02T21:21:05","guid":{"rendered":""},"modified":"2016-03-11T14:52:29","modified_gmt":"2016-03-11T14:52:29","slug":"sinprofaz-participa-de-cafe-da-manha-com-parlamentares-no-rio-grande-do-norte","status":"publish","type":"post","link":"https:\/\/sinprofaz.org.br\/2024\/noticias\/sinprofaz-participa-de-cafe-da-manha-com-parlamentares-no-rio-grande-do-norte\/","title":{"rendered":"SINPROFAZ PARTICIPA DE CAF\u00c9 DA MANH\u00c3 COM   PARLAMENTARES NO RIO GRANDE DO NORTE"},"content":{"rendered":"<p>O SINPROFAZ, representado pelo Delegado Sindical Marcelo Othon Pereira, e demais associa\u00e7\u00f5es e sindicados representativos da advocacia p\u00fablica re\u00fanem quase 100 convidados, entre Procuradores da Fazenda Nacional, advogados p\u00fablicos federais, gestores, parlamentares e assessores, nesta segunda-feira (31), no Rio Grande do Norte (RN).<\/p>\n<p>O caf\u00e9 da manh\u00e3 contou com a participa\u00e7\u00e3o de deputados federais e senadores. A reitora da Universidade Federal do Rio Grande do Norte (UFRN), professora \u00c2ngela Paiva, integrou a inciativa de valoriza\u00e7\u00e3o da Advocacia P\u00fablica Federal.<\/p>\n<p>O evento foi realizado na Advocacia- Geral da Uni\u00e3o (AGU), no Rio Grande do Norte.<\/p>\n<p>&nbsp;<\/p>\n\n\t\t<style type=\"text\/css\">\n\t\t\t#gallery-1 {\n\t\t\t\tmargin: auto;\n\t\t\t}\n\t\t\t#gallery-1 .gallery-item {\n\t\t\t\tfloat: left;\n\t\t\t\tmargin-top: 10px;\n\t\t\t\ttext-align: center;\n\t\t\t\twidth: 33%;\n\t\t\t}\n\t\t\t#gallery-1 img {\n\t\t\t\tborder: 2px solid #cfcfcf;\n\t\t\t}\n\t\t\t#gallery-1 .gallery-caption {\n\t\t\t\tmargin-left: 0;\n\t\t\t}\n\t\t\t\/* see gallery_shortcode() in wp-includes\/media.php *\/\n\t\t<\/style>\n\t\t<div id='gallery-1' class='gallery galleryid-2408 gallery-columns-3 gallery-size-thumbnail'><dl class='gallery-item'>\n\t\t\t<dt class='gallery-icon landscape'>\n\t\t\t\t<a href='https:\/\/sinprofaz.org.br\/2024\/wp-content\/uploads\/2015\/09\/02-53.jpg'><img loading=\"lazy\" decoding=\"async\" width=\"150\" height=\"150\" src=\"https:\/\/sinprofaz.org.br\/2024\/wp-content\/uploads\/2015\/09\/02-53-150x150.jpg\" class=\"attachment-thumbnail size-thumbnail\" alt=\"\" \/><\/a>\n\t\t\t<\/dt><\/dl>\n\t\t\t<br style='clear: both' \/>\n\t\t<\/div>\n\n","protected":false},"excerpt":{"rendered":"<p>O SINPROFAZ, representado pelo Delegado Sindical Marcelo Othon Pereira, e demais associa\u00e7\u00f5es e sindicados representativos da advocacia p\u00fablica re\u00fanem quase 100 convidados, entre Procuradores da Fazenda Nacional, advogados p\u00fablicos federais, gestores, parlamentares e assessores, nesta segunda-feira (31), no Rio Grande do Norte (RN).<\/p>\n","protected":false},"author":1,"featured_media":3342,"comment_status":"closed","ping_status":"open","sticky":false,"template":"","format":"standard","meta":{"footnotes":""},"categories":[8],"tags":[],"featured_image_url":"https:\/\/sinprofaz.org.br\/2024\/wp-content\/uploads\/2015\/09\/01-68-740x198.jpg","character_count":514,"formatted_date":"02\/09\/2015 - 21:21","contentNovo":"O SINPROFAZ, representado pelo Delegado Sindical Marcelo Othon Pereira, e demais associa\u00e7\u00f5es e sindicados representativos da advocacia p\u00fablica re\u00fanem quase 100 convidados, entre Procuradores da Fazenda Nacional, advogados p\u00fablicos federais, gestores, parlamentares e assessores, nesta segunda-feira (31), no Rio Grande do Norte (RN).\r\n\r\nO caf\u00e9 da manh\u00e3 contou com a participa\u00e7\u00e3o de deputados federais e senadores. A reitora da Universidade Federal do Rio Grande do Norte (UFRN), professora \u00c2ngela Paiva, integrou a inciativa de valoriza\u00e7\u00e3o da Advocacia P\u00fablica Federal.\r\n\r\nO evento foi realizado na Advocacia- Geral da Uni\u00e3o (AGU), no Rio Grande do Norte.\r\n\r\n&nbsp;\r\n\r\n[gallery link=\"file\" ids=\"3343\"]","_links":{"self":[{"href":"https:\/\/sinprofaz.org.br\/2024\/wp-json\/wp\/v2\/posts\/2408"}],"collection":[{"href":"https:\/\/sinprofaz.org.br\/2024\/wp-json\/wp\/v2\/posts"}],"about":[{"href":"https:\/\/sinprofaz.org.br\/2024\/wp-json\/wp\/v2\/types\/post"}],"author":[{"embeddable":true,"href":"https:\/\/sinprofaz.org.br\/2024\/wp-json\/wp\/v2\/users\/1"}],"replies":[{"embeddable":true,"href":"https:\/\/sinprofaz.org.br\/2024\/wp-json\/wp\/v2\/comments?post=2408"}],"version-history":[{"count":2,"href":"https:\/\/sinprofaz.org.br\/2024\/wp-json\/wp\/v2\/posts\/2408\/revisions"}],"predecessor-version":[{"id":3344,"href":"https:\/\/sinprofaz.org.br\/2024\/wp-json\/wp\/v2\/posts\/2408\/revisions\/3344"}],"wp:featuredmedia":[{"embeddable":true,"href":"https:\/\/sinprofaz.org.br\/2024\/wp-json\/wp\/v2\/media\/3342"}],"wp:attachment":[{"href":"https:\/\/sinprofaz.org.br\/2024\/wp-json\/wp\/v2\/media?parent=2408"}],"wp:term":[{"taxonomy":"category","embeddable":true,"href":"https:\/\/sinprofaz.org.br\/2024\/wp-json\/wp\/v2\/categories?post=2408"},{"taxonomy":"post_tag","embeddable":true,"href":"https:\/\/sinprofaz.org.br\/2024\/wp-json\/wp\/v2\/tags?post=2408"}],"curies":[{"name":"wp","href":"https:\/\/api.w.org\/{rel}","templated":true}]}}