{"id":2404,"date":"2015-08-28T19:52:45","date_gmt":"2015-08-28T19:52:45","guid":{"rendered":""},"modified":"2016-03-15T12:44:03","modified_gmt":"2016-03-15T12:44:03","slug":"honorarios-advocaticios-e-pec-443-foram-asssuntos-tratados-na-reuniao-de-diretoria-do-sinprofaz","status":"publish","type":"post","link":"https:\/\/sinprofaz.org.br\/2024\/noticias\/honorarios-advocaticios-e-pec-443-foram-asssuntos-tratados-na-reuniao-de-diretoria-do-sinprofaz\/","title":{"rendered":"HONOR\u00c1RIOS ADVOCAT\u00cdCIOS E PEC 443 FORAM ASSSUNTOS TRATADOS NA REUNI\u00c3O DE DIRETORIA DO SINPROFAZ"},"content":{"rendered":"<p>A Diretoria do SINPROFAZ reuniu-se, ao longo desta quinta-feira (27), para tratar de diversos assuntos de interesse da Carreira.<\/p>\n<p>A Diretoria decidiu unanimemente que n\u00e3o aceitar\u00e1 proposta que contemple qualquer limita\u00e7\u00e3o aos honor\u00e1rios advocat\u00edcios, posto que afrontaria a pr\u00f3pria natureza do instituto, bem como o seu car\u00e1ter de verba privada. Neste caso, n\u00e3o haver\u00e1 sequer consulta \u00e0 Carreira, ou seja, a proposta seria recusada pelo Sindicato.<\/p>\n<p>Deliberou-se, ainda, acerca da pauta da Assembleia Geral Extraordin\u00e1ria a ser realizada no pr\u00f3ximo dia 24 em Bras\u00edlia.<\/p>\n<p>O SINPROFAZ conclama seus associados a intensificarem os esfor\u00e7os junto aos parlamentares, principalmente junto aos l\u00edderes, no sentido de pautar a PEC 443 para o segundo turno de vota\u00e7\u00e3o na C\u00e2mara dos Deputados o quanto antes.<\/p>\n<p>\u00c9 de suma import\u00e2ncia que sejam realizados os despachos no \u00e2mbito local dos parlamentares, uma vez que esse contato se mostra bastante qualificado para fins de convencimento e apoio destes. O SINPROFAZ ap\u00f3ia e incentiva todas as iniciativas organizadas pelos colegas nas bases, tais como caf\u00e9 da manh\u00e3, brunch, entre outros. Al\u00e9m disso, os senadores devem ser convidados para esses eventos realizados nos estados sempre que poss\u00edvel, devendo haver uma coordena\u00e7\u00e3o entre os colegas para fins de abordagem deste, com um estudo pr\u00e9vio do perfil de cada um, bem como a utiliza\u00e7\u00e3o do material disponibilizado pelas associa\u00e7\u00f5es.<\/p>\n<p>Al\u00e9m disso, sugerimos que os colegas retomem a organiza\u00e7\u00e3o dos fundos estaduais para custeio de passagens visando ao comparecimento em Bras\u00edlia a partir da pr\u00f3xima semana, na medida em que devemos nos fazer cada vez mais presentes no \u00e2mbito do Congresso Nacional, buscando aumentar a press\u00e3o pela aprova\u00e7\u00e3o da PEC 443 e tamb\u00e9m dos demais pleitos relacionados ao fortalecimento da Advocacia P\u00fablica Federal e de seus membros.<\/p>\n<p>&nbsp;<\/p>\n\n\t\t<style type=\"text\/css\">\n\t\t\t#gallery-1 {\n\t\t\t\tmargin: auto;\n\t\t\t}\n\t\t\t#gallery-1 .gallery-item {\n\t\t\t\tfloat: left;\n\t\t\t\tmargin-top: 10px;\n\t\t\t\ttext-align: center;\n\t\t\t\twidth: 33%;\n\t\t\t}\n\t\t\t#gallery-1 img {\n\t\t\t\tborder: 2px solid #cfcfcf;\n\t\t\t}\n\t\t\t#gallery-1 .gallery-caption {\n\t\t\t\tmargin-left: 0;\n\t\t\t}\n\t\t\t\/* see gallery_shortcode() in wp-includes\/media.php *\/\n\t\t<\/style>\n\t\t<div id='gallery-1' class='gallery galleryid-2404 gallery-columns-3 gallery-size-thumbnail'><dl class='gallery-item'>\n\t\t\t<dt class='gallery-icon landscape'>\n\t\t\t\t<a href='https:\/\/sinprofaz.org.br\/2024\/wp-content\/uploads\/2015\/08\/02-57.jpg'><img loading=\"lazy\" decoding=\"async\" width=\"150\" height=\"150\" src=\"https:\/\/sinprofaz.org.br\/2024\/wp-content\/uploads\/2015\/08\/02-57-150x150.jpg\" class=\"attachment-thumbnail size-thumbnail\" alt=\"\" \/><\/a>\n\t\t\t<\/dt><\/dl><dl class='gallery-item'>\n\t\t\t<dt class='gallery-icon landscape'>\n\t\t\t\t<a href='https:\/\/sinprofaz.org.br\/2024\/wp-content\/uploads\/2015\/08\/03-38.jpg'><img loading=\"lazy\" decoding=\"async\" width=\"150\" height=\"150\" src=\"https:\/\/sinprofaz.org.br\/2024\/wp-content\/uploads\/2015\/08\/03-38-150x150.jpg\" class=\"attachment-thumbnail size-thumbnail\" alt=\"\" \/><\/a>\n\t\t\t<\/dt><\/dl>\n\t\t\t<br style='clear: both' \/>\n\t\t<\/div>\n\n","protected":false},"excerpt":{"rendered":"<p>Durante a reuni\u00e3o foi deliberada tamb\u00e9m a pauta da Assembl\u00e9ia Geral Extraordin\u00e1ria, que acontecer\u00e1 no pr\u00f3ximo dia 24<\/p>\n","protected":false},"author":1,"featured_media":3631,"comment_status":"closed","ping_status":"open","sticky":false,"template":"","format":"standard","meta":{"footnotes":""},"categories":[8],"tags":[],"featured_image_url":"https:\/\/sinprofaz.org.br\/2024\/wp-content\/uploads\/2015\/08\/01-72-800x198.jpg","character_count":1132,"formatted_date":"28\/08\/2015 - 19:52","contentNovo":"A Diretoria do SINPROFAZ reuniu-se, ao longo desta quinta-feira (27), para tratar de diversos assuntos de interesse da Carreira.\r\n\r\nA Diretoria decidiu unanimemente que n\u00e3o aceitar\u00e1 proposta que contemple qualquer limita\u00e7\u00e3o aos honor\u00e1rios advocat\u00edcios, posto que afrontaria a pr\u00f3pria natureza do instituto, bem como o seu car\u00e1ter de verba privada. Neste caso, n\u00e3o haver\u00e1 sequer consulta \u00e0 Carreira, ou seja, a proposta seria recusada pelo Sindicato.\r\n\r\nDeliberou-se, ainda, acerca da pauta da Assembleia Geral Extraordin\u00e1ria a ser realizada no pr\u00f3ximo dia 24 em Bras\u00edlia.\r\n\r\nO SINPROFAZ conclama seus associados a intensificarem os esfor\u00e7os junto aos parlamentares, principalmente junto aos l\u00edderes, no sentido de pautar a PEC 443 para o segundo turno de vota\u00e7\u00e3o na C\u00e2mara dos Deputados o quanto antes.\r\n\r\n\u00c9 de suma import\u00e2ncia que sejam realizados os despachos no \u00e2mbito local dos parlamentares, uma vez que esse contato se mostra bastante qualificado para fins de convencimento e apoio destes. O SINPROFAZ ap\u00f3ia e incentiva todas as iniciativas organizadas pelos colegas nas bases, tais como caf\u00e9 da manh\u00e3, brunch, entre outros. Al\u00e9m disso, os senadores devem ser convidados para esses eventos realizados nos estados sempre que poss\u00edvel, devendo haver uma coordena\u00e7\u00e3o entre os colegas para fins de abordagem deste, com um estudo pr\u00e9vio do perfil de cada um, bem como a utiliza\u00e7\u00e3o do material disponibilizado pelas associa\u00e7\u00f5es.\r\n\r\nAl\u00e9m disso, sugerimos que os colegas retomem a organiza\u00e7\u00e3o dos fundos estaduais para custeio de passagens visando ao comparecimento em Bras\u00edlia a partir da pr\u00f3xima semana, na medida em que devemos nos fazer cada vez mais presentes no \u00e2mbito do Congresso Nacional, buscando aumentar a press\u00e3o pela aprova\u00e7\u00e3o da PEC 443 e tamb\u00e9m dos demais pleitos relacionados ao fortalecimento da Advocacia P\u00fablica Federal e de seus membros.\r\n\r\n&nbsp;\r\n\r\n[gallery link=\"file\" ids=\"3633,3634\"]","_links":{"self":[{"href":"https:\/\/sinprofaz.org.br\/2024\/wp-json\/wp\/v2\/posts\/2404"}],"collection":[{"href":"https:\/\/sinprofaz.org.br\/2024\/wp-json\/wp\/v2\/posts"}],"about":[{"href":"https:\/\/sinprofaz.org.br\/2024\/wp-json\/wp\/v2\/types\/post"}],"author":[{"embeddable":true,"href":"https:\/\/sinprofaz.org.br\/2024\/wp-json\/wp\/v2\/users\/1"}],"replies":[{"embeddable":true,"href":"https:\/\/sinprofaz.org.br\/2024\/wp-json\/wp\/v2\/comments?post=2404"}],"version-history":[{"count":2,"href":"https:\/\/sinprofaz.org.br\/2024\/wp-json\/wp\/v2\/posts\/2404\/revisions"}],"predecessor-version":[{"id":3635,"href":"https:\/\/sinprofaz.org.br\/2024\/wp-json\/wp\/v2\/posts\/2404\/revisions\/3635"}],"wp:featuredmedia":[{"embeddable":true,"href":"https:\/\/sinprofaz.org.br\/2024\/wp-json\/wp\/v2\/media\/3631"}],"wp:attachment":[{"href":"https:\/\/sinprofaz.org.br\/2024\/wp-json\/wp\/v2\/media?parent=2404"}],"wp:term":[{"taxonomy":"category","embeddable":true,"href":"https:\/\/sinprofaz.org.br\/2024\/wp-json\/wp\/v2\/categories?post=2404"},{"taxonomy":"post_tag","embeddable":true,"href":"https:\/\/sinprofaz.org.br\/2024\/wp-json\/wp\/v2\/tags?post=2404"}],"curies":[{"name":"wp","href":"https:\/\/api.w.org\/{rel}","templated":true}]}}