{"id":2401,"date":"2015-08-26T18:46:15","date_gmt":"2015-08-26T18:46:15","guid":{"rendered":""},"modified":"2016-03-15T12:58:15","modified_gmt":"2016-03-15T12:58:15","slug":"oab-manifesta-apoio-aos-honorarios","status":"publish","type":"post","link":"https:\/\/sinprofaz.org.br\/2024\/noticias\/oab-manifesta-apoio-aos-honorarios\/","title":{"rendered":"OAB manifesta apoio aos honor\u00e1rios"},"content":{"rendered":"<p>O SINPROFAZ, representado pelo Presidente Achilles Frias, e os demais dirigentes das entidades da Advocacia P\u00fablica, se reuniu na tarde dessa ter\u00e7a-feira (25), com o Presidente do Conselho Federal da OAB, Marcus Vin\u00edcius Furtado e o Presidente da Seccional da OAB-DF, Ibaneis Rocha, na sede do Conselho Federal da OAB, em Bras\u00edlia.<\/p>\n<p>Na ocasi\u00e3o, a OAB manifestou apoio aos honor\u00e1rios dos advogados p\u00fablicos federais e se comprometeu a atuar ativamente para evitar a inser\u00e7\u00e3o de qualquer tipo de limita\u00e7\u00e3o aos mesmos.<\/p>\n<p>Na linha tra\u00e7ada durante o encontro, o Conselho Federal da OAB encaminhou of\u00edcios ao Ministro do Planejamento, Nelson Barbosa, ao Ministro da Fazenda, Joaquim Levy, ao Ministro da Casa Civil, Alo\u00edzio Mercadante, e ao Advogado-Geral da Uni\u00e3o Luis In\u00e1cio Adams.<\/p>\n<p>Participaram da reuni\u00e3o os presidentes de todas as associa\u00e7\u00f5es da Advocacia P\u00fablica Federal, o presidente da ANAPE e o Conselheiro Federal da OAB e Procurador da Fazenda Nacional Aldemario Araujo, que agendou a reuni\u00e3o.<\/p>\n<p>&nbsp;<\/p>\n\n\t\t<style type=\"text\/css\">\n\t\t\t#gallery-1 {\n\t\t\t\tmargin: auto;\n\t\t\t}\n\t\t\t#gallery-1 .gallery-item {\n\t\t\t\tfloat: left;\n\t\t\t\tmargin-top: 10px;\n\t\t\t\ttext-align: center;\n\t\t\t\twidth: 33%;\n\t\t\t}\n\t\t\t#gallery-1 img {\n\t\t\t\tborder: 2px solid #cfcfcf;\n\t\t\t}\n\t\t\t#gallery-1 .gallery-caption {\n\t\t\t\tmargin-left: 0;\n\t\t\t}\n\t\t\t\/* see gallery_shortcode() in wp-includes\/media.php *\/\n\t\t<\/style>\n\t\t<div id='gallery-1' class='gallery galleryid-2401 gallery-columns-3 gallery-size-thumbnail'><dl class='gallery-item'>\n\t\t\t<dt class='gallery-icon landscape'>\n\t\t\t\t<a href='https:\/\/sinprofaz.org.br\/2024\/wp-content\/uploads\/2015\/08\/02-59.jpg'><img loading=\"lazy\" decoding=\"async\" width=\"150\" height=\"150\" src=\"https:\/\/sinprofaz.org.br\/2024\/wp-content\/uploads\/2015\/08\/02-59-150x150.jpg\" class=\"attachment-thumbnail size-thumbnail\" alt=\"\" \/><\/a>\n\t\t\t<\/dt><\/dl><dl class='gallery-item'>\n\t\t\t<dt class='gallery-icon landscape'>\n\t\t\t\t<a href='https:\/\/sinprofaz.org.br\/2024\/wp-content\/uploads\/2015\/08\/03-40.jpg'><img loading=\"lazy\" decoding=\"async\" width=\"150\" height=\"150\" src=\"https:\/\/sinprofaz.org.br\/2024\/wp-content\/uploads\/2015\/08\/03-40-150x150.jpg\" class=\"attachment-thumbnail size-thumbnail\" alt=\"\" \/><\/a>\n\t\t\t<\/dt><\/dl>\n\t\t\t<br style='clear: both' \/>\n\t\t<\/div>\n\n","protected":false},"excerpt":{"rendered":"<p>O SINPROFAZ, representado pelo Presidente Achilles Frias, e os demais dirigentes das entidades da Advocacia P\u00fablica, se reuniu na tarde dessa ter\u00e7a-feira (25), com o Presidente do Conselho Federal da OAB, Marcus Vin\u00edcius Furtado e o Presidente da Seccional da OAB-DF, Ibaneis Rocha, na sede do Conselho Federal da OAB, em Bras\u00edlia.<\/p>\n","protected":false},"author":1,"featured_media":3648,"comment_status":"closed","ping_status":"open","sticky":false,"template":"","format":"standard","meta":{"footnotes":""},"categories":[8],"tags":[],"featured_image_url":"https:\/\/sinprofaz.org.br\/2024\/wp-content\/uploads\/2015\/08\/01-75-800x198.jpg","character_count":696,"formatted_date":"26\/08\/2015 - 18:46","contentNovo":"O SINPROFAZ, representado pelo Presidente Achilles Frias, e os demais dirigentes das entidades da Advocacia P\u00fablica, se reuniu na tarde dessa ter\u00e7a-feira (25), com o Presidente do Conselho Federal da OAB, Marcus Vin\u00edcius Furtado e o Presidente da Seccional da OAB-DF, Ibaneis Rocha, na sede do Conselho Federal da OAB, em Bras\u00edlia.\r\n\r\nNa ocasi\u00e3o, a OAB manifestou apoio aos honor\u00e1rios dos advogados p\u00fablicos federais e se comprometeu a atuar ativamente para evitar a inser\u00e7\u00e3o de qualquer tipo de limita\u00e7\u00e3o aos mesmos.\r\n\r\nNa linha tra\u00e7ada durante o encontro, o Conselho Federal da OAB encaminhou of\u00edcios ao Ministro do Planejamento, Nelson Barbosa, ao Ministro da Fazenda, Joaquim Levy, ao Ministro da Casa Civil, Alo\u00edzio Mercadante, e ao Advogado-Geral da Uni\u00e3o Luis In\u00e1cio Adams.\r\n\r\nParticiparam da reuni\u00e3o os presidentes de todas as associa\u00e7\u00f5es da Advocacia P\u00fablica Federal, o presidente da ANAPE e o Conselheiro Federal da OAB e Procurador da Fazenda Nacional Aldemario Araujo, que agendou a reuni\u00e3o.\r\n\r\n&nbsp;\r\n\r\n[gallery link=\"file\" ids=\"3651,3652\"]","_links":{"self":[{"href":"https:\/\/sinprofaz.org.br\/2024\/wp-json\/wp\/v2\/posts\/2401"}],"collection":[{"href":"https:\/\/sinprofaz.org.br\/2024\/wp-json\/wp\/v2\/posts"}],"about":[{"href":"https:\/\/sinprofaz.org.br\/2024\/wp-json\/wp\/v2\/types\/post"}],"author":[{"embeddable":true,"href":"https:\/\/sinprofaz.org.br\/2024\/wp-json\/wp\/v2\/users\/1"}],"replies":[{"embeddable":true,"href":"https:\/\/sinprofaz.org.br\/2024\/wp-json\/wp\/v2\/comments?post=2401"}],"version-history":[{"count":2,"href":"https:\/\/sinprofaz.org.br\/2024\/wp-json\/wp\/v2\/posts\/2401\/revisions"}],"predecessor-version":[{"id":3653,"href":"https:\/\/sinprofaz.org.br\/2024\/wp-json\/wp\/v2\/posts\/2401\/revisions\/3653"}],"wp:featuredmedia":[{"embeddable":true,"href":"https:\/\/sinprofaz.org.br\/2024\/wp-json\/wp\/v2\/media\/3648"}],"wp:attachment":[{"href":"https:\/\/sinprofaz.org.br\/2024\/wp-json\/wp\/v2\/media?parent=2401"}],"wp:term":[{"taxonomy":"category","embeddable":true,"href":"https:\/\/sinprofaz.org.br\/2024\/wp-json\/wp\/v2\/categories?post=2401"},{"taxonomy":"post_tag","embeddable":true,"href":"https:\/\/sinprofaz.org.br\/2024\/wp-json\/wp\/v2\/tags?post=2401"}],"curies":[{"name":"wp","href":"https:\/\/api.w.org\/{rel}","templated":true}]}}