{"id":2400,"date":"2015-08-25T22:25:00","date_gmt":"2015-08-25T22:25:00","guid":{"rendered":""},"modified":"2016-03-15T12:59:24","modified_gmt":"2016-03-15T12:59:24","slug":"sinprofaz-participa-do-xiv-congresso-internacional-de-direito-tributario-de-pernambuco","status":"publish","type":"post","link":"https:\/\/sinprofaz.org.br\/2024\/noticias\/sinprofaz-participa-do-xiv-congresso-internacional-de-direito-tributario-de-pernambuco\/","title":{"rendered":"SINPROFAZ PARTICIPA DO XIV CONGRESSO INTERNACIONAL DE DIREITO TRIBUT\u00c1RIO DE PERNAMBUCO"},"content":{"rendered":"<p>Durante o evento, ser\u00e3o debatidos temas atuais que abordam o momento delicado que economia brasileira atravessa atualmente. Para isso, o tema central do Congresso \u00e9 \u201cTributa\u00e7\u00e3o: Desafios e Perspectivas em Tempos de Crise\u201d.<\/p>\n<p>O SINPROFAZ ser\u00e1 representado pelo vice-presidente, Juscelino de Melo Ferreira e pelo Diretor Cultural e de Eventos, S\u00e9rgio Carneiro, que conseguiu cinco inscri\u00e7\u00f5es gratuitas para filiados.<\/p>\n<p>O presidente do Tribunal de Justi\u00e7a de Pernambuco e professor, Frederico Ricardo de Almeida Neves, presidir\u00e1 a mesa na solenidade de abertura.<\/p>\n<p>Nomes como da professora e Desembargadora Federal do Tribunal Regional da 3\u00aa Regi\u00e3o (SP), Consuelo Yoshida, do Ministro do Superior Tribunal de Justi\u00e7a, Humberto Eust\u00e1quio Soares Martins, do Desembargador Federal, Cid Maconi Gurgel de Souza, al\u00e9m de v\u00e1rios especialistas em direito tribut\u00e1rio enriquecer\u00e3o a programa\u00e7\u00e3o do Congresso.<\/p>\n<p>Confira <a href=\"http:\/\/www.congressodireitotributario.com.br\/programacao_1_dia.html\" target=\"_blank\">aqui<\/a> a programa\u00e7\u00e3o completa.<\/p>\n<p>Mais informa\u00e7\u00f5es e inscri\u00e7\u00f5es:<\/p>\n<ul>\n<li><a href=\"http:\/\/www.congressodireitotributario.com.br\/\" target=\"_blank\">www.congressodireitotributario.com.br<\/a><\/li>\n<li><a href=\"tel:8132311207\" target=\"_blank\">(81) 3231-1207<\/a><\/li>\n<\/ul>\n","protected":false},"excerpt":{"rendered":"<p>A cidade de Recife\/PE sediar\u00e1, entre os dias 02 e 04 de setembro, o XIV Congresso Internacional de Direito Tribut\u00e1rio de Pernambuco. A ampla programa\u00e7\u00e3o que inclui palestras, confer\u00eancias e debates, conta com a participa\u00e7\u00e3o de grandes nomes do direito tribut\u00e1rio do Brasil e do mundo.<\/p>\n","protected":false},"author":1,"featured_media":3654,"comment_status":"closed","ping_status":"open","sticky":false,"template":"","format":"standard","meta":{"footnotes":""},"categories":[8],"tags":[],"featured_image_url":"https:\/\/sinprofaz.org.br\/2024\/wp-content\/uploads\/2015\/08\/01-76.jpg","character_count":522,"formatted_date":"25\/08\/2015 - 22:25","contentNovo":"Durante o evento, ser\u00e3o debatidos temas atuais que abordam o momento delicado que economia brasileira atravessa atualmente. Para isso, o tema central do Congresso \u00e9 \u201cTributa\u00e7\u00e3o: Desafios e Perspectivas em Tempos de Crise\u201d.\r\n\r\nO SINPROFAZ ser\u00e1 representado pelo vice-presidente, Juscelino de Melo Ferreira e pelo Diretor Cultural e de Eventos, S\u00e9rgio Carneiro, que conseguiu cinco inscri\u00e7\u00f5es gratuitas para filiados.\r\n\r\nO presidente do Tribunal de Justi\u00e7a de Pernambuco e professor, Frederico Ricardo de Almeida Neves, presidir\u00e1 a mesa na solenidade de abertura.\r\n\r\nNomes como da professora e Desembargadora Federal do Tribunal Regional da 3\u00aa Regi\u00e3o (SP), Consuelo Yoshida, do Ministro do Superior Tribunal de Justi\u00e7a, Humberto Eust\u00e1quio Soares Martins, do Desembargador Federal, Cid Maconi Gurgel de Souza, al\u00e9m de v\u00e1rios especialistas em direito tribut\u00e1rio enriquecer\u00e3o a programa\u00e7\u00e3o do Congresso.\r\n\r\nConfira <a href=\"http:\/\/www.congressodireitotributario.com.br\/programacao_1_dia.html\" target=\"_blank\">aqui<\/a> a programa\u00e7\u00e3o completa.\r\n\r\nMais informa\u00e7\u00f5es e inscri\u00e7\u00f5es:\r\n\r\n\t<a href=\"http:\/\/www.congressodireitotributario.com.br\/\" target=\"_blank\">www.congressodireitotributario.com.br<\/a>\r\n\t<a href=\"tel:8132311207\" target=\"_blank\">(81) 3231-1207<\/a>\r\n","_links":{"self":[{"href":"https:\/\/sinprofaz.org.br\/2024\/wp-json\/wp\/v2\/posts\/2400"}],"collection":[{"href":"https:\/\/sinprofaz.org.br\/2024\/wp-json\/wp\/v2\/posts"}],"about":[{"href":"https:\/\/sinprofaz.org.br\/2024\/wp-json\/wp\/v2\/types\/post"}],"author":[{"embeddable":true,"href":"https:\/\/sinprofaz.org.br\/2024\/wp-json\/wp\/v2\/users\/1"}],"replies":[{"embeddable":true,"href":"https:\/\/sinprofaz.org.br\/2024\/wp-json\/wp\/v2\/comments?post=2400"}],"version-history":[{"count":1,"href":"https:\/\/sinprofaz.org.br\/2024\/wp-json\/wp\/v2\/posts\/2400\/revisions"}],"predecessor-version":[{"id":3655,"href":"https:\/\/sinprofaz.org.br\/2024\/wp-json\/wp\/v2\/posts\/2400\/revisions\/3655"}],"wp:featuredmedia":[{"embeddable":true,"href":"https:\/\/sinprofaz.org.br\/2024\/wp-json\/wp\/v2\/media\/3654"}],"wp:attachment":[{"href":"https:\/\/sinprofaz.org.br\/2024\/wp-json\/wp\/v2\/media?parent=2400"}],"wp:term":[{"taxonomy":"category","embeddable":true,"href":"https:\/\/sinprofaz.org.br\/2024\/wp-json\/wp\/v2\/categories?post=2400"},{"taxonomy":"post_tag","embeddable":true,"href":"https:\/\/sinprofaz.org.br\/2024\/wp-json\/wp\/v2\/tags?post=2400"}],"curies":[{"name":"wp","href":"https:\/\/api.w.org\/{rel}","templated":true}]}}