{"id":2399,"date":"2015-08-25T22:16:20","date_gmt":"2015-08-25T22:16:20","guid":{"rendered":""},"modified":"2016-03-15T13:04:16","modified_gmt":"2016-03-15T13:04:16","slug":"lei-de-execucao-fiscal-e-tema-de-livro-redigido-por-pfns","status":"publish","type":"post","link":"https:\/\/sinprofaz.org.br\/2024\/noticias\/lei-de-execucao-fiscal-e-tema-de-livro-redigido-por-pfns\/","title":{"rendered":"LEI DE EXECU\u00c7\u00c3O FISCAL \u00c9 TEMA DE LIVRO REDIGIDO POR PFNS"},"content":{"rendered":"<p>&#8220;Execu\u00e7\u00e3o fiscal \u00e0 luz da Jurisprud\u00eancia\u201d: assim \u00e9 intitulada a publica\u00e7\u00e3o redigida pelos Procuradores da Fazenda Nacional (PFNs), Rita Dias Nolasco e Victor Menezes Garcia. O livro traz coment\u00e1rios, artigo por artigo, sobre a Lei 6.830\/80 de acordo com novo C\u00f3digo de Processo Civil (CPC).<\/p>\n<p>Lan\u00e7ado neste m\u00eas de agosto, a publica\u00e7\u00e3o aborda a constru\u00e7\u00e3o das decis\u00f5es judiciais e a crescente import\u00e2ncia da jurisprud\u00eancia. S\u00e3o comentados os artigos da Lei de Execu\u00e7\u00e3o Fiscal, trazendo, de forma sistematizada, os recentes julgados dos Tribunais relacionados a cada um dos dispositivos.<\/p>\n<p>A terceira parte do livro e objeto de estudo revelam os temas mais relevantes e pol\u00eamicos relacionados \u00e0 Execu\u00e7\u00e3o Fiscal. No decorrer dos coment\u00e1rios, surgem as discuss\u00f5es, diverg\u00eancias doutrin\u00e1rias e jurisprudenciais existentes quanto \u00e0 interpreta\u00e7\u00e3o dos dispositivos da Lei de Execu\u00e7\u00e3o Fiscal, inclusive as relacionadas \u00e0 aplica\u00e7\u00e3o subsidi\u00e1ria das normas do C\u00f3digo de Processo Civil, j\u00e1 fazendo a conex\u00e3o com o novo C\u00f3digo de Processo Civil de 2015.<\/p>\n","protected":false},"excerpt":{"rendered":"<p>&#8220;Execu\u00e7\u00e3o fiscal \u00e0 luz da Jurisprud\u00eancia\u201d: assim \u00e9 intitulada a publica\u00e7\u00e3o redigida pelos Procuradores da Fazenda Nacional (PFNs), Rita Dias Nolasco e Victor Menezes Garcia. O livro traz coment\u00e1rios, artigo por artigo, sobre a Lei 6.830\/80 de acordo com novo C\u00f3digo de Processo Civil (CPC).<\/p>\n","protected":false},"author":1,"featured_media":3659,"comment_status":"closed","ping_status":"open","sticky":false,"template":"","format":"standard","meta":{"footnotes":""},"categories":[8],"tags":[],"featured_image_url":"https:\/\/sinprofaz.org.br\/2024\/wp-content\/uploads\/2015\/08\/01-77-800x198.jpg","character_count":543,"formatted_date":"25\/08\/2015 - 22:16","contentNovo":"\"Execu\u00e7\u00e3o fiscal \u00e0 luz da Jurisprud\u00eancia\u201d: assim \u00e9 intitulada a publica\u00e7\u00e3o redigida pelos Procuradores da Fazenda Nacional (PFNs), Rita Dias Nolasco e Victor Menezes Garcia. O livro traz coment\u00e1rios, artigo por artigo, sobre a Lei 6.830\/80 de acordo com novo C\u00f3digo de Processo Civil (CPC).\r\n\r\nLan\u00e7ado neste m\u00eas de agosto, a publica\u00e7\u00e3o aborda a constru\u00e7\u00e3o das decis\u00f5es judiciais e a crescente import\u00e2ncia da jurisprud\u00eancia. S\u00e3o comentados os artigos da Lei de Execu\u00e7\u00e3o Fiscal, trazendo, de forma sistematizada, os recentes julgados dos Tribunais relacionados a cada um dos dispositivos.\r\n\r\nA terceira parte do livro e objeto de estudo revelam os temas mais relevantes e pol\u00eamicos relacionados \u00e0 Execu\u00e7\u00e3o Fiscal. No decorrer dos coment\u00e1rios, surgem as discuss\u00f5es, diverg\u00eancias doutrin\u00e1rias e jurisprudenciais existentes quanto \u00e0 interpreta\u00e7\u00e3o dos dispositivos da Lei de Execu\u00e7\u00e3o Fiscal, inclusive as relacionadas \u00e0 aplica\u00e7\u00e3o subsidi\u00e1ria das normas do C\u00f3digo de Processo Civil, j\u00e1 fazendo a conex\u00e3o com o novo C\u00f3digo de Processo Civil de 2015.","_links":{"self":[{"href":"https:\/\/sinprofaz.org.br\/2024\/wp-json\/wp\/v2\/posts\/2399"}],"collection":[{"href":"https:\/\/sinprofaz.org.br\/2024\/wp-json\/wp\/v2\/posts"}],"about":[{"href":"https:\/\/sinprofaz.org.br\/2024\/wp-json\/wp\/v2\/types\/post"}],"author":[{"embeddable":true,"href":"https:\/\/sinprofaz.org.br\/2024\/wp-json\/wp\/v2\/users\/1"}],"replies":[{"embeddable":true,"href":"https:\/\/sinprofaz.org.br\/2024\/wp-json\/wp\/v2\/comments?post=2399"}],"version-history":[{"count":1,"href":"https:\/\/sinprofaz.org.br\/2024\/wp-json\/wp\/v2\/posts\/2399\/revisions"}],"predecessor-version":[{"id":3661,"href":"https:\/\/sinprofaz.org.br\/2024\/wp-json\/wp\/v2\/posts\/2399\/revisions\/3661"}],"wp:featuredmedia":[{"embeddable":true,"href":"https:\/\/sinprofaz.org.br\/2024\/wp-json\/wp\/v2\/media\/3659"}],"wp:attachment":[{"href":"https:\/\/sinprofaz.org.br\/2024\/wp-json\/wp\/v2\/media?parent=2399"}],"wp:term":[{"taxonomy":"category","embeddable":true,"href":"https:\/\/sinprofaz.org.br\/2024\/wp-json\/wp\/v2\/categories?post=2399"},{"taxonomy":"post_tag","embeddable":true,"href":"https:\/\/sinprofaz.org.br\/2024\/wp-json\/wp\/v2\/tags?post=2399"}],"curies":[{"name":"wp","href":"https:\/\/api.w.org\/{rel}","templated":true}]}}