{"id":2391,"date":"2015-08-19T21:46:23","date_gmt":"2015-08-19T21:46:23","guid":{"rendered":""},"modified":"2016-03-15T13:32:15","modified_gmt":"2016-03-15T13:32:15","slug":"lider-do-psc-e-relator-da-pec-172-se-compromete-com-o-pleito-dos-advogados-publicos","status":"publish","type":"post","link":"https:\/\/sinprofaz.org.br\/2024\/noticias\/lider-do-psc-e-relator-da-pec-172-se-compromete-com-o-pleito-dos-advogados-publicos\/","title":{"rendered":"L\u00edder do PSC e Relator da PEC 172 se compromete com o pleito dos Advogados P\u00fablicos"},"content":{"rendered":"<p>O SINPROFAZ, representado pelo presidente Achilles Frias, reuniu-se com o deputado Andr\u00e9 Moura (PSC\/SE), l\u00edder do partido na C\u00e2mara dos Deputados, em audi\u00eancia marcada pelo representante da Carreira no Conselho Superior da AGU, Paulo Renato Nardelli, que tamb\u00e9m participou da reuni\u00e3o. O encontro contou com a presen\u00e7a do Procurador da Fazenda Nacional, Rafael Vasconcellos.<\/p>\n<p>O deputado, relator da PEC 172, anunciou que a proposta deve ser finalizada na fase de comiss\u00f5es amanh\u00e3 (20), estando pronta na sequ\u00eancia para ir a Plen\u00e1rio.<\/p>\n<p>Em seu relat\u00f3rio, o deputado rejeitou tentativa de limita\u00e7\u00e3o a ser imposta aos agentes p\u00fablicos federais que consistia na necessidade de cria\u00e7\u00e3o de fonte de custeio que, pela reda\u00e7\u00e3o atual, se imp\u00f5e aos estaduais e municipais.<\/p>\n","protected":false},"excerpt":{"rendered":"<p>O SINPROFAZ, representado pelo presidente Achilles Frias, reuniu-se com o deputado Andr\u00e9 Moura (PSC\/SE), l\u00edder do partido na C\u00e2mara dos Deputados, em audi\u00eancia marcada pelo representante da Carreira no Conselho Superior da AGU, Paulo Renato Nardelli, que tamb\u00e9m participou da reuni\u00e3o.<\/p>\n","protected":false},"author":1,"featured_media":3682,"comment_status":"closed","ping_status":"open","sticky":false,"template":"","format":"standard","meta":{"footnotes":""},"categories":[8],"tags":[],"featured_image_url":"https:\/\/sinprofaz.org.br\/2024\/wp-content\/uploads\/2015\/08\/01-79-720x198.jpg","character_count":390,"formatted_date":"19\/08\/2015 - 21:46","contentNovo":"O SINPROFAZ, representado pelo presidente Achilles Frias, reuniu-se com o deputado Andr\u00e9 Moura (PSC\/SE), l\u00edder do partido na C\u00e2mara dos Deputados, em audi\u00eancia marcada pelo representante da Carreira no Conselho Superior da AGU, Paulo Renato Nardelli, que tamb\u00e9m participou da reuni\u00e3o. O encontro contou com a presen\u00e7a do Procurador da Fazenda Nacional, Rafael Vasconcellos.\r\n\r\nO deputado, relator da PEC 172, anunciou que a proposta deve ser finalizada na fase de comiss\u00f5es amanh\u00e3 (20), estando pronta na sequ\u00eancia para ir a Plen\u00e1rio.\r\n\r\nEm seu relat\u00f3rio, o deputado rejeitou tentativa de limita\u00e7\u00e3o a ser imposta aos agentes p\u00fablicos federais que consistia na necessidade de cria\u00e7\u00e3o de fonte de custeio que, pela reda\u00e7\u00e3o atual, se imp\u00f5e aos estaduais e municipais.","_links":{"self":[{"href":"https:\/\/sinprofaz.org.br\/2024\/wp-json\/wp\/v2\/posts\/2391"}],"collection":[{"href":"https:\/\/sinprofaz.org.br\/2024\/wp-json\/wp\/v2\/posts"}],"about":[{"href":"https:\/\/sinprofaz.org.br\/2024\/wp-json\/wp\/v2\/types\/post"}],"author":[{"embeddable":true,"href":"https:\/\/sinprofaz.org.br\/2024\/wp-json\/wp\/v2\/users\/1"}],"replies":[{"embeddable":true,"href":"https:\/\/sinprofaz.org.br\/2024\/wp-json\/wp\/v2\/comments?post=2391"}],"version-history":[{"count":1,"href":"https:\/\/sinprofaz.org.br\/2024\/wp-json\/wp\/v2\/posts\/2391\/revisions"}],"predecessor-version":[{"id":3683,"href":"https:\/\/sinprofaz.org.br\/2024\/wp-json\/wp\/v2\/posts\/2391\/revisions\/3683"}],"wp:featuredmedia":[{"embeddable":true,"href":"https:\/\/sinprofaz.org.br\/2024\/wp-json\/wp\/v2\/media\/3682"}],"wp:attachment":[{"href":"https:\/\/sinprofaz.org.br\/2024\/wp-json\/wp\/v2\/media?parent=2391"}],"wp:term":[{"taxonomy":"category","embeddable":true,"href":"https:\/\/sinprofaz.org.br\/2024\/wp-json\/wp\/v2\/categories?post=2391"},{"taxonomy":"post_tag","embeddable":true,"href":"https:\/\/sinprofaz.org.br\/2024\/wp-json\/wp\/v2\/tags?post=2391"}],"curies":[{"name":"wp","href":"https:\/\/api.w.org\/{rel}","templated":true}]}}