{"id":2386,"date":"2015-08-14T12:02:59","date_gmt":"2015-08-14T12:02:59","guid":{"rendered":""},"modified":"2016-03-15T13:58:23","modified_gmt":"2016-03-15T13:58:23","slug":"orientacoes-gerais-da-mobilizacao","status":"publish","type":"post","link":"https:\/\/sinprofaz.org.br\/2024\/noticias\/orientacoes-gerais-da-mobilizacao\/","title":{"rendered":"ORIENTA\u00c7\u00d5ES GERAIS DA MOBILIZA\u00c7\u00c3O"},"content":{"rendered":"<ol style=\"clear: both;\">\n<li>Realizar reuni\u00f5es, neste momento, nas bases com os Deputados que votaram a favor\u00a0da PEC apenas para agradecer;<\/li>\n<li>Intensificar a Entrega de Cargos e a Recusa na realiza\u00e7\u00e3o de fun\u00e7\u00f5es administrativas;<\/li>\n<li>Realizar Assembl\u00e9ias Estaduais conjuntas de todas as Carreiras, na pr\u00f3xima ter\u00e7a-feira\u00a0a partir da 16h, para discutir os rumos da Mobiliza\u00e7\u00e3o;<\/li>\n<li>Concentrar o foco para pautar e votar a 443, independentemente da aprova\u00e7\u00e3o da PEC<\/li>\n<li>Ainda no \u00e2mbito da 443, os Estaduais e os Municipais s\u00e3o nossos parceiros. Assim\u00a0sendo, devemos continuar com o trabalho conjunto;<\/li>\n<li>Aproveita-se o ensejo para comunicar a exist\u00eancia de convite do Minist\u00e9rio do\u00a0Planejamento aos Dirigentes das Entidades da Advocacia P\u00fablica Federal para\u00a0participarem de reuni\u00e3o, na pr\u00f3xima segunda-feira, acerca da negocia\u00e7\u00e3o conjuntural\u00a0(honor\u00e1rios, advocacia privada, aumento diferenciado, carreira de apoio e demais\u00a0pleitos de nosso interesse).<\/li>\n<\/ol>\n<p style=\"text-align: center;\">ANAUNI-ANAJUR-ANPAF-ANPPREV-APBC-SINPROFAZ-UNAFE<\/p>\n","protected":false},"excerpt":{"rendered":"<p>As Entidades representativas da Advocacia P\u00fablica Federal apresentam Orienta\u00e7\u00f5es&nbsp;Gerais sobre a mobiliza\u00e7\u00e3o, tendo em vista a aprova\u00e7\u00e3o da PEC 443 no primeiro turno:<\/p>\n","protected":false},"author":1,"featured_media":3698,"comment_status":"closed","ping_status":"open","sticky":false,"template":"","format":"standard","meta":{"footnotes":""},"categories":[8],"tags":[],"featured_image_url":"https:\/\/sinprofaz.org.br\/2024\/wp-content\/uploads\/2015\/08\/01-82.jpg","character_count":491,"formatted_date":"14\/08\/2015 - 12:02","contentNovo":"\r\n\tRealizar reuni\u00f5es, neste momento, nas bases com os Deputados que votaram a favor\u00a0da PEC apenas para agradecer;\r\n\tIntensificar a Entrega de Cargos e a Recusa na realiza\u00e7\u00e3o de fun\u00e7\u00f5es administrativas;\r\n\tRealizar Assembl\u00e9ias Estaduais conjuntas de todas as Carreiras, na pr\u00f3xima ter\u00e7a-feira\u00a0a partir da 16h, para discutir os rumos da Mobiliza\u00e7\u00e3o;\r\n\tConcentrar o foco para pautar e votar a 443, independentemente da aprova\u00e7\u00e3o da PEC\r\n\tAinda no \u00e2mbito da 443, os Estaduais e os Municipais s\u00e3o nossos parceiros. Assim\u00a0sendo, devemos continuar com o trabalho conjunto;\r\n\tAproveita-se o ensejo para comunicar a exist\u00eancia de convite do Minist\u00e9rio do\u00a0Planejamento aos Dirigentes das Entidades da Advocacia P\u00fablica Federal para\u00a0participarem de reuni\u00e3o, na pr\u00f3xima segunda-feira, acerca da negocia\u00e7\u00e3o conjuntural\u00a0(honor\u00e1rios, advocacia privada, aumento diferenciado, carreira de apoio e demais\u00a0pleitos de nosso interesse).\r\n\r\n<p style=\"text-align: center;\">ANAUNI-ANAJUR-ANPAF-ANPPREV-APBC-SINPROFAZ-UNAFE<\/p>","_links":{"self":[{"href":"https:\/\/sinprofaz.org.br\/2024\/wp-json\/wp\/v2\/posts\/2386"}],"collection":[{"href":"https:\/\/sinprofaz.org.br\/2024\/wp-json\/wp\/v2\/posts"}],"about":[{"href":"https:\/\/sinprofaz.org.br\/2024\/wp-json\/wp\/v2\/types\/post"}],"author":[{"embeddable":true,"href":"https:\/\/sinprofaz.org.br\/2024\/wp-json\/wp\/v2\/users\/1"}],"replies":[{"embeddable":true,"href":"https:\/\/sinprofaz.org.br\/2024\/wp-json\/wp\/v2\/comments?post=2386"}],"version-history":[{"count":1,"href":"https:\/\/sinprofaz.org.br\/2024\/wp-json\/wp\/v2\/posts\/2386\/revisions"}],"predecessor-version":[{"id":3699,"href":"https:\/\/sinprofaz.org.br\/2024\/wp-json\/wp\/v2\/posts\/2386\/revisions\/3699"}],"wp:featuredmedia":[{"embeddable":true,"href":"https:\/\/sinprofaz.org.br\/2024\/wp-json\/wp\/v2\/media\/3698"}],"wp:attachment":[{"href":"https:\/\/sinprofaz.org.br\/2024\/wp-json\/wp\/v2\/media?parent=2386"}],"wp:term":[{"taxonomy":"category","embeddable":true,"href":"https:\/\/sinprofaz.org.br\/2024\/wp-json\/wp\/v2\/categories?post=2386"},{"taxonomy":"post_tag","embeddable":true,"href":"https:\/\/sinprofaz.org.br\/2024\/wp-json\/wp\/v2\/tags?post=2386"}],"curies":[{"name":"wp","href":"https:\/\/api.w.org\/{rel}","templated":true}]}}