{"id":2383,"date":"2015-08-13T14:39:49","date_gmt":"2015-08-13T14:39:49","guid":{"rendered":""},"modified":"2016-03-15T14:05:43","modified_gmt":"2016-03-15T14:05:43","slug":"veja-como-votaram-os-parlamentares-na-conclusao-do-primeiro-turno-da-pec-443-2009","status":"publish","type":"post","link":"https:\/\/sinprofaz.org.br\/2024\/noticias\/veja-como-votaram-os-parlamentares-na-conclusao-do-primeiro-turno-da-pec-443-2009\/","title":{"rendered":"VEJA COMO VOTARAM OS PARLAMENTARES NA CONCLUS\u00c3O DO PRIMEIRO TURNO DA PEC 443\/2009"},"content":{"rendered":"<p>A C\u00e2mara dos Deputados concluiu o primeiro turno de vota\u00e7\u00e3o da PEC 443\/2009 nesta ter\u00e7a (11\/08), rejeitando o destaque para inclus\u00e3o dos auditores fiscais no texto da proposta.<\/p>\n<p>No entanto, conforme afirmou o presidente da C\u00e2mara, Eduardo Cunha, o segundo turno da PEC 443 s\u00f3 deve ocorrer ap\u00f3s a vota\u00e7\u00e3o e promulga\u00e7\u00e3o da PEC 172\/12, que tramita na C\u00e2mara. Essa proposta pro\u00edbe o repasse a estados e munic\u00edpios de encargos sem o respectivo recurso necess\u00e1rio.<\/p>\n<p>Portanto, passada a justa comemora\u00e7\u00e3o pela vit\u00f3ria nessa grande batalha, \u00e9 muito importante saber como votaram os parlamentares e manter as Carreiras da Advocacia P\u00fablica ainda mais mobilizadas para viabilizar a vota\u00e7\u00e3o do segundo turno, independente de qualquer condicionante.<\/p>\n<p>Para ver o quadro de vota\u00e7\u00e3o que rejeitou o destaque, clique <a href=\"http:\/\/www.camara.leg.br\/internet\/votacao\/mostraVotacao.asp?ideVotacao=6497&amp;numLegislatura=55&amp;codCasa=1&amp;numSessaoLegislativa=1&amp;indTipoSessaoLegislativa=O&amp;numSessao=219&amp;indTipoSessao=E&amp;tipo=uf\" target=\"_blank\">aqui<\/a>.<\/p>\n","protected":false},"excerpt":{"rendered":"<p>A C\u00e2mara dos Deputados concluiu o primeiro turno de vota\u00e7\u00e3o da PEC 443\/2009 nesta ter\u00e7a (11\/08), rejeitando o destaque para inclus\u00e3o dos auditores fiscais no texto da proposta.<\/p>\n","protected":false},"author":1,"featured_media":3710,"comment_status":"closed","ping_status":"open","sticky":false,"template":"","format":"standard","meta":{"footnotes":""},"categories":[8],"tags":[],"featured_image_url":"https:\/\/sinprofaz.org.br\/2024\/wp-content\/uploads\/2015\/08\/01-85-800x198.jpg","character_count":414,"formatted_date":"13\/08\/2015 - 14:39","contentNovo":"A C\u00e2mara dos Deputados concluiu o primeiro turno de vota\u00e7\u00e3o da PEC 443\/2009 nesta ter\u00e7a (11\/08), rejeitando o destaque para inclus\u00e3o dos auditores fiscais no texto da proposta.\r\n\r\nNo entanto, conforme afirmou o presidente da C\u00e2mara, Eduardo Cunha, o segundo turno da PEC 443 s\u00f3 deve ocorrer ap\u00f3s a vota\u00e7\u00e3o e promulga\u00e7\u00e3o da PEC 172\/12, que tramita na C\u00e2mara. Essa proposta pro\u00edbe o repasse a estados e munic\u00edpios de encargos sem o respectivo recurso necess\u00e1rio.\r\n\r\nPortanto, passada a justa comemora\u00e7\u00e3o pela vit\u00f3ria nessa grande batalha, \u00e9 muito importante saber como votaram os parlamentares e manter as Carreiras da Advocacia P\u00fablica ainda mais mobilizadas para viabilizar a vota\u00e7\u00e3o do segundo turno, independente de qualquer condicionante.\r\n\r\nPara ver o quadro de vota\u00e7\u00e3o que rejeitou o destaque, clique <a href=\"http:\/\/www.camara.leg.br\/internet\/votacao\/mostraVotacao.asp?ideVotacao=6497&amp;numLegislatura=55&amp;codCasa=1&amp;numSessaoLegislativa=1&amp;indTipoSessaoLegislativa=O&amp;numSessao=219&amp;indTipoSessao=E&amp;tipo=uf\" target=\"_blank\">aqui<\/a>.","_links":{"self":[{"href":"https:\/\/sinprofaz.org.br\/2024\/wp-json\/wp\/v2\/posts\/2383"}],"collection":[{"href":"https:\/\/sinprofaz.org.br\/2024\/wp-json\/wp\/v2\/posts"}],"about":[{"href":"https:\/\/sinprofaz.org.br\/2024\/wp-json\/wp\/v2\/types\/post"}],"author":[{"embeddable":true,"href":"https:\/\/sinprofaz.org.br\/2024\/wp-json\/wp\/v2\/users\/1"}],"replies":[{"embeddable":true,"href":"https:\/\/sinprofaz.org.br\/2024\/wp-json\/wp\/v2\/comments?post=2383"}],"version-history":[{"count":1,"href":"https:\/\/sinprofaz.org.br\/2024\/wp-json\/wp\/v2\/posts\/2383\/revisions"}],"predecessor-version":[{"id":3711,"href":"https:\/\/sinprofaz.org.br\/2024\/wp-json\/wp\/v2\/posts\/2383\/revisions\/3711"}],"wp:featuredmedia":[{"embeddable":true,"href":"https:\/\/sinprofaz.org.br\/2024\/wp-json\/wp\/v2\/media\/3710"}],"wp:attachment":[{"href":"https:\/\/sinprofaz.org.br\/2024\/wp-json\/wp\/v2\/media?parent=2383"}],"wp:term":[{"taxonomy":"category","embeddable":true,"href":"https:\/\/sinprofaz.org.br\/2024\/wp-json\/wp\/v2\/categories?post=2383"},{"taxonomy":"post_tag","embeddable":true,"href":"https:\/\/sinprofaz.org.br\/2024\/wp-json\/wp\/v2\/tags?post=2383"}],"curies":[{"name":"wp","href":"https:\/\/api.w.org\/{rel}","templated":true}]}}