{"id":2381,"date":"2015-08-07T10:00:00","date_gmt":"2015-08-07T10:00:00","guid":{"rendered":""},"modified":"2016-03-15T14:13:00","modified_gmt":"2016-03-15T14:13:00","slug":"pec-443-2009-advocacia-publica-agradece-apoio-de-parlamentares","status":"publish","type":"post","link":"https:\/\/sinprofaz.org.br\/2024\/noticias\/pec-443-2009-advocacia-publica-agradece-apoio-de-parlamentares\/","title":{"rendered":"PEC 443\/2009: Advocacia P\u00fablica agradece apoio de parlamentares"},"content":{"rendered":"<p>As entidades que representam os Advogados P\u00fablicos Federais agradecem o valoroso apoio de todos os parlamentares na aprova\u00e7\u00e3o, em primeiro turno, da PEC 443\/2009.<\/p>\n<p>O voto &#8220;sim&#8221; \u00e0 proposta \u00e9 uma prova do reconhecimento do trabalho dos membros da Advocacia-Geral da Uni\u00e3o na atividade de assessoramento dos gestores e na consolida\u00e7\u00e3o das pol\u00edticas p\u00fablicas necess\u00e1rias para o Estado Brasileiro. Reflete tamb\u00e9m a compreens\u00e3o de que a proposta n\u00e3o comprometer\u00e1 o ajuste fiscal, uma vez que seus reflexos se dar\u00e3o ap\u00f3s dois exerc\u00edcios financeiros. Qualquer argumento contr\u00e1rio a isso \u00e9 mero recurso ret\u00f3rico.<\/p>\n<p>O fortalecimento do Estado Democr\u00e1tico de Direito passa, necessariamente, pela estrutura\u00e7\u00e3o de suas institui\u00e7\u00f5es e valoriza\u00e7\u00e3o de seus quadros. A PEC 443\/2009 \u00e9 o instrumento leg\u00edtimo para garantir a todos os Advogados P\u00fablicos Federais a verdadeira simetria com as demais carreiras que comp\u00f5em as Fun\u00e7\u00f5es Essenciais \u00e0 Justi\u00e7a, conforme prev\u00ea a Constitui\u00e7\u00e3o de 1988.<\/p>\n<p>Contamos com o apoio de Vossas Excel\u00eancias para a aprova\u00e7\u00e3o da mat\u00e9ria em segundo turno. At\u00e9 l\u00e1, os membros da AGU continuar\u00e3o empenhados no of\u00edcio di\u00e1rio de defender a Uni\u00e3o e toda a sociedade brasileira.<\/p>\n<p>Atenciosamente,<\/p>\n<p style=\"text-align: center;\">Associa\u00e7\u00e3o Nacional dos Membros das Carreiras da Advocacia-Geral da Uni\u00e3o<\/p>\n<p style=\"text-align: center;\">ANAJUR<\/p>\n<p style=\"text-align: center;\">Associa\u00e7\u00e3o Nacional dos Advogados da Uni\u00e3o<\/p>\n<p style=\"text-align: center;\">ANAUNI<\/p>\n<p style=\"text-align: center;\">Associa\u00e7\u00e3o Nacional dos Procuradores do Banco Central do Brasil<\/p>\n<p style=\"text-align: center;\">APBC<\/p>\n<p style=\"text-align: center;\">Associa\u00e7\u00e3o Nacional dos Procuradores Federais<\/p>\n<p style=\"text-align: center;\">ANPAF<\/p>\n<p style=\"text-align: center;\">Associa\u00e7\u00e3o Nacional dos Procuradores Federais da Previd\u00eancia Social<\/p>\n<p style=\"text-align: center;\">ANPPREV<\/p>\n<p style=\"text-align: center;\">Sindicato Nacional dos Procuradores da Fazenda Nacional<\/p>\n<p style=\"text-align: center;\">SINPROFAZ<\/p>\n<p style=\"text-align: center;\">Uni\u00e3o Dos Advogados P\u00fablicos Federais do Brasil<\/p>\n<p style=\"text-align: center;\">UNAFE<\/p>\n","protected":false},"excerpt":{"rendered":"<p>As entidades que representam os Advogados P\u00fablicos Federais agradecem o valoroso apoio de todos os parlamentares na aprova\u00e7\u00e3o, em primeiro turno, da PEC 443\/2009.<\/p>\n","protected":false},"author":1,"featured_media":3714,"comment_status":"closed","ping_status":"open","sticky":false,"template":"","format":"standard","meta":{"footnotes":""},"categories":[8],"tags":[],"featured_image_url":"https:\/\/sinprofaz.org.br\/2024\/wp-content\/uploads\/2015\/08\/01-87-800x198.jpg","character_count":858,"formatted_date":"07\/08\/2015 - 10:00","contentNovo":"As entidades que representam os Advogados P\u00fablicos Federais agradecem o valoroso apoio de todos os parlamentares na aprova\u00e7\u00e3o, em primeiro turno, da PEC 443\/2009.\r\n\r\nO voto \"sim\" \u00e0 proposta \u00e9 uma prova do reconhecimento do trabalho dos membros da Advocacia-Geral da Uni\u00e3o na atividade de assessoramento dos gestores e na consolida\u00e7\u00e3o das pol\u00edticas p\u00fablicas necess\u00e1rias para o Estado Brasileiro. Reflete tamb\u00e9m a compreens\u00e3o de que a proposta n\u00e3o comprometer\u00e1 o ajuste fiscal, uma vez que seus reflexos se dar\u00e3o ap\u00f3s dois exerc\u00edcios financeiros. Qualquer argumento contr\u00e1rio a isso \u00e9 mero recurso ret\u00f3rico.\r\n\r\nO fortalecimento do Estado Democr\u00e1tico de Direito passa, necessariamente, pela estrutura\u00e7\u00e3o de suas institui\u00e7\u00f5es e valoriza\u00e7\u00e3o de seus quadros. A PEC 443\/2009 \u00e9 o instrumento leg\u00edtimo para garantir a todos os Advogados P\u00fablicos Federais a verdadeira simetria com as demais carreiras que comp\u00f5em as Fun\u00e7\u00f5es Essenciais \u00e0 Justi\u00e7a, conforme prev\u00ea a Constitui\u00e7\u00e3o de 1988.\r\n\r\nContamos com o apoio de Vossas Excel\u00eancias para a aprova\u00e7\u00e3o da mat\u00e9ria em segundo turno. At\u00e9 l\u00e1, os membros da AGU continuar\u00e3o empenhados no of\u00edcio di\u00e1rio de defender a Uni\u00e3o e toda a sociedade brasileira.\r\n\r\nAtenciosamente,\r\n<p style=\"text-align: center;\">Associa\u00e7\u00e3o Nacional dos Membros das Carreiras da Advocacia-Geral da Uni\u00e3o<\/p>\r\n<p style=\"text-align: center;\">ANAJUR<\/p>\r\n<p style=\"text-align: center;\">Associa\u00e7\u00e3o Nacional dos Advogados da Uni\u00e3o<\/p>\r\n<p style=\"text-align: center;\">ANAUNI<\/p>\r\n<p style=\"text-align: center;\">Associa\u00e7\u00e3o Nacional dos Procuradores do Banco Central do Brasil<\/p>\r\n<p style=\"text-align: center;\">APBC<\/p>\r\n<p style=\"text-align: center;\">Associa\u00e7\u00e3o Nacional dos Procuradores Federais<\/p>\r\n<p style=\"text-align: center;\">ANPAF<\/p>\r\n<p style=\"text-align: center;\">Associa\u00e7\u00e3o Nacional dos Procuradores Federais da Previd\u00eancia Social<\/p>\r\n<p style=\"text-align: center;\">ANPPREV<\/p>\r\n<p style=\"text-align: center;\">Sindicato Nacional dos Procuradores da Fazenda Nacional<\/p>\r\n<p style=\"text-align: center;\">SINPROFAZ<\/p>\r\n<p style=\"text-align: center;\">Uni\u00e3o Dos Advogados P\u00fablicos Federais do Brasil<\/p>\r\n<p style=\"text-align: center;\">UNAFE<\/p>","_links":{"self":[{"href":"https:\/\/sinprofaz.org.br\/2024\/wp-json\/wp\/v2\/posts\/2381"}],"collection":[{"href":"https:\/\/sinprofaz.org.br\/2024\/wp-json\/wp\/v2\/posts"}],"about":[{"href":"https:\/\/sinprofaz.org.br\/2024\/wp-json\/wp\/v2\/types\/post"}],"author":[{"embeddable":true,"href":"https:\/\/sinprofaz.org.br\/2024\/wp-json\/wp\/v2\/users\/1"}],"replies":[{"embeddable":true,"href":"https:\/\/sinprofaz.org.br\/2024\/wp-json\/wp\/v2\/comments?post=2381"}],"version-history":[{"count":2,"href":"https:\/\/sinprofaz.org.br\/2024\/wp-json\/wp\/v2\/posts\/2381\/revisions"}],"predecessor-version":[{"id":3716,"href":"https:\/\/sinprofaz.org.br\/2024\/wp-json\/wp\/v2\/posts\/2381\/revisions\/3716"}],"wp:featuredmedia":[{"embeddable":true,"href":"https:\/\/sinprofaz.org.br\/2024\/wp-json\/wp\/v2\/media\/3714"}],"wp:attachment":[{"href":"https:\/\/sinprofaz.org.br\/2024\/wp-json\/wp\/v2\/media?parent=2381"}],"wp:term":[{"taxonomy":"category","embeddable":true,"href":"https:\/\/sinprofaz.org.br\/2024\/wp-json\/wp\/v2\/categories?post=2381"},{"taxonomy":"post_tag","embeddable":true,"href":"https:\/\/sinprofaz.org.br\/2024\/wp-json\/wp\/v2\/tags?post=2381"}],"curies":[{"name":"wp","href":"https:\/\/api.w.org\/{rel}","templated":true}]}}