{"id":2374,"date":"2015-08-03T17:03:39","date_gmt":"2015-08-03T17:03:39","guid":{"rendered":""},"modified":"2016-03-15T14:28:21","modified_gmt":"2016-03-15T14:28:21","slug":"procuradora-regional-da-1-regiao-entrega-o-cargo-em-solidariedade-ao-movimento","status":"publish","type":"post","link":"https:\/\/sinprofaz.org.br\/2024\/noticias\/procuradora-regional-da-1-regiao-entrega-o-cargo-em-solidariedade-ao-movimento\/","title":{"rendered":"Procuradora-Regional da 1\u00aa Regi\u00e3o entrega o cargo em solidariedade ao movimento"},"content":{"rendered":"<p>A Procuradora-Regional da Fazenda Nacional da 1\u00aa Regi\u00e3o Cristina Hedler, pediu exonera\u00e7\u00e3o do cargo de chefia na \u00faltima sexta-feira (31) aderindo ao movimento de reestrutura\u00e7\u00e3o da Carreira.<\/p>\n<p>No \u00faltimo dia 22 de julho o SINPROFAZ visitou a Colega na sede da PGFN conversou sobre os problemas e dificuldades que a Carreira tem passado e pediu para que ela entregasse o cargo. No seu pedido de entrega a Procuradora agradece pela confian\u00e7a depositada, disse acreditar no movimento e que ap\u00f3ia de forma integral as iniciativas pela valoriza\u00e7\u00e3o da Advocacia P\u00fablica Federal.<\/p>\n<p>&nbsp;<\/p>\n\n\t\t<style type=\"text\/css\">\n\t\t\t#gallery-1 {\n\t\t\t\tmargin: auto;\n\t\t\t}\n\t\t\t#gallery-1 .gallery-item {\n\t\t\t\tfloat: left;\n\t\t\t\tmargin-top: 10px;\n\t\t\t\ttext-align: center;\n\t\t\t\twidth: 33%;\n\t\t\t}\n\t\t\t#gallery-1 img {\n\t\t\t\tborder: 2px solid #cfcfcf;\n\t\t\t}\n\t\t\t#gallery-1 .gallery-caption {\n\t\t\t\tmargin-left: 0;\n\t\t\t}\n\t\t\t\/* see gallery_shortcode() in wp-includes\/media.php *\/\n\t\t<\/style>\n\t\t<div id='gallery-1' class='gallery galleryid-2374 gallery-columns-3 gallery-size-thumbnail'><dl class='gallery-item'>\n\t\t\t<dt class='gallery-icon landscape'>\n\t\t\t\t<a href='https:\/\/sinprofaz.org.br\/2024\/wp-content\/uploads\/2015\/08\/02-65.jpg'><img loading=\"lazy\" decoding=\"async\" width=\"150\" height=\"150\" src=\"https:\/\/sinprofaz.org.br\/2024\/wp-content\/uploads\/2015\/08\/02-65-150x150.jpg\" class=\"attachment-thumbnail size-thumbnail\" alt=\"\" \/><\/a>\n\t\t\t<\/dt><\/dl>\n\t\t\t<br style='clear: both' \/>\n\t\t<\/div>\n\n","protected":false},"excerpt":{"rendered":"<p>A Procuradora-Regional da Fazenda Nacional da 1\u00aa Regi\u00e3o Cristina Hedler, pediu exonera\u00e7\u00e3o do cargo de chefia na \u00faltima sexta-feira (31) aderindo ao movimento de reestrutura\u00e7\u00e3o da Carreira.<\/p>\n","protected":false},"author":1,"featured_media":3727,"comment_status":"closed","ping_status":"open","sticky":false,"template":"","format":"standard","meta":{"footnotes":""},"categories":[8],"tags":[],"featured_image_url":"https:\/\/sinprofaz.org.br\/2024\/wp-content\/uploads\/2015\/08\/01-92-800x198.jpg","character_count":472,"formatted_date":"03\/08\/2015 - 17:03","contentNovo":"A Procuradora-Regional da Fazenda Nacional da 1\u00aa Regi\u00e3o Cristina Hedler, pediu exonera\u00e7\u00e3o do cargo de chefia na \u00faltima sexta-feira (31) aderindo ao movimento de reestrutura\u00e7\u00e3o da Carreira.\r\n\r\nNo \u00faltimo dia 22 de julho o SINPROFAZ visitou a Colega na sede da PGFN conversou sobre os problemas e dificuldades que a Carreira tem passado e pediu para que ela entregasse o cargo. No seu pedido de entrega a Procuradora agradece pela confian\u00e7a depositada, disse acreditar no movimento e que ap\u00f3ia de forma integral as iniciativas pela valoriza\u00e7\u00e3o da Advocacia P\u00fablica Federal.\r\n\r\n&nbsp;\r\n\r\n[gallery link=\"file\" ids=\"3728\"]","_links":{"self":[{"href":"https:\/\/sinprofaz.org.br\/2024\/wp-json\/wp\/v2\/posts\/2374"}],"collection":[{"href":"https:\/\/sinprofaz.org.br\/2024\/wp-json\/wp\/v2\/posts"}],"about":[{"href":"https:\/\/sinprofaz.org.br\/2024\/wp-json\/wp\/v2\/types\/post"}],"author":[{"embeddable":true,"href":"https:\/\/sinprofaz.org.br\/2024\/wp-json\/wp\/v2\/users\/1"}],"replies":[{"embeddable":true,"href":"https:\/\/sinprofaz.org.br\/2024\/wp-json\/wp\/v2\/comments?post=2374"}],"version-history":[{"count":1,"href":"https:\/\/sinprofaz.org.br\/2024\/wp-json\/wp\/v2\/posts\/2374\/revisions"}],"predecessor-version":[{"id":3729,"href":"https:\/\/sinprofaz.org.br\/2024\/wp-json\/wp\/v2\/posts\/2374\/revisions\/3729"}],"wp:featuredmedia":[{"embeddable":true,"href":"https:\/\/sinprofaz.org.br\/2024\/wp-json\/wp\/v2\/media\/3727"}],"wp:attachment":[{"href":"https:\/\/sinprofaz.org.br\/2024\/wp-json\/wp\/v2\/media?parent=2374"}],"wp:term":[{"taxonomy":"category","embeddable":true,"href":"https:\/\/sinprofaz.org.br\/2024\/wp-json\/wp\/v2\/categories?post=2374"},{"taxonomy":"post_tag","embeddable":true,"href":"https:\/\/sinprofaz.org.br\/2024\/wp-json\/wp\/v2\/tags?post=2374"}],"curies":[{"name":"wp","href":"https:\/\/api.w.org\/{rel}","templated":true}]}}