{"id":2373,"date":"2015-07-31T18:58:36","date_gmt":"2015-07-31T18:58:36","guid":{"rendered":""},"modified":"2016-03-15T14:31:45","modified_gmt":"2016-03-15T14:31:45","slug":"orientacoes-para-mobilizacao-nacional-de-3-a-6-de-agosto","status":"publish","type":"post","link":"https:\/\/sinprofaz.org.br\/2024\/noticias\/orientacoes-para-mobilizacao-nacional-de-3-a-6-de-agosto\/","title":{"rendered":"ORIENTA\u00c7\u00d5ES PARA MOBILIZA\u00c7\u00c3O NACIONAL DE 3 A 6 DE AGOSTO"},"content":{"rendered":"<p>Os colegas devem utilizar, de prefer\u00eancia, vestimentas formais para a entrada no Congresso Nacional. Algumas \u00e1reas do parlamento pro\u00edbem a entrada de homens que n\u00e3o estejam utilizando terno e gravata, como no caso do sal\u00e3o verde. Com rela\u00e7\u00e3o ao botton da AGU, o ideal \u00e9 que seja retirado quando do procedimento de cadastro e entrada no Congresso Nacional, podendo ser recolocado nas depend\u00eancias deste.<\/p>\n<ul>\n<li>As comiss\u00f5es estaduais devem entrar em contato com os deputados mais afeitos \u00e0 causa e marcar reuni\u00f5es junto \u00e0 assessoria de prefer\u00eancia, para fins de viabilizar a entrada dos colegas daquele Estado, caso haja alguma dificuldade por parte da seguran\u00e7a do Congresso.<\/li>\n<li>Os colegas devem dar prefer\u00eancia aos restaurantes do Congresso para a realiza\u00e7\u00e3o das refei\u00e7\u00f5es, uma vez que pode haver algum tipo de dificuldade no retorno, caso haja a sa\u00edda do Congresso Nacional.<\/li>\n<li>Devem ser formados grupos menores de colegas, de 5 a 7, para a entrada no Congresso, na medida em que grupos maiores tendem a chamar a aten\u00e7\u00e3o da seguran\u00e7a e podem acarretar alguma dificuldade de entrada.<\/li>\n<li>A taquigrafia, que fica no anexo 2 da C\u00e2mara dos Deputados, ser\u00e1 o ponto de encontro dos colegas na entrada e durante a perman\u00eancia no Congresso Nacional.<\/li>\n<li>Os colegas devem procurar os delegados associativos em seus respectivos Estados para maiores esclarecimentos sobre a mobiliza\u00e7\u00e3o, bem como solicitar a inclus\u00e3o de seus n\u00fameros de celular em algum dos grupos de whattsap existentes.<\/li>\n<li>Devem ser evitadas manifesta\u00e7\u00f5es de desapre\u00e7o (vaias, gritos, etc) nas depend\u00eancias do Congresso, principalmente nas galerias, pois esse tipo de atitude pode prejudicar a imagem da mobiliza\u00e7\u00e3o e dificultar a aprova\u00e7\u00e3o dos nossos pleitos.<\/li>\n<li>Haver\u00e1 sa\u00edda de vans da Sede I da AGU e da Procuradoria-Geral da Fazenda Nacional durante o in\u00edcio da manh\u00e3 e tarde.<\/li>\n<\/ul>\n<p>&nbsp;<\/p>\n<p><strong>DIA 03\/08 (Segunda-Feira)<\/strong><\/p>\n<p>Reuni\u00e3o das associa\u00e7\u00f5es com os colegas presentes em Bras\u00edlia, para discutir estrat\u00e9gias e cen\u00e1rios para a mobiliza\u00e7\u00e3o da semana.<\/p>\n<p>Hor\u00e1rio: 16:30h<\/p>\n<p><strong>DIA 04\/08 (Ter\u00e7a-Feira)<\/strong><\/p>\n<p><strong>Manh\u00e3<\/strong> \u2013 Visita das comiss\u00f5es estaduais e dos colegas aos deputados de seus respectivos estados<\/p>\n<p><strong>Tarde<\/strong> \u2013 Reuni\u00e3o de L\u00edderes<\/p>\n<p>Galeria da C\u00e2mara dos Deputados<\/p>\n<p><strong>Noite<\/strong> \u2013 Happy Hour<\/p>\n<p>Local: Bar Brahma \u2013 Quadra 202 Sul<\/p>\n<p>Hor\u00e1rio: A partir das 19:30h<\/p>\n<p><strong>DIA 05\/08 (Quarta-Feira)<\/strong><\/p>\n<p><strong>Manh\u00e3<\/strong> &#8211; Visita \u00e0s unidades da AGU para fins de intensifica\u00e7\u00e3o do movimento de entrega de cargos<\/p>\n<p>Local de encontro: Entrada da Sede I da AGU<\/p>\n<p>Hor\u00e1rio: 9:30h<\/p>\n<p><strong>Tarde<\/strong> \u2013 Congresso Nacional<\/p>\n<p>Galeria da C\u00e2mara dos Deputados<\/p>\n<p><strong>DIA 06\/08 (Quinta-Feira)<\/strong><\/p>\n<p>Trabalho parlamentar<\/p>\n<p>Visita \u00e0s unidades da AGU para fins de intensifica\u00e7\u00e3o do movimento de entrega de cargos<\/p>\n<p>Local de encontro: Entrada da Sede I da AGU<\/p>\n<p><strong>Hor\u00e1rio: 9:30h<\/strong><\/p>\n","protected":false},"excerpt":{"rendered":"<p>Os colegas devem utilizar, de prefer\u00eancia, vestimentas formais para a entrada no Congresso Nacional. Algumas \u00e1reas do parlamento pro\u00edbem a entrada de homens que n\u00e3o estejam utilizando terno e gravata, como no caso do sal\u00e3o verde.<\/p>\n","protected":false},"author":1,"featured_media":3730,"comment_status":"closed","ping_status":"open","sticky":false,"template":"","format":"standard","meta":{"footnotes":""},"categories":[8],"tags":[],"featured_image_url":"https:\/\/sinprofaz.org.br\/2024\/wp-content\/uploads\/2015\/07\/01-93.jpg","character_count":1386,"formatted_date":"31\/07\/2015 - 18:58","contentNovo":"Os colegas devem utilizar, de prefer\u00eancia, vestimentas formais para a entrada no Congresso Nacional. Algumas \u00e1reas do parlamento pro\u00edbem a entrada de homens que n\u00e3o estejam utilizando terno e gravata, como no caso do sal\u00e3o verde. Com rela\u00e7\u00e3o ao botton da AGU, o ideal \u00e9 que seja retirado quando do procedimento de cadastro e entrada no Congresso Nacional, podendo ser recolocado nas depend\u00eancias deste.\r\n\r\n\tAs comiss\u00f5es estaduais devem entrar em contato com os deputados mais afeitos \u00e0 causa e marcar reuni\u00f5es junto \u00e0 assessoria de prefer\u00eancia, para fins de viabilizar a entrada dos colegas daquele Estado, caso haja alguma dificuldade por parte da seguran\u00e7a do Congresso.\r\n\tOs colegas devem dar prefer\u00eancia aos restaurantes do Congresso para a realiza\u00e7\u00e3o das refei\u00e7\u00f5es, uma vez que pode haver algum tipo de dificuldade no retorno, caso haja a sa\u00edda do Congresso Nacional.\r\n\tDevem ser formados grupos menores de colegas, de 5 a 7, para a entrada no Congresso, na medida em que grupos maiores tendem a chamar a aten\u00e7\u00e3o da seguran\u00e7a e podem acarretar alguma dificuldade de entrada.\r\n\tA taquigrafia, que fica no anexo 2 da C\u00e2mara dos Deputados, ser\u00e1 o ponto de encontro dos colegas na entrada e durante a perman\u00eancia no Congresso Nacional.\r\n\tOs colegas devem procurar os delegados associativos em seus respectivos Estados para maiores esclarecimentos sobre a mobiliza\u00e7\u00e3o, bem como solicitar a inclus\u00e3o de seus n\u00fameros de celular em algum dos grupos de whattsap existentes.\r\n\tDevem ser evitadas manifesta\u00e7\u00f5es de desapre\u00e7o (vaias, gritos, etc) nas depend\u00eancias do Congresso, principalmente nas galerias, pois esse tipo de atitude pode prejudicar a imagem da mobiliza\u00e7\u00e3o e dificultar a aprova\u00e7\u00e3o dos nossos pleitos.\r\n\tHaver\u00e1 sa\u00edda de vans da Sede I da AGU e da Procuradoria-Geral da Fazenda Nacional durante o in\u00edcio da manh\u00e3 e tarde.\r\n\r\n&nbsp;\r\n\r\n<strong>DIA 03\/08 (Segunda-Feira)<\/strong>\r\n\r\nReuni\u00e3o das associa\u00e7\u00f5es com os colegas presentes em Bras\u00edlia, para discutir estrat\u00e9gias e cen\u00e1rios para a mobiliza\u00e7\u00e3o da semana.\r\n\r\nHor\u00e1rio: 16:30h\r\n\r\n<strong>DIA 04\/08 (Ter\u00e7a-Feira)<\/strong>\r\n\r\n<strong>Manh\u00e3<\/strong> \u2013 Visita das comiss\u00f5es estaduais e dos colegas aos deputados de seus respectivos estados\r\n\r\n<strong>Tarde<\/strong> \u2013 Reuni\u00e3o de L\u00edderes\r\n\r\nGaleria da C\u00e2mara dos Deputados\r\n\r\n<strong>Noite<\/strong> \u2013 Happy Hour\r\n\r\nLocal: Bar Brahma \u2013 Quadra 202 Sul\r\n\r\nHor\u00e1rio: A partir das 19:30h\r\n\r\n<strong>DIA 05\/08 (Quarta-Feira)<\/strong>\r\n\r\n<strong>Manh\u00e3<\/strong> - Visita \u00e0s unidades da AGU para fins de intensifica\u00e7\u00e3o do movimento de entrega de cargos\r\n\r\nLocal de encontro: Entrada da Sede I da AGU\r\n\r\nHor\u00e1rio: 9:30h\r\n\r\n<strong>Tarde<\/strong> \u2013 Congresso Nacional\r\n\r\nGaleria da C\u00e2mara dos Deputados\r\n\r\n<strong>DIA 06\/08 (Quinta-Feira)<\/strong>\r\n\r\nTrabalho parlamentar\r\n\r\nVisita \u00e0s unidades da AGU para fins de intensifica\u00e7\u00e3o do movimento de entrega de cargos\r\n\r\nLocal de encontro: Entrada da Sede I da AGU\r\n\r\n<strong>Hor\u00e1rio: 9:30h<\/strong>","_links":{"self":[{"href":"https:\/\/sinprofaz.org.br\/2024\/wp-json\/wp\/v2\/posts\/2373"}],"collection":[{"href":"https:\/\/sinprofaz.org.br\/2024\/wp-json\/wp\/v2\/posts"}],"about":[{"href":"https:\/\/sinprofaz.org.br\/2024\/wp-json\/wp\/v2\/types\/post"}],"author":[{"embeddable":true,"href":"https:\/\/sinprofaz.org.br\/2024\/wp-json\/wp\/v2\/users\/1"}],"replies":[{"embeddable":true,"href":"https:\/\/sinprofaz.org.br\/2024\/wp-json\/wp\/v2\/comments?post=2373"}],"version-history":[{"count":1,"href":"https:\/\/sinprofaz.org.br\/2024\/wp-json\/wp\/v2\/posts\/2373\/revisions"}],"predecessor-version":[{"id":3731,"href":"https:\/\/sinprofaz.org.br\/2024\/wp-json\/wp\/v2\/posts\/2373\/revisions\/3731"}],"wp:featuredmedia":[{"embeddable":true,"href":"https:\/\/sinprofaz.org.br\/2024\/wp-json\/wp\/v2\/media\/3730"}],"wp:attachment":[{"href":"https:\/\/sinprofaz.org.br\/2024\/wp-json\/wp\/v2\/media?parent=2373"}],"wp:term":[{"taxonomy":"category","embeddable":true,"href":"https:\/\/sinprofaz.org.br\/2024\/wp-json\/wp\/v2\/categories?post=2373"},{"taxonomy":"post_tag","embeddable":true,"href":"https:\/\/sinprofaz.org.br\/2024\/wp-json\/wp\/v2\/tags?post=2373"}],"curies":[{"name":"wp","href":"https:\/\/api.w.org\/{rel}","templated":true}]}}