{"id":2372,"date":"2015-07-28T12:12:30","date_gmt":"2015-07-28T12:12:30","guid":{"rendered":""},"modified":"2016-03-15T14:33:22","modified_gmt":"2016-03-15T14:33:22","slug":"orientacoes-mobilizacao-nacional-agosto-2015","status":"publish","type":"post","link":"https:\/\/sinprofaz.org.br\/2024\/noticias\/orientacoes-mobilizacao-nacional-agosto-2015\/","title":{"rendered":"ORIENTA\u00c7\u00d5ES MOBILIZA\u00c7\u00c3O NACIONAL AGOSTO 2015"},"content":{"rendered":"<p>E por essa raz\u00e3o est\u00e1 prevista a vinda de centenas de colegas dos diversos Estados da Federa\u00e7\u00e3o para Bras\u00edlia, em especial nas semanas de 03 a 07 e 10 a 14. Portanto, as associa\u00e7\u00f5es signat\u00e1rias v\u00eam, em conjunto, apresentar um breve roteiro que evidencia a acolhida prevista para os colegas nesses dias que ser\u00e3o t\u00e3o importantes e poder representar a grande virada da Advocacia P\u00fablica Federal. Desde j\u00e1 damos as boas-vindas a todos os colegas de todo o Brasil.<\/p>\n<p><strong>AEROPORTO<\/strong><\/p>\n<p>?As associa\u00e7\u00f5es signat\u00e1rias providenciar\u00e3o a acolhida de todos os colegas j\u00e1 desde o Aeroporto Internacional de Bras\u00edlia, com a presen\u00e7a de recepcionistas que entregar\u00e3o kits de materiais pertinentes (plaquinhas, adesivos, bottons e folhetos explicativos), que servir\u00e3o para que os colegas se identifiquem nos eventos que ocorrer\u00e3o. Em seguida, as recepcionistas contratadas indicar\u00e3o vans para deslocamento dos colegas, com itiner\u00e1rios a serem definidos conforme a confirma\u00e7\u00e3o dos eventos e dos locais de hospedagem majorit\u00e1ria.<\/p>\n<p><strong>CONGRESSO NACIONAL<\/strong><\/p>\n<p>?O kit a ser entregue pelas associa\u00e7\u00f5es tamb\u00e9m contar\u00e1 com mapa explicativo do Congresso Nacional, de modo a facilitar a ambienta\u00e7\u00e3o dos colegas menos experimentados no trabalho parlamentar. Ademais, ser\u00e3o indicados os eventos a serem realizados, cumprindo registrar que as associa\u00e7\u00f5es signat\u00e1rias est\u00e3o buscando a realiza\u00e7\u00e3o de evento em audit\u00f3rio do Senado Federal ou da C\u00e2mara dos Deputados no dia 11 de agosto, com vistas a enaltecer a grande presen\u00e7a de advogados p\u00fablicos federais naquele dia, de forma ordeira e organizada, e tamb\u00e9m com o objetivo de agradecer aos parlamentares pela acolhida do Movimento que estamos fazendo desde o in\u00edcio de 2015. O evento destina-se tamb\u00e9m a viabilizar o ingresso facilitado dos colegas no Congresso Nacional. Maiores detalhes constar\u00e3o de folheto explicativo a ser entregue ainda no aeroporto.<\/p>\n<p><strong>EVENTO NO PR\u00c9DIO-SEDE DA AGU<\/strong><\/p>\n<p>?A AGU \u00e9 a nossa Casa, e assim deve ser vista por todos n\u00f3s. Portanto, nada mais justo do que os membros da AGU em exerc\u00edcio nos \u00f3rg\u00e3os descentralizados conhe\u00e7am o edif\u00edcio-sede da AGU em Bras\u00edlia. Para tanto,as associa\u00e7\u00f5es signat\u00e1rias preveem a realiza\u00e7\u00e3o de atos ao menos nas duas primeiras semanas de agosto, nos dias 5 e 12. Espera-se que tais atos sejam grandes como nunca se viu numa carreira de Estado, de modo a mostrarmos \u00e0 administra\u00e7\u00e3o atual da AGU e tamb\u00e9m ao Governo Federal o tamanho da nossa for\u00e7a e da nossa mobiliza\u00e7\u00e3o, ambas igualmente correspondentes ao tamanho da vontade de construirmos uma Nova AGU.<\/p>\n<p><strong>EVENTOS SOCIAIS<\/strong><\/p>\n<p>?Aproveitando a presen\u00e7a de tantos colegas em Bras\u00edlia, as associa\u00e7\u00f5es signat\u00e1rias buscar\u00e3o fazer reservas em bares conhecidos da cidade, com vistas \u00e0 congrega\u00e7\u00e3o dos colegas. N\u00e3o se afigura oportuna a marca\u00e7\u00e3o de evento certo e determinado em raz\u00e3o da incerteza das vota\u00e7\u00f5es na C\u00e2mara dos Deputados, que podem se estender madrugada adentro. Portanto, a op\u00e7\u00e3o por reserva em bar de grande porte afigura-se mais adequada ao momento, e tamb\u00e9m estar\u00e1 devidamente indicada em folheto explicativo a ser entregue ainda no aeroporto.<\/p>\n","protected":false},"excerpt":{"rendered":"<p>Prezados Colegas,<br \/>\u00c9 sabido por todos que o m\u00eas de Agosto de 2015 ser\u00e1 um m\u00eas decisivo para a Advocacia-Geral da Uni\u00e3o, podendo-se afirmar que ser\u00e1 um m\u00eas decisivo para a consolida\u00e7\u00e3o da Nova AGU que vem sendo almejada por todos n\u00f3s.<\/p>\n","protected":false},"author":1,"featured_media":2626,"comment_status":"closed","ping_status":"open","sticky":false,"template":"","format":"standard","meta":{"footnotes":""},"categories":[8],"tags":[],"featured_image_url":"https:\/\/sinprofaz.org.br\/2024\/wp-content\/uploads\/2016\/01\/logo-sinprofaz.jpg","character_count":1572,"formatted_date":"28\/07\/2015 - 12:12","contentNovo":"E por essa raz\u00e3o est\u00e1 prevista a vinda de centenas de colegas dos diversos Estados da Federa\u00e7\u00e3o para Bras\u00edlia, em especial nas semanas de 03 a 07 e 10 a 14. Portanto, as associa\u00e7\u00f5es signat\u00e1rias v\u00eam, em conjunto, apresentar um breve roteiro que evidencia a acolhida prevista para os colegas nesses dias que ser\u00e3o t\u00e3o importantes e poder representar a grande virada da Advocacia P\u00fablica Federal. Desde j\u00e1 damos as boas-vindas a todos os colegas de todo o Brasil.\r\n\r\n<strong>AEROPORTO<\/strong>\r\n\r\n?As associa\u00e7\u00f5es signat\u00e1rias providenciar\u00e3o a acolhida de todos os colegas j\u00e1 desde o Aeroporto Internacional de Bras\u00edlia, com a presen\u00e7a de recepcionistas que entregar\u00e3o kits de materiais pertinentes (plaquinhas, adesivos, bottons e folhetos explicativos), que servir\u00e3o para que os colegas se identifiquem nos eventos que ocorrer\u00e3o. Em seguida, as recepcionistas contratadas indicar\u00e3o vans para deslocamento dos colegas, com itiner\u00e1rios a serem definidos conforme a confirma\u00e7\u00e3o dos eventos e dos locais de hospedagem majorit\u00e1ria.\r\n\r\n<strong>CONGRESSO NACIONAL<\/strong>\r\n\r\n?O kit a ser entregue pelas associa\u00e7\u00f5es tamb\u00e9m contar\u00e1 com mapa explicativo do Congresso Nacional, de modo a facilitar a ambienta\u00e7\u00e3o dos colegas menos experimentados no trabalho parlamentar. Ademais, ser\u00e3o indicados os eventos a serem realizados, cumprindo registrar que as associa\u00e7\u00f5es signat\u00e1rias est\u00e3o buscando a realiza\u00e7\u00e3o de evento em audit\u00f3rio do Senado Federal ou da C\u00e2mara dos Deputados no dia 11 de agosto, com vistas a enaltecer a grande presen\u00e7a de advogados p\u00fablicos federais naquele dia, de forma ordeira e organizada, e tamb\u00e9m com o objetivo de agradecer aos parlamentares pela acolhida do Movimento que estamos fazendo desde o in\u00edcio de 2015. O evento destina-se tamb\u00e9m a viabilizar o ingresso facilitado dos colegas no Congresso Nacional. Maiores detalhes constar\u00e3o de folheto explicativo a ser entregue ainda no aeroporto.\r\n\r\n<strong>EVENTO NO PR\u00c9DIO-SEDE DA AGU<\/strong>\r\n\r\n?A AGU \u00e9 a nossa Casa, e assim deve ser vista por todos n\u00f3s. Portanto, nada mais justo do que os membros da AGU em exerc\u00edcio nos \u00f3rg\u00e3os descentralizados conhe\u00e7am o edif\u00edcio-sede da AGU em Bras\u00edlia. Para tanto,as associa\u00e7\u00f5es signat\u00e1rias preveem a realiza\u00e7\u00e3o de atos ao menos nas duas primeiras semanas de agosto, nos dias 5 e 12. Espera-se que tais atos sejam grandes como nunca se viu numa carreira de Estado, de modo a mostrarmos \u00e0 administra\u00e7\u00e3o atual da AGU e tamb\u00e9m ao Governo Federal o tamanho da nossa for\u00e7a e da nossa mobiliza\u00e7\u00e3o, ambas igualmente correspondentes ao tamanho da vontade de construirmos uma Nova AGU.\r\n\r\n<strong>EVENTOS SOCIAIS<\/strong>\r\n\r\n?Aproveitando a presen\u00e7a de tantos colegas em Bras\u00edlia, as associa\u00e7\u00f5es signat\u00e1rias buscar\u00e3o fazer reservas em bares conhecidos da cidade, com vistas \u00e0 congrega\u00e7\u00e3o dos colegas. N\u00e3o se afigura oportuna a marca\u00e7\u00e3o de evento certo e determinado em raz\u00e3o da incerteza das vota\u00e7\u00f5es na C\u00e2mara dos Deputados, que podem se estender madrugada adentro. Portanto, a op\u00e7\u00e3o por reserva em bar de grande porte afigura-se mais adequada ao momento, e tamb\u00e9m estar\u00e1 devidamente indicada em folheto explicativo a ser entregue ainda no aeroporto.","_links":{"self":[{"href":"https:\/\/sinprofaz.org.br\/2024\/wp-json\/wp\/v2\/posts\/2372"}],"collection":[{"href":"https:\/\/sinprofaz.org.br\/2024\/wp-json\/wp\/v2\/posts"}],"about":[{"href":"https:\/\/sinprofaz.org.br\/2024\/wp-json\/wp\/v2\/types\/post"}],"author":[{"embeddable":true,"href":"https:\/\/sinprofaz.org.br\/2024\/wp-json\/wp\/v2\/users\/1"}],"replies":[{"embeddable":true,"href":"https:\/\/sinprofaz.org.br\/2024\/wp-json\/wp\/v2\/comments?post=2372"}],"version-history":[{"count":1,"href":"https:\/\/sinprofaz.org.br\/2024\/wp-json\/wp\/v2\/posts\/2372\/revisions"}],"predecessor-version":[{"id":3732,"href":"https:\/\/sinprofaz.org.br\/2024\/wp-json\/wp\/v2\/posts\/2372\/revisions\/3732"}],"wp:featuredmedia":[{"embeddable":true,"href":"https:\/\/sinprofaz.org.br\/2024\/wp-json\/wp\/v2\/media\/2626"}],"wp:attachment":[{"href":"https:\/\/sinprofaz.org.br\/2024\/wp-json\/wp\/v2\/media?parent=2372"}],"wp:term":[{"taxonomy":"category","embeddable":true,"href":"https:\/\/sinprofaz.org.br\/2024\/wp-json\/wp\/v2\/categories?post=2372"},{"taxonomy":"post_tag","embeddable":true,"href":"https:\/\/sinprofaz.org.br\/2024\/wp-json\/wp\/v2\/tags?post=2372"}],"curies":[{"name":"wp","href":"https:\/\/api.w.org\/{rel}","templated":true}]}}