{"id":2368,"date":"2015-07-23T16:47:36","date_gmt":"2015-07-23T16:47:36","guid":{"rendered":""},"modified":"2016-03-16T14:26:50","modified_gmt":"2016-03-16T14:26:50","slug":"dra-simone-azeredo-pede-exoneracao-em-solidariedade-ao-movimento-de-entrega-de-cargos","status":"publish","type":"post","link":"https:\/\/sinprofaz.org.br\/2024\/noticias\/dra-simone-azeredo-pede-exoneracao-em-solidariedade-ao-movimento-de-entrega-de-cargos\/","title":{"rendered":"Dra. SIMONE AZEREDO PEDE EXONERA\u00c7\u00c3O EM SOLIDARIEDADE AO MOVIMENTO DE ENTREGA DE CARGOS"},"content":{"rendered":"<p>A Procuradora-Regional da Fazenda Nacional na 3\u00b0 Regi\u00e3o, Dra. Simone Azeredo, pediu exonera\u00e7\u00e3o do seu cargo de confian\u00e7a em solidariedade \u00e0 mobiliza\u00e7\u00e3o hist\u00f3rica dos membros da Advocacia-Geral da Uni\u00e3o (AGU) e em favor da estrutura\u00e7\u00e3o da Procuradoria-Geral da Fazenda Nacional, na qual \u00e9 uma das autoridades mais respeitadas.<\/p>\n<p>A Procuradora-Regional apontou entre os motivos de seu pedido de exonera\u00e7\u00e3o a falta de carreira de apoio e a desvaloriza\u00e7\u00e3o da Carreira de Procurador da Fazenda Nacional.<\/p>\n<p>Seu ato representa um gesto muito significativo e que vai ao encontro da insatisfa\u00e7\u00e3o generalizada na Advocacia P\u00fablica Federal, que j\u00e1 ensejou mais de 1500 pedidos de exonera\u00e7\u00f5es de cargos de confian\u00e7a na AGU.<\/p>\n","protected":false},"excerpt":{"rendered":"<p>A Procuradora-Regional da Fazenda Nacional na 3\u00b0 Regi\u00e3o, Dra. Simone Azeredo, pediu exonera\u00e7\u00e3o do seu cargo de confian\u00e7a em solidariedade \u00e0 mobiliza\u00e7\u00e3o hist\u00f3rica dos membros da Advocacia-Geral da Uni\u00e3o (AGU) e em favor da estrutura\u00e7\u00e3o da Procuradoria-Geral da Fazenda Nacional, na qual \u00e9 uma das autoridades mais respeitadas.<\/p>\n","protected":false},"author":1,"featured_media":3756,"comment_status":"closed","ping_status":"open","sticky":false,"template":"","format":"standard","meta":{"footnotes":""},"categories":[8],"tags":[],"featured_image_url":"https:\/\/sinprofaz.org.br\/2024\/wp-content\/uploads\/2015\/07\/01-97-800x198.jpg","character_count":366,"formatted_date":"23\/07\/2015 - 16:47","contentNovo":"A Procuradora-Regional da Fazenda Nacional na 3\u00b0 Regi\u00e3o, Dra. Simone Azeredo, pediu exonera\u00e7\u00e3o do seu cargo de confian\u00e7a em solidariedade \u00e0 mobiliza\u00e7\u00e3o hist\u00f3rica dos membros da Advocacia-Geral da Uni\u00e3o (AGU) e em favor da estrutura\u00e7\u00e3o da Procuradoria-Geral da Fazenda Nacional, na qual \u00e9 uma das autoridades mais respeitadas.\r\n\r\nA Procuradora-Regional apontou entre os motivos de seu pedido de exonera\u00e7\u00e3o a falta de carreira de apoio e a desvaloriza\u00e7\u00e3o da Carreira de Procurador da Fazenda Nacional.\r\n\r\nSeu ato representa um gesto muito significativo e que vai ao encontro da insatisfa\u00e7\u00e3o generalizada na Advocacia P\u00fablica Federal, que j\u00e1 ensejou mais de 1500 pedidos de exonera\u00e7\u00f5es de cargos de confian\u00e7a na AGU.","_links":{"self":[{"href":"https:\/\/sinprofaz.org.br\/2024\/wp-json\/wp\/v2\/posts\/2368"}],"collection":[{"href":"https:\/\/sinprofaz.org.br\/2024\/wp-json\/wp\/v2\/posts"}],"about":[{"href":"https:\/\/sinprofaz.org.br\/2024\/wp-json\/wp\/v2\/types\/post"}],"author":[{"embeddable":true,"href":"https:\/\/sinprofaz.org.br\/2024\/wp-json\/wp\/v2\/users\/1"}],"replies":[{"embeddable":true,"href":"https:\/\/sinprofaz.org.br\/2024\/wp-json\/wp\/v2\/comments?post=2368"}],"version-history":[{"count":2,"href":"https:\/\/sinprofaz.org.br\/2024\/wp-json\/wp\/v2\/posts\/2368\/revisions"}],"predecessor-version":[{"id":3758,"href":"https:\/\/sinprofaz.org.br\/2024\/wp-json\/wp\/v2\/posts\/2368\/revisions\/3758"}],"wp:featuredmedia":[{"embeddable":true,"href":"https:\/\/sinprofaz.org.br\/2024\/wp-json\/wp\/v2\/media\/3756"}],"wp:attachment":[{"href":"https:\/\/sinprofaz.org.br\/2024\/wp-json\/wp\/v2\/media?parent=2368"}],"wp:term":[{"taxonomy":"category","embeddable":true,"href":"https:\/\/sinprofaz.org.br\/2024\/wp-json\/wp\/v2\/categories?post=2368"},{"taxonomy":"post_tag","embeddable":true,"href":"https:\/\/sinprofaz.org.br\/2024\/wp-json\/wp\/v2\/tags?post=2368"}],"curies":[{"name":"wp","href":"https:\/\/api.w.org\/{rel}","templated":true}]}}