{"id":2362,"date":"2015-07-16T18:53:32","date_gmt":"2015-07-16T18:53:32","guid":{"rendered":""},"modified":"2016-03-16T14:45:19","modified_gmt":"2016-03-16T14:45:19","slug":"sinprofaz-e-entidades-da-advocacia-publica-federal-se-reunem-com-parlamentares-para-reafirmar-compromisso-de-votacao-da-pec-443-em-agosto","status":"publish","type":"post","link":"https:\/\/sinprofaz.org.br\/2024\/noticias\/sinprofaz-e-entidades-da-advocacia-publica-federal-se-reunem-com-parlamentares-para-reafirmar-compromisso-de-votacao-da-pec-443-em-agosto\/","title":{"rendered":"SINPROFAZ e Entidades da Advocacia P\u00fablica Federal se re\u00fanem com parlamentares para reafirmar compromisso de vota\u00e7\u00e3o da PEC 443 em agosto"},"content":{"rendered":"<p>Em reuni\u00e3o realizada na manh\u00e3 de hoje, 16, o SINPROFAZ e as demais associa\u00e7\u00f5es representativas da Advocacia P\u00fablica Federal compareceram a uma reuni\u00e3o com deputados da base aliada do Governo, buscando refor\u00e7ar o compromisso de pauta e vota\u00e7\u00e3o da PEC 443 no in\u00edcio do m\u00eas de agosto.<\/p>\n<p>Durante a reuni\u00e3o, o compromisso de vota\u00e7\u00e3o da PEC 443 em agosto foi ratificado pelos presentes, conforme j\u00e1 amplamente divulgado em v\u00e1rias ocasi\u00f5es. Al\u00e9m disso, tamb\u00e9m se comprometeram em dar andamento no momento oportuno \u00e0 PEC 82, que constitui uma das bandeiras de luta do SINPROFAZ e das demais associa\u00e7\u00f5es. Os dirigentes presentes agradeceram o apoio dado pelos parlamentares, tendo reafirmado o desejo de que ambas as propostas sejam votados e aprovadas, como forma de al\u00e7ar a AGU e suas carreiras ao patamar constitucional adequado e consent\u00e2neo \u00e0s relevantes atividades desenvolvidas.<\/p>\n<p>Participaram tamb\u00e9m da reuni\u00e3o os deputados federais Vicente C\u00e2ndido (PT-SP), \u00canio Verri (PT-PR), Paulo Teixeira (PT-SP), Wadih Nemer (PT-RJ) e Afonso Florence (PT-BA).<\/p>\n\n\t\t<style type=\"text\/css\">\n\t\t\t#gallery-1 {\n\t\t\t\tmargin: auto;\n\t\t\t}\n\t\t\t#gallery-1 .gallery-item {\n\t\t\t\tfloat: left;\n\t\t\t\tmargin-top: 10px;\n\t\t\t\ttext-align: center;\n\t\t\t\twidth: 33%;\n\t\t\t}\n\t\t\t#gallery-1 img {\n\t\t\t\tborder: 2px solid #cfcfcf;\n\t\t\t}\n\t\t\t#gallery-1 .gallery-caption {\n\t\t\t\tmargin-left: 0;\n\t\t\t}\n\t\t\t\/* see gallery_shortcode() in wp-includes\/media.php *\/\n\t\t<\/style>\n\t\t<div id='gallery-1' class='gallery galleryid-2362 gallery-columns-3 gallery-size-thumbnail'><dl class='gallery-item'>\n\t\t\t<dt class='gallery-icon landscape'>\n\t\t\t\t<a href='https:\/\/sinprofaz.org.br\/2024\/wp-content\/uploads\/2015\/07\/02-68.jpg'><img loading=\"lazy\" decoding=\"async\" width=\"150\" height=\"150\" src=\"https:\/\/sinprofaz.org.br\/2024\/wp-content\/uploads\/2015\/07\/02-68-150x150.jpg\" class=\"attachment-thumbnail size-thumbnail\" alt=\"\" \/><\/a>\n\t\t\t<\/dt><\/dl><dl class='gallery-item'>\n\t\t\t<dt class='gallery-icon landscape'>\n\t\t\t\t<a href='https:\/\/sinprofaz.org.br\/2024\/wp-content\/uploads\/2015\/07\/03-45.jpg'><img loading=\"lazy\" decoding=\"async\" width=\"150\" height=\"150\" src=\"https:\/\/sinprofaz.org.br\/2024\/wp-content\/uploads\/2015\/07\/03-45-150x150.jpg\" class=\"attachment-thumbnail size-thumbnail\" alt=\"\" \/><\/a>\n\t\t\t<\/dt><\/dl>\n\t\t\t<br style='clear: both' \/>\n\t\t<\/div>\n\n","protected":false},"excerpt":{"rendered":"<p>Na reuni\u00e3o conduzida pela Dep. Soraya Santos (PMDB\/RJ), as entidades cobraram o compromisso de vota\u00e7\u00e3o das propostas legislativas que tratam de pleitos relacionados \u00e0 carreira no in\u00edcio de Agosto.<\/p>\n","protected":false},"author":1,"featured_media":3772,"comment_status":"closed","ping_status":"open","sticky":false,"template":"","format":"standard","meta":{"footnotes":""},"categories":[8],"tags":[],"featured_image_url":"https:\/\/sinprofaz.org.br\/2024\/wp-content\/uploads\/2015\/07\/SINPROFAZ-e-Entidades-da-Advocacia-P\u00fablica-Federal-se-re\u00fanem-com-parlamentares-para-reafirmar-compromisso-de-vota\u00e7\u00e3o-da-PEC-443-em-agosto-800x198.jpg","character_count":721,"formatted_date":"16\/07\/2015 - 18:53","contentNovo":"Em reuni\u00e3o realizada na manh\u00e3 de hoje, 16, o SINPROFAZ e as demais associa\u00e7\u00f5es representativas da Advocacia P\u00fablica Federal compareceram a uma reuni\u00e3o com deputados da base aliada do Governo, buscando refor\u00e7ar o compromisso de pauta e vota\u00e7\u00e3o da PEC 443 no in\u00edcio do m\u00eas de agosto.\r\n\r\nDurante a reuni\u00e3o, o compromisso de vota\u00e7\u00e3o da PEC 443 em agosto foi ratificado pelos presentes, conforme j\u00e1 amplamente divulgado em v\u00e1rias ocasi\u00f5es. Al\u00e9m disso, tamb\u00e9m se comprometeram em dar andamento no momento oportuno \u00e0 PEC 82, que constitui uma das bandeiras de luta do SINPROFAZ e das demais associa\u00e7\u00f5es. Os dirigentes presentes agradeceram o apoio dado pelos parlamentares, tendo reafirmado o desejo de que ambas as propostas sejam votados e aprovadas, como forma de al\u00e7ar a AGU e suas carreiras ao patamar constitucional adequado e consent\u00e2neo \u00e0s relevantes atividades desenvolvidas.\r\n\r\nParticiparam tamb\u00e9m da reuni\u00e3o os deputados federais Vicente C\u00e2ndido (PT-SP), \u00canio Verri (PT-PR), Paulo Teixeira (PT-SP), Wadih Nemer (PT-RJ) e Afonso Florence (PT-BA).\r\n\r\n[gallery link=\"file\" ids=\"3773,3775\"]","_links":{"self":[{"href":"https:\/\/sinprofaz.org.br\/2024\/wp-json\/wp\/v2\/posts\/2362"}],"collection":[{"href":"https:\/\/sinprofaz.org.br\/2024\/wp-json\/wp\/v2\/posts"}],"about":[{"href":"https:\/\/sinprofaz.org.br\/2024\/wp-json\/wp\/v2\/types\/post"}],"author":[{"embeddable":true,"href":"https:\/\/sinprofaz.org.br\/2024\/wp-json\/wp\/v2\/users\/1"}],"replies":[{"embeddable":true,"href":"https:\/\/sinprofaz.org.br\/2024\/wp-json\/wp\/v2\/comments?post=2362"}],"version-history":[{"count":2,"href":"https:\/\/sinprofaz.org.br\/2024\/wp-json\/wp\/v2\/posts\/2362\/revisions"}],"predecessor-version":[{"id":3776,"href":"https:\/\/sinprofaz.org.br\/2024\/wp-json\/wp\/v2\/posts\/2362\/revisions\/3776"}],"wp:featuredmedia":[{"embeddable":true,"href":"https:\/\/sinprofaz.org.br\/2024\/wp-json\/wp\/v2\/media\/3772"}],"wp:attachment":[{"href":"https:\/\/sinprofaz.org.br\/2024\/wp-json\/wp\/v2\/media?parent=2362"}],"wp:term":[{"taxonomy":"category","embeddable":true,"href":"https:\/\/sinprofaz.org.br\/2024\/wp-json\/wp\/v2\/categories?post=2362"},{"taxonomy":"post_tag","embeddable":true,"href":"https:\/\/sinprofaz.org.br\/2024\/wp-json\/wp\/v2\/tags?post=2362"}],"curies":[{"name":"wp","href":"https:\/\/api.w.org\/{rel}","templated":true}]}}