{"id":2359,"date":"2015-07-15T17:31:00","date_gmt":"2015-07-15T17:31:00","guid":{"rendered":""},"modified":"2016-06-13T19:13:16","modified_gmt":"2016-06-13T19:13:16","slug":"sinprofaz-participa-de-audiencia-publica-no-congresso-nacional","status":"publish","type":"post","link":"https:\/\/sinprofaz.org.br\/2024\/noticias\/sinprofaz-participa-de-audiencia-publica-no-congresso-nacional\/","title":{"rendered":"SINPROFAZ PARTICIPA DE AUDI\u00caNCIA P\u00daBLICA NO CONGRESSO NACIONAL"},"content":{"rendered":"<p>O SINPROFAZ, representado pelo Diretor Jur\u00eddico, Roberto Rodrigues, pelo Presidente Achilles Frias e pelo Presidente do FORVM da Advocacia P\u00fablica Federal, Her\u00e1clio Camargo, participou da Audi\u00eancia P\u00fablica Conjunta das Comiss\u00f5es de Fiscaliza\u00e7\u00e3o Financeira e Controle (CFFC), Comiss\u00e3o de Finan\u00e7as e Tributa\u00e7\u00e3o (CFT) e da Comiss\u00e3o Mista de Or\u00e7amento (CMO) na C\u00e2mara dos Deputados.<\/p>\n<p>Antes do in\u00edcio da audi\u00eancia o Presidente, Achilles Frias, e o Presidente, Her\u00e1clio Camargo, tiveram a oportunidade de conversar com os parlamentares Miro Teixeira (PROS-RJ) e Vicente C\u00e2ndido (PT-SP) sobre a vota\u00e7\u00e3o da PEC443. O deputado e Presidente da Comiss\u00e3o de Fiscaliza\u00e7\u00e3o Financeira e Controle, Vicente C\u00e2ndido, afirmou publicamente que a bancada do PT votar\u00e1 pela aprova\u00e7\u00e3o da PEC443.<\/p>\n\n\t\t<style type=\"text\/css\">\n\t\t\t#gallery-1 {\n\t\t\t\tmargin: auto;\n\t\t\t}\n\t\t\t#gallery-1 .gallery-item {\n\t\t\t\tfloat: left;\n\t\t\t\tmargin-top: 10px;\n\t\t\t\ttext-align: center;\n\t\t\t\twidth: 33%;\n\t\t\t}\n\t\t\t#gallery-1 img {\n\t\t\t\tborder: 2px solid #cfcfcf;\n\t\t\t}\n\t\t\t#gallery-1 .gallery-caption {\n\t\t\t\tmargin-left: 0;\n\t\t\t}\n\t\t\t\/* see gallery_shortcode() in wp-includes\/media.php *\/\n\t\t<\/style>\n\t\t<div id='gallery-1' class='gallery galleryid-2359 gallery-columns-3 gallery-size-thumbnail'><dl class='gallery-item'>\n\t\t\t<dt class='gallery-icon landscape'>\n\t\t\t\t<a href='https:\/\/sinprofaz.org.br\/2024\/wp-content\/uploads\/2015\/07\/02.jpg'><img loading=\"lazy\" decoding=\"async\" width=\"150\" height=\"150\" src=\"https:\/\/sinprofaz.org.br\/2024\/wp-content\/uploads\/2015\/07\/02-150x150.jpg\" class=\"attachment-thumbnail size-thumbnail\" alt=\"\" \/><\/a>\n\t\t\t<\/dt><\/dl><dl class='gallery-item'>\n\t\t\t<dt class='gallery-icon landscape'>\n\t\t\t\t<a href='https:\/\/sinprofaz.org.br\/2024\/wp-content\/uploads\/2015\/07\/03.jpg'><img loading=\"lazy\" decoding=\"async\" width=\"150\" height=\"150\" src=\"https:\/\/sinprofaz.org.br\/2024\/wp-content\/uploads\/2015\/07\/03-150x150.jpg\" class=\"attachment-thumbnail size-thumbnail\" alt=\"\" \/><\/a>\n\t\t\t<\/dt><\/dl><dl class='gallery-item'>\n\t\t\t<dt class='gallery-icon landscape'>\n\t\t\t\t<a href='https:\/\/sinprofaz.org.br\/2024\/wp-content\/uploads\/2015\/07\/04.jpg'><img loading=\"lazy\" decoding=\"async\" width=\"150\" height=\"150\" src=\"https:\/\/sinprofaz.org.br\/2024\/wp-content\/uploads\/2015\/07\/04-150x150.jpg\" class=\"attachment-thumbnail size-thumbnail\" alt=\"\" \/><\/a>\n\t\t\t<\/dt><\/dl><br style=\"clear: both\" \/>\n\t\t<\/div>\n\n<p style=\"text-align: center;\">\n","protected":false},"excerpt":{"rendered":"<p>O SINPROFAZ, representado pelo Diretor Jur\u00eddico, Roberto Rodrigues, pelo Presidente Achilles Frias e pelo Presidente do FORVM da Advocacia P\u00fablica Federal, Her\u00e1clio Camargo, participou da Audi\u00eancia P\u00fablica na C\u00e2mara dos Deputados<\/p>\n","protected":false},"author":1,"featured_media":4846,"comment_status":"closed","ping_status":"open","sticky":false,"template":"","format":"standard","meta":{"footnotes":""},"categories":[8],"tags":[],"featured_image_url":"https:\/\/sinprofaz.org.br\/2024\/wp-content\/uploads\/2015\/07\/01-800x198.jpg","character_count":590,"formatted_date":"15\/07\/2015 - 17:31","contentNovo":"O SINPROFAZ, representado pelo Diretor Jur\u00eddico, Roberto Rodrigues, pelo Presidente Achilles Frias e pelo Presidente do FORVM da Advocacia P\u00fablica Federal, Her\u00e1clio Camargo, participou da Audi\u00eancia P\u00fablica Conjunta das Comiss\u00f5es de Fiscaliza\u00e7\u00e3o Financeira e Controle (CFFC), Comiss\u00e3o de Finan\u00e7as e Tributa\u00e7\u00e3o (CFT) e da Comiss\u00e3o Mista de Or\u00e7amento (CMO) na C\u00e2mara dos Deputados.\r\n\r\nAntes do in\u00edcio da audi\u00eancia o Presidente, Achilles Frias, e o Presidente, Her\u00e1clio Camargo, tiveram a oportunidade de conversar com os parlamentares Miro Teixeira (PROS-RJ) e Vicente C\u00e2ndido (PT-SP) sobre a vota\u00e7\u00e3o da PEC443. O deputado e Presidente da Comiss\u00e3o de Fiscaliza\u00e7\u00e3o Financeira e Controle, Vicente C\u00e2ndido, afirmou publicamente que a bancada do PT votar\u00e1 pela aprova\u00e7\u00e3o da PEC443.\r\n\r\n[gallery link=\"file\" ids=\"4847,4848,4849\"]\r\n<p style=\"text-align: center;\"><\/p>","_links":{"self":[{"href":"https:\/\/sinprofaz.org.br\/2024\/wp-json\/wp\/v2\/posts\/2359"}],"collection":[{"href":"https:\/\/sinprofaz.org.br\/2024\/wp-json\/wp\/v2\/posts"}],"about":[{"href":"https:\/\/sinprofaz.org.br\/2024\/wp-json\/wp\/v2\/types\/post"}],"author":[{"embeddable":true,"href":"https:\/\/sinprofaz.org.br\/2024\/wp-json\/wp\/v2\/users\/1"}],"replies":[{"embeddable":true,"href":"https:\/\/sinprofaz.org.br\/2024\/wp-json\/wp\/v2\/comments?post=2359"}],"version-history":[{"count":2,"href":"https:\/\/sinprofaz.org.br\/2024\/wp-json\/wp\/v2\/posts\/2359\/revisions"}],"predecessor-version":[{"id":4850,"href":"https:\/\/sinprofaz.org.br\/2024\/wp-json\/wp\/v2\/posts\/2359\/revisions\/4850"}],"wp:featuredmedia":[{"embeddable":true,"href":"https:\/\/sinprofaz.org.br\/2024\/wp-json\/wp\/v2\/media\/4846"}],"wp:attachment":[{"href":"https:\/\/sinprofaz.org.br\/2024\/wp-json\/wp\/v2\/media?parent=2359"}],"wp:term":[{"taxonomy":"category","embeddable":true,"href":"https:\/\/sinprofaz.org.br\/2024\/wp-json\/wp\/v2\/categories?post=2359"},{"taxonomy":"post_tag","embeddable":true,"href":"https:\/\/sinprofaz.org.br\/2024\/wp-json\/wp\/v2\/tags?post=2359"}],"curies":[{"name":"wp","href":"https:\/\/api.w.org\/{rel}","templated":true}]}}