{"id":2354,"date":"2015-07-10T18:56:44","date_gmt":"2015-07-10T18:56:44","guid":{"rendered":""},"modified":"2016-06-15T18:23:32","modified_gmt":"2016-06-15T18:23:32","slug":"nota-conjunta-sinprofaz-e-unafe-sobre-a-mobilizacao","status":"publish","type":"post","link":"https:\/\/sinprofaz.org.br\/2024\/noticias\/nota-conjunta-sinprofaz-e-unafe-sobre-a-mobilizacao\/","title":{"rendered":"NOTA CONJUNTA SINPROFAZ E UNAFE SOBRE A MOBILIZA\u00c7\u00c3O"},"content":{"rendered":"<p>Caros Colegas,<\/p>\n<p>O SINPROFAZ &#8211; Sindicato Nacional dos Procuradores da Fazenda Nacional e a UNAFE &#8211; Uni\u00e3o dos Advogados P\u00fablicos Federais do Brasil, tendo em vista a mobiliza\u00e7\u00e3o em curso, apresentam as seguintes orienta\u00e7\u00f5es gerais:<\/p>\n<ol>\n<li>Organizar equipes de visita\u00e7\u00e3o \u00e0s autarquias, funda\u00e7\u00f5es, minist\u00e9rios e unidades da PGFN para exigir e ampliar as exonera\u00e7\u00f5es, em especial naquelas unidades respons\u00e1veis por a\u00e7\u00f5es ESTRAT\u00c9GICAS e URGENTES do Governo. Comparecimento constante at\u00e9 a press\u00e3o tornar-se insuport\u00e1vel.<\/li>\n<li>Notifica\u00e7\u00e3o extrajudicial ao MPOG, RH da AGU e \u00e0 Presid\u00eancia sobre as condi\u00e7\u00f5es de trabalho, possibilidade de perda de prazo, etc.<\/li>\n<li>Abaixo-assinado (ou notifica\u00e7\u00e3o) dos colegas informando que n\u00e3o reconhecem o chefe que ainda tem DAS e se reportando \u00e0 chefia superior.<\/li>\n<li>Recomenda\u00e7\u00e3o para que os membros da AGU n\u00e3o encaminhem quaisquer expedientes administrativos aos chefes que j\u00e1 pediram exonera\u00e7\u00e3o. Se j\u00e1 pediram exonera\u00e7\u00e3o \u2013 um direito potestativo \u2013 n\u00e3o podem ser provocados como chefes.<\/li>\n<li>Extin\u00e7\u00e3o de todos os DAS da AGU como estrat\u00e9gia de negocia\u00e7\u00e3o e para impacto midi\u00e1tico.<\/li>\n<li>Elabora\u00e7\u00e3o e divulga\u00e7\u00e3o de lista branca (quem entregou) e de lista negra (quem n\u00e3o entregou, quais os benef\u00edcios que possui (DAS, jeton, apartamento funcional, aux\u00edlio moradia, etc) e quanto isso representa em dinheiro p\u00fablico.<\/li>\n<li>Envio do email aos l\u00edderes da c\u00e2mara pedindo a vota\u00e7\u00e3o da pec 443 no dia 11 de agosto &#8211; dia do advogado e dos cursos jur\u00eddicos.<\/li>\n<li>Publica\u00e7\u00e3o de an\u00fancio em jornal de grande circula\u00e7\u00e3o com os nomes daqueles que entregaram os cargos, explicando o atual estado de pen\u00faria da AGU e esclarecendo que ningu\u00e9m \u00e9 obrigado a ocupar cargo em comiss\u00e3o contra sua vontade.<\/li>\n<li>N\u00e3o realiza\u00e7\u00e3o de tarefas meramente administrativas, tais como acesso a sistemas e a realiza\u00e7\u00e3o direta de dilig\u00eancias para localiza\u00e7\u00e3o de bens e pessoas.<\/li>\n<li>Suspens\u00e3o das atividades relativas \u00e0 Divis\u00e3o de Grandes Devedores e ao Acompanhamento Especial, realocando os Colegas, antes lotados nesses setores, na distribui\u00e7\u00e3o ordin\u00e1ria.<\/li>\n<\/ol>\n<p style=\"text-align: center;\">Sindicato Nacional dos Procuradores da Fazenda Nacional &#8211; SINPROFAZ<\/p>\n<p style=\"text-align: center;\">Uni\u00e3o dos Advogados P\u00fablicos Federais do Brasil &#8211; UNAFE<\/p>\n","protected":false},"excerpt":{"rendered":"<p>O SINPROFAZ &#8211; Sindicato Nacional dos Procuradores da Fazenda Nacional e a UNAFE &#8211; Uni\u00e3o dos Advogados P\u00fablicos Federais do Brasil, tendo em vista a mobiliza\u00e7\u00e3o em curso, apresentam as seguintes orienta\u00e7\u00f5es gerais<\/p>\n","protected":false},"author":1,"featured_media":2630,"comment_status":"closed","ping_status":"open","sticky":false,"template":"","format":"standard","meta":{"footnotes":""},"categories":[8],"tags":[],"featured_image_url":"https:\/\/sinprofaz.org.br\/2024\/wp-content\/uploads\/2016\/01\/logo-sinprofaz1.jpg","character_count":1122,"formatted_date":"10\/07\/2015 - 18:56","contentNovo":"<p>Caros Colegas,<\/p>\r\n<p>O SINPROFAZ - Sindicato Nacional dos Procuradores da Fazenda Nacional e a UNAFE - Uni\u00e3o dos Advogados P\u00fablicos Federais do Brasil, tendo em vista a mobiliza\u00e7\u00e3o em curso, apresentam as seguintes orienta\u00e7\u00f5es gerais:<\/p>\r\n\r\nOrganizar equipes de visita\u00e7\u00e3o \u00e0s autarquias, funda\u00e7\u00f5es, minist\u00e9rios e unidades da PGFN para exigir e ampliar as exonera\u00e7\u00f5es, em especial naquelas unidades respons\u00e1veis por a\u00e7\u00f5es ESTRAT\u00c9GICAS e URGENTES do Governo. Comparecimento constante at\u00e9 a press\u00e3o tornar-se insuport\u00e1vel.\r\nNotifica\u00e7\u00e3o extrajudicial ao MPOG, RH da AGU e \u00e0 Presid\u00eancia sobre as condi\u00e7\u00f5es de trabalho, possibilidade de perda de prazo, etc.\r\nAbaixo-assinado (ou notifica\u00e7\u00e3o) dos colegas informando que n\u00e3o reconhecem o chefe que ainda tem DAS e se reportando \u00e0 chefia superior.\r\nRecomenda\u00e7\u00e3o para que os membros da AGU n\u00e3o encaminhem quaisquer expedientes administrativos aos chefes que j\u00e1 pediram exonera\u00e7\u00e3o. Se j\u00e1 pediram exonera\u00e7\u00e3o \u2013 um direito potestativo \u2013 n\u00e3o podem ser provocados como chefes.\r\nExtin\u00e7\u00e3o de todos os DAS da AGU como estrat\u00e9gia de negocia\u00e7\u00e3o e para impacto midi\u00e1tico.\r\nElabora\u00e7\u00e3o e divulga\u00e7\u00e3o de lista branca (quem entregou) e de lista negra (quem n\u00e3o entregou, quais os benef\u00edcios que possui (DAS, jeton, apartamento funcional, aux\u00edlio moradia, etc) e quanto isso representa em dinheiro p\u00fablico.\r\nEnvio do email aos l\u00edderes da c\u00e2mara pedindo a vota\u00e7\u00e3o da pec 443 no dia 11 de agosto - dia do advogado e dos cursos jur\u00eddicos.\r\nPublica\u00e7\u00e3o de an\u00fancio em jornal de grande circula\u00e7\u00e3o com os nomes daqueles que entregaram os cargos, explicando o atual estado de pen\u00faria da AGU e esclarecendo que ningu\u00e9m \u00e9 obrigado a ocupar cargo em comiss\u00e3o contra sua vontade.\r\nN\u00e3o realiza\u00e7\u00e3o de tarefas meramente administrativas, tais como acesso a sistemas e a realiza\u00e7\u00e3o direta de dilig\u00eancias para localiza\u00e7\u00e3o de bens e pessoas.\r\nSuspens\u00e3o das atividades relativas \u00e0 Divis\u00e3o de Grandes Devedores e ao Acompanhamento Especial, realocando os Colegas, antes lotados nesses setores, na distribui\u00e7\u00e3o ordin\u00e1ria.\r\n\r\n<p style=\"text-align: center;\">Sindicato Nacional dos Procuradores da Fazenda Nacional - SINPROFAZ<\/p>\r\n<p style=\"text-align: center;\">Uni\u00e3o dos Advogados P\u00fablicos Federais do Brasil - UNAFE<\/p>","_links":{"self":[{"href":"https:\/\/sinprofaz.org.br\/2024\/wp-json\/wp\/v2\/posts\/2354"}],"collection":[{"href":"https:\/\/sinprofaz.org.br\/2024\/wp-json\/wp\/v2\/posts"}],"about":[{"href":"https:\/\/sinprofaz.org.br\/2024\/wp-json\/wp\/v2\/types\/post"}],"author":[{"embeddable":true,"href":"https:\/\/sinprofaz.org.br\/2024\/wp-json\/wp\/v2\/users\/1"}],"replies":[{"embeddable":true,"href":"https:\/\/sinprofaz.org.br\/2024\/wp-json\/wp\/v2\/comments?post=2354"}],"version-history":[{"count":1,"href":"https:\/\/sinprofaz.org.br\/2024\/wp-json\/wp\/v2\/posts\/2354\/revisions"}],"predecessor-version":[{"id":4881,"href":"https:\/\/sinprofaz.org.br\/2024\/wp-json\/wp\/v2\/posts\/2354\/revisions\/4881"}],"wp:featuredmedia":[{"embeddable":true,"href":"https:\/\/sinprofaz.org.br\/2024\/wp-json\/wp\/v2\/media\/2630"}],"wp:attachment":[{"href":"https:\/\/sinprofaz.org.br\/2024\/wp-json\/wp\/v2\/media?parent=2354"}],"wp:term":[{"taxonomy":"category","embeddable":true,"href":"https:\/\/sinprofaz.org.br\/2024\/wp-json\/wp\/v2\/categories?post=2354"},{"taxonomy":"post_tag","embeddable":true,"href":"https:\/\/sinprofaz.org.br\/2024\/wp-json\/wp\/v2\/tags?post=2354"}],"curies":[{"name":"wp","href":"https:\/\/api.w.org\/{rel}","templated":true}]}}