{"id":2352,"date":"2015-07-09T21:48:31","date_gmt":"2015-07-09T21:48:31","guid":{"rendered":""},"modified":"2016-06-15T18:30:06","modified_gmt":"2016-06-15T18:30:06","slug":"blog-do-servidor-do-correio-braziliense-divulga-posse-do-novo-presidente-do-sinprofaz","status":"publish","type":"post","link":"https:\/\/sinprofaz.org.br\/2024\/noticias\/blog-do-servidor-do-correio-braziliense-divulga-posse-do-novo-presidente-do-sinprofaz\/","title":{"rendered":"BLOG DO SERVIDOR, DO CORREIO BRAZILIENSE, DIVULGA POSSE DO NOVO PRESIDENTE DO SINPROFAZ"},"content":{"rendered":"<p style=\"text-align: right;\"><em>08 de julho de 2015 09:19 pm<\/em><\/p>\n<p style=\"text-align: left;\"><b>POSSE DO NOVO PRESIDENTE DO SINPROFAZ<\/b><\/p>\n<p style=\"text-align: left;\">Achilles Frias foi empossado como presidente do Sindicato Nacional dos Procuradores da Fazenda Nacional (Sinprofaz). Dedicado \u00e0 carreira de procurador h\u00e1 17 anos, o fluminense de Campos dos Goytacazes (RJ), aos 41 anos, representar\u00e1 aproximadamente 2,2 mil procuradores da carreira e 1.718 filiados \u00e0 entidade.<\/p>\n<p style=\"text-align: left;\">Formado pela Faculdade de Direito de Campos (FDC), Achilles Frias teve sua atua\u00e7\u00e3o focada em Florian\u00f3polis (SC), na Procuradoria da Fazenda Nacional no Estado de Santa Catarina. Durante sua trajet\u00f3ria, tamb\u00e9m foi professor de Direito Financeiro, Tribut\u00e1rio e Administrativo, da Faculdade de Direito de Campos entre 1998 a 2000.<\/p>\n<p style=\"text-align: left;\">Desde os tempos de estudante, Frias demonstrava forte inclina\u00e7\u00e3o ao engajamento e \u00e0 lideran\u00e7a, quando foi presidente do Gr\u00eamio Estudantil da ent\u00e3o Escola T\u00e9cnica Federal de Campos e vice-presidente do Diret\u00f3rio Acad\u00eamico da Faculdade de Direito de Campos.<\/p>\n<p style=\"text-align: left;\">Comprometido e conhecedor dos pleitos do Sindicato, Achilles foi diretor-administrativo do Sinprofaz no bi\u00eanio de 2013 a 2015 e \u00e9 ex-delegado sindical por Santa Catarina.<\/p>\n<p style=\"text-align: left;\">Dentre as principais bandeiras da sua gest\u00e3o est\u00e3o a mobiliza\u00e7\u00e3o pela estrutura\u00e7\u00e3o das carreiras da aAvocacia-Geral da Uni\u00e3o (AGU), a manuten\u00e7\u00e3o e fortalecimento da atua\u00e7\u00e3o conjunta com as demais entidades para a aprova\u00e7\u00e3o das PECs 443 e 82.<\/p>\n<p><b>Fonte:<\/b> <em><a href=\"http:\/\/www.dzai.com.br\/blogservidor\/blog\/blogservidor?tv_pos_id=179348\" target=\"_blank\">Blog do Servidor<\/a><\/em><\/p>\n","protected":false},"excerpt":{"rendered":"<p>Veja o conte\u00fado da publica\u00e7\u00e3o:<\/p>\n","protected":false},"author":1,"featured_media":4884,"comment_status":"closed","ping_status":"open","sticky":false,"template":"","format":"standard","meta":{"footnotes":""},"categories":[8],"tags":[],"featured_image_url":"https:\/\/sinprofaz.org.br\/2024\/wp-content\/uploads\/2015\/07\/01-2.png","character_count":717,"formatted_date":"09\/07\/2015 - 21:48","contentNovo":"<p style=\"text-align: right;\"><em>08 de julho de 2015 09:19 pm<\/em><\/p>\r\n<p style=\"text-align: left;\">POSSE DO NOVO PRESIDENTE DO SINPROFAZ<\/p>\r\n<p style=\"text-align: left;\">Achilles Frias foi empossado como presidente do Sindicato Nacional dos Procuradores da Fazenda Nacional (Sinprofaz). Dedicado \u00e0 carreira de procurador h\u00e1 17 anos, o fluminense de Campos dos Goytacazes (RJ), aos 41 anos, representar\u00e1 aproximadamente 2,2 mil procuradores da carreira e 1.718 filiados \u00e0 entidade.<\/p>\r\n<p style=\"text-align: left;\">Formado pela Faculdade de Direito de Campos (FDC), Achilles Frias teve sua atua\u00e7\u00e3o focada em Florian\u00f3polis (SC), na Procuradoria da Fazenda Nacional no Estado de Santa Catarina. Durante sua trajet\u00f3ria, tamb\u00e9m foi professor de Direito Financeiro, Tribut\u00e1rio e Administrativo, da Faculdade de Direito de Campos entre 1998 a 2000.<\/p>\r\n<p style=\"text-align: left;\">Desde os tempos de estudante, Frias demonstrava forte inclina\u00e7\u00e3o ao engajamento e \u00e0 lideran\u00e7a, quando foi presidente do Gr\u00eamio Estudantil da ent\u00e3o Escola T\u00e9cnica Federal de Campos e vice-presidente do Diret\u00f3rio Acad\u00eamico da Faculdade de Direito de Campos.<\/p>\r\n<p style=\"text-align: left;\">Comprometido e conhecedor dos pleitos do Sindicato, Achilles foi diretor-administrativo do Sinprofaz no bi\u00eanio de 2013 a 2015 e \u00e9 ex-delegado sindical por Santa Catarina.<\/p>\r\n<p style=\"text-align: left;\">Dentre as principais bandeiras da sua gest\u00e3o est\u00e3o a mobiliza\u00e7\u00e3o pela estrutura\u00e7\u00e3o das carreiras da aAvocacia-Geral da Uni\u00e3o (AGU), a manuten\u00e7\u00e3o e fortalecimento da atua\u00e7\u00e3o conjunta com as demais entidades para a aprova\u00e7\u00e3o das PECs 443 e 82.<\/p>\r\n<p>Fonte: <em><a href=\"http:\/\/www.dzai.com.br\/blogservidor\/blog\/blogservidor?tv_pos_id=179348\" target=\"_blank\">Blog do Servidor<\/a><\/em><\/p>","_links":{"self":[{"href":"https:\/\/sinprofaz.org.br\/2024\/wp-json\/wp\/v2\/posts\/2352"}],"collection":[{"href":"https:\/\/sinprofaz.org.br\/2024\/wp-json\/wp\/v2\/posts"}],"about":[{"href":"https:\/\/sinprofaz.org.br\/2024\/wp-json\/wp\/v2\/types\/post"}],"author":[{"embeddable":true,"href":"https:\/\/sinprofaz.org.br\/2024\/wp-json\/wp\/v2\/users\/1"}],"replies":[{"embeddable":true,"href":"https:\/\/sinprofaz.org.br\/2024\/wp-json\/wp\/v2\/comments?post=2352"}],"version-history":[{"count":1,"href":"https:\/\/sinprofaz.org.br\/2024\/wp-json\/wp\/v2\/posts\/2352\/revisions"}],"predecessor-version":[{"id":4885,"href":"https:\/\/sinprofaz.org.br\/2024\/wp-json\/wp\/v2\/posts\/2352\/revisions\/4885"}],"wp:featuredmedia":[{"embeddable":true,"href":"https:\/\/sinprofaz.org.br\/2024\/wp-json\/wp\/v2\/media\/4884"}],"wp:attachment":[{"href":"https:\/\/sinprofaz.org.br\/2024\/wp-json\/wp\/v2\/media?parent=2352"}],"wp:term":[{"taxonomy":"category","embeddable":true,"href":"https:\/\/sinprofaz.org.br\/2024\/wp-json\/wp\/v2\/categories?post=2352"},{"taxonomy":"post_tag","embeddable":true,"href":"https:\/\/sinprofaz.org.br\/2024\/wp-json\/wp\/v2\/tags?post=2352"}],"curies":[{"name":"wp","href":"https:\/\/api.w.org\/{rel}","templated":true}]}}