{"id":2343,"date":"2015-07-08T12:42:41","date_gmt":"2015-07-08T12:42:41","guid":{"rendered":""},"modified":"2016-06-15T20:54:02","modified_gmt":"2016-06-15T20:54:02","slug":"visita-ao-deputado-vicente-candido-no-congresso-nacional","status":"publish","type":"post","link":"https:\/\/sinprofaz.org.br\/2024\/noticias\/visita-ao-deputado-vicente-candido-no-congresso-nacional\/","title":{"rendered":"VISITA AO DEPUTADO VICENTE C\u00c2NDIDO NO CONGRESSO NACIONAL"},"content":{"rendered":"<p><img loading=\"lazy\" decoding=\"async\" style=\"margin-right: 10px; margin-bottom: 10px; float: left;\" alt=\"\" src=\"images\/noticias\/visita-ao-deputado-vicente-candido-no-congresso-nacional\/01.jpg\" height=\"157\" width=\"218\" \/>Na \u00faltima quinta-feira (2) os presidentes do SINPROFAZ, Achilles Frias, da ANAUNI, Bruno Fortes e da UNAFE, Roberto Mota participaram de reuni\u00e3o no Congresso Nacional com o deputado Vicente C\u00e2ndido (PT-SP) sobre a crise na Advocacia-Geral da Uni\u00e3o. Os dirigentes deram continuidade \u00e0s conversas sobre a campanha hist\u00f3ria at\u00e9 a aprova\u00e7\u00e3o das PECs 443\/2009 e 82\/2007.<\/p>\n<p>O Partido dos Trabalhadores mostrou-se aberto para a negocia\u00e7\u00e3o visando a vota\u00e7\u00e3o e aprova\u00e7\u00e3o da 443 em agosto.<\/p>\n<p style=\"text-align: center;\">&nbsp;<\/p>\n<p style=\"text-align: center;\"><img loading=\"lazy\" decoding=\"async\" style=\"margin-right: 5px; margin-bottom: 10px;\" alt=\"\" src=\"images\/noticias\/visita-ao-deputado-vicente-candido-no-congresso-nacional\/02.jpg\" height=\"100\" width=\"139\" \/><\/p>\n<p style=\"text-align: center;\">&nbsp;<\/p>\n<p><a href=\"http:\/\/www.sinprofaz.org.br\/2016\/wp-content\/uploads\/2015\/07\/0110.jpg\"><img loading=\"lazy\" decoding=\"async\" src=\"http:\/\/www.sinprofaz.org.br\/2016\/wp-content\/uploads\/2015\/07\/0110-300x216.jpg\" alt=\"01\" width=\"300\" height=\"216\" class=\"aligncenter size-medium wp-image-4912\" srcset=\"https:\/\/sinprofaz.org.br\/2024\/wp-content\/uploads\/2015\/07\/0110-300x216.jpg 300w, https:\/\/sinprofaz.org.br\/2024\/wp-content\/uploads\/2015\/07\/0110-600x432.jpg 600w, https:\/\/sinprofaz.org.br\/2024\/wp-content\/uploads\/2015\/07\/0110-315x227.jpg 315w, https:\/\/sinprofaz.org.br\/2024\/wp-content\/uploads\/2015\/07\/0110-218x157.jpg 218w, https:\/\/sinprofaz.org.br\/2024\/wp-content\/uploads\/2015\/07\/0110.jpg 800w\" sizes=\"(max-width: 300px) 100vw, 300px\" \/><\/a><\/p>\n","protected":false},"excerpt":{"rendered":"<p>Na \u00faltima quinta-feira (2) os presidentes do SINPROFAZ, Achilles Frias, da ANAUNI, Bruno Fortes e da UNAFE, Roberto Mota participaram de reuni\u00e3o no Congresso Nacional com o deputado Vicente C\u00e2ndido (PT-SP) sobre a crise na Advocacia-Geral da Uni\u00e3o.<\/p>\n","protected":false},"author":1,"featured_media":4912,"comment_status":"closed","ping_status":"open","sticky":false,"template":"","format":"standard","meta":{"footnotes":""},"categories":[8],"tags":[],"featured_image_url":"https:\/\/sinprofaz.org.br\/2024\/wp-content\/uploads\/2015\/07\/0110-800x198.jpg","character_count":255,"formatted_date":"08\/07\/2015 - 12:42","contentNovo":"<p>Na \u00faltima quinta-feira (2) os presidentes do SINPROFAZ, Achilles Frias, da ANAUNI, Bruno Fortes e da UNAFE, Roberto Mota participaram de reuni\u00e3o no Congresso Nacional com o deputado Vicente C\u00e2ndido (PT-SP) sobre a crise na Advocacia-Geral da Uni\u00e3o. Os dirigentes deram continuidade \u00e0s conversas sobre a campanha hist\u00f3ria at\u00e9 a aprova\u00e7\u00e3o das PECs 443\/2009 e 82\/2007.<\/p>\r\n<p>O Partido dos Trabalhadores mostrou-se aberto para a negocia\u00e7\u00e3o visando a vota\u00e7\u00e3o e aprova\u00e7\u00e3o da 443 em agosto.<\/p>\r\n<p style=\"text-align: center;\">&nbsp;<\/p>\r\n<p style=\"text-align: center;\"><\/p>\r\n<p style=\"text-align: center;\">&nbsp;<\/p><a href=\"http:\/\/www.sinprofaz.org.br\/2016\/wp-content\/uploads\/2015\/07\/0110.jpg\"><\/a>","_links":{"self":[{"href":"https:\/\/sinprofaz.org.br\/2024\/wp-json\/wp\/v2\/posts\/2343"}],"collection":[{"href":"https:\/\/sinprofaz.org.br\/2024\/wp-json\/wp\/v2\/posts"}],"about":[{"href":"https:\/\/sinprofaz.org.br\/2024\/wp-json\/wp\/v2\/types\/post"}],"author":[{"embeddable":true,"href":"https:\/\/sinprofaz.org.br\/2024\/wp-json\/wp\/v2\/users\/1"}],"replies":[{"embeddable":true,"href":"https:\/\/sinprofaz.org.br\/2024\/wp-json\/wp\/v2\/comments?post=2343"}],"version-history":[{"count":2,"href":"https:\/\/sinprofaz.org.br\/2024\/wp-json\/wp\/v2\/posts\/2343\/revisions"}],"predecessor-version":[{"id":4914,"href":"https:\/\/sinprofaz.org.br\/2024\/wp-json\/wp\/v2\/posts\/2343\/revisions\/4914"}],"wp:featuredmedia":[{"embeddable":true,"href":"https:\/\/sinprofaz.org.br\/2024\/wp-json\/wp\/v2\/media\/4912"}],"wp:attachment":[{"href":"https:\/\/sinprofaz.org.br\/2024\/wp-json\/wp\/v2\/media?parent=2343"}],"wp:term":[{"taxonomy":"category","embeddable":true,"href":"https:\/\/sinprofaz.org.br\/2024\/wp-json\/wp\/v2\/categories?post=2343"},{"taxonomy":"post_tag","embeddable":true,"href":"https:\/\/sinprofaz.org.br\/2024\/wp-json\/wp\/v2\/tags?post=2343"}],"curies":[{"name":"wp","href":"https:\/\/api.w.org\/{rel}","templated":true}]}}