{"id":2342,"date":"2015-07-08T12:23:23","date_gmt":"2015-07-08T12:23:23","guid":{"rendered":""},"modified":"2016-06-16T18:35:46","modified_gmt":"2016-06-16T18:35:46","slug":"sinprofaz-participa-de-audiencia-publica-na-camara-dos-deputados","status":"publish","type":"post","link":"https:\/\/sinprofaz.org.br\/2024\/noticias\/sinprofaz-participa-de-audiencia-publica-na-camara-dos-deputados\/","title":{"rendered":"SINPROFAZ PARTICIPA DE AUDI\u00caNCIA P\u00daBLICA NA C\u00c2MARA DOS DEPUTADOS"},"content":{"rendered":"<p>O SINPROFAZ, representado pelo Presidente Achilles Frias, participou de Audi\u00eancia P\u00fablica Conjunta nas Comiss\u00f5es de Finan\u00e7as e Tributa\u00e7\u00e3o (CFT) e Fiscaliza\u00e7\u00e3o Financeira e Controle (CFFC) da C\u00e2mara dos Deputados. O presidente foi convidado a participar da mesa junto com o Presidente da ANAUNI- Bruno Fortes, com o Procurador-Geral Federal- Renato Vieira, com a Procuradora Federal &#8211; Thirzzia Guimar\u00e3es e com a deputada federal e Presidente da CFT- Soraya Santos (PMDB-RJ), al\u00e9m de deputados membros de ambas as Comiss\u00f5es.<\/p>\n<p>A audi\u00eancia p\u00fablica permitiu que os representantes da Advocacia- Geral da Uni\u00e3o refor\u00e7assem a import\u00e2ncia das PECs 443 e 82. Os parlamentares afirmaram que a causa da AGU n\u00e3o \u00e9 mais apenas da Carreira e sim do parlamento.<\/p>\n<p>Em seu discurso Achilles pontuou as dificuldades da Carreira e mostrou a import\u00e2ncia de uma AGU fortalecida para um Estado Democr\u00e1tico de Direito mais forte. Em agosto os parlamentares manifestaram a inten\u00e7\u00e3o de votar ambas as PECs conjuntamente e todos reafirmaram o compromisso com a aprova\u00e7\u00e3o das mesmas.<\/p>\n<p>\u00c9 fundamental que durante o m\u00eas de julho mantenhamo-nos mobilizados, efetivando a entrega dos cargos e recusando a realiza\u00e7\u00e3o de tarefas administrativas, a fim de viabilizar a vota\u00e7\u00e3o das PECs em agosto.<\/p>\n\n\t\t<style type=\"text\/css\">\n\t\t\t#gallery-1 {\n\t\t\t\tmargin: auto;\n\t\t\t}\n\t\t\t#gallery-1 .gallery-item {\n\t\t\t\tfloat: left;\n\t\t\t\tmargin-top: 10px;\n\t\t\t\ttext-align: center;\n\t\t\t\twidth: 33%;\n\t\t\t}\n\t\t\t#gallery-1 img {\n\t\t\t\tborder: 2px solid #cfcfcf;\n\t\t\t}\n\t\t\t#gallery-1 .gallery-caption {\n\t\t\t\tmargin-left: 0;\n\t\t\t}\n\t\t\t\/* see gallery_shortcode() in wp-includes\/media.php *\/\n\t\t<\/style>\n\t\t<div id='gallery-1' class='gallery galleryid-2342 gallery-columns-3 gallery-size-thumbnail'><dl class='gallery-item'>\n\t\t\t<dt class='gallery-icon landscape'>\n\t\t\t\t<a href='https:\/\/sinprofaz.org.br\/2024\/wp-content\/uploads\/2015\/07\/025.jpg'><img loading=\"lazy\" decoding=\"async\" width=\"150\" height=\"150\" src=\"https:\/\/sinprofaz.org.br\/2024\/wp-content\/uploads\/2015\/07\/025-150x150.jpg\" class=\"attachment-thumbnail size-thumbnail\" alt=\"\" \/><\/a>\n\t\t\t<\/dt><\/dl><dl class='gallery-item'>\n\t\t\t<dt class='gallery-icon landscape'>\n\t\t\t\t<a href='https:\/\/sinprofaz.org.br\/2024\/wp-content\/uploads\/2015\/07\/031.jpg'><img loading=\"lazy\" decoding=\"async\" width=\"150\" height=\"150\" src=\"https:\/\/sinprofaz.org.br\/2024\/wp-content\/uploads\/2015\/07\/031-150x150.jpg\" class=\"attachment-thumbnail size-thumbnail\" alt=\"\" \/><\/a>\n\t\t\t<\/dt><\/dl><dl class='gallery-item'>\n\t\t\t<dt class='gallery-icon landscape'>\n\t\t\t\t<a href='https:\/\/sinprofaz.org.br\/2024\/wp-content\/uploads\/2015\/07\/041.jpg'><img loading=\"lazy\" decoding=\"async\" width=\"150\" height=\"150\" src=\"https:\/\/sinprofaz.org.br\/2024\/wp-content\/uploads\/2015\/07\/041-150x150.jpg\" class=\"attachment-thumbnail size-thumbnail\" alt=\"\" \/><\/a>\n\t\t\t<\/dt><\/dl><br style=\"clear: both\" \/>\n\t\t<\/div>\n\n","protected":false},"excerpt":{"rendered":"<p>O SINPROFAZ, representado pelo Presidente Achilles Frias, participou de Audi\u00eancia P\u00fablica Conjunta nas Comiss\u00f5es de Finan\u00e7as e Tributa\u00e7\u00e3o (CFT) e Fiscaliza\u00e7\u00e3o Financeira e Controle (CFFC) da C\u00e2mara dos Deputados.<\/p>\n","protected":false},"author":1,"featured_media":4927,"comment_status":"closed","ping_status":"open","sticky":false,"template":"","format":"standard","meta":{"footnotes":""},"categories":[8],"tags":[],"featured_image_url":"https:\/\/sinprofaz.org.br\/2024\/wp-content\/uploads\/2015\/07\/0111-800x198.jpg","character_count":836,"formatted_date":"08\/07\/2015 - 12:23","contentNovo":"<p>O SINPROFAZ, representado pelo Presidente Achilles Frias, participou de Audi\u00eancia P\u00fablica Conjunta nas Comiss\u00f5es de Finan\u00e7as e Tributa\u00e7\u00e3o (CFT) e Fiscaliza\u00e7\u00e3o Financeira e Controle (CFFC) da C\u00e2mara dos Deputados. O presidente foi convidado a participar da mesa junto com o Presidente da ANAUNI- Bruno Fortes, com o Procurador-Geral Federal- Renato Vieira, com a Procuradora Federal - Thirzzia Guimar\u00e3es e com a deputada federal e Presidente da CFT- Soraya Santos (PMDB-RJ), al\u00e9m de deputados membros de ambas as Comiss\u00f5es.<\/p>\r\n<p>A audi\u00eancia p\u00fablica permitiu que os representantes da Advocacia- Geral da Uni\u00e3o refor\u00e7assem a import\u00e2ncia das PECs 443 e 82. Os parlamentares afirmaram que a causa da AGU n\u00e3o \u00e9 mais apenas da Carreira e sim do parlamento.<\/p>\r\n<p>Em seu discurso Achilles pontuou as dificuldades da Carreira e mostrou a import\u00e2ncia de uma AGU fortalecida para um Estado Democr\u00e1tico de Direito mais forte. Em agosto os parlamentares manifestaram a inten\u00e7\u00e3o de votar ambas as PECs conjuntamente e todos reafirmaram o compromisso com a aprova\u00e7\u00e3o das mesmas.<\/p>\r\n<p>\u00c9 fundamental que durante o m\u00eas de julho mantenhamo-nos mobilizados, efetivando a entrega dos cargos e recusando a realiza\u00e7\u00e3o de tarefas administrativas, a fim de viabilizar a vota\u00e7\u00e3o das PECs em agosto.<\/p>\r\n[gallery link=\"file\" ids=\"4928,4929,4930\"]","_links":{"self":[{"href":"https:\/\/sinprofaz.org.br\/2024\/wp-json\/wp\/v2\/posts\/2342"}],"collection":[{"href":"https:\/\/sinprofaz.org.br\/2024\/wp-json\/wp\/v2\/posts"}],"about":[{"href":"https:\/\/sinprofaz.org.br\/2024\/wp-json\/wp\/v2\/types\/post"}],"author":[{"embeddable":true,"href":"https:\/\/sinprofaz.org.br\/2024\/wp-json\/wp\/v2\/users\/1"}],"replies":[{"embeddable":true,"href":"https:\/\/sinprofaz.org.br\/2024\/wp-json\/wp\/v2\/comments?post=2342"}],"version-history":[{"count":2,"href":"https:\/\/sinprofaz.org.br\/2024\/wp-json\/wp\/v2\/posts\/2342\/revisions"}],"predecessor-version":[{"id":4926,"href":"https:\/\/sinprofaz.org.br\/2024\/wp-json\/wp\/v2\/posts\/2342\/revisions\/4926"}],"wp:featuredmedia":[{"embeddable":true,"href":"https:\/\/sinprofaz.org.br\/2024\/wp-json\/wp\/v2\/media\/4927"}],"wp:attachment":[{"href":"https:\/\/sinprofaz.org.br\/2024\/wp-json\/wp\/v2\/media?parent=2342"}],"wp:term":[{"taxonomy":"category","embeddable":true,"href":"https:\/\/sinprofaz.org.br\/2024\/wp-json\/wp\/v2\/categories?post=2342"},{"taxonomy":"post_tag","embeddable":true,"href":"https:\/\/sinprofaz.org.br\/2024\/wp-json\/wp\/v2\/tags?post=2342"}],"curies":[{"name":"wp","href":"https:\/\/api.w.org\/{rel}","templated":true}]}}