{"id":2335,"date":"2015-07-01T18:22:45","date_gmt":"2015-07-01T18:22:45","guid":{"rendered":""},"modified":"2016-06-16T20:34:17","modified_gmt":"2016-06-16T20:34:17","slug":"convite-sinprofaz","status":"publish","type":"post","link":"https:\/\/sinprofaz.org.br\/2024\/noticias\/convite-sinprofaz\/","title":{"rendered":"Convite SINPROFAZ"},"content":{"rendered":"<p>O Sindicato Nacional dos Procuradores da Fazenda Nacional &#8211; SINPROFAZ tem a honra de apresentar os membros de sua diretoria para o bi\u00eanio 2015-2017 e convidar os Colegas em Bras\u00edlia para a cerim\u00f4nia de posse que se realizar\u00e1 hoje (quarta-feira) \u00e0s 19horas, no SAUS, Quadra 5, lote 2, Bloco &#8220;N&#8221;, Edif\u00edcio OAB &#8211; Centro Cultural Evandro Lins e Silva.<\/p>\n\n\t\t<style type=\"text\/css\">\n\t\t\t#gallery-1 {\n\t\t\t\tmargin: auto;\n\t\t\t}\n\t\t\t#gallery-1 .gallery-item {\n\t\t\t\tfloat: left;\n\t\t\t\tmargin-top: 10px;\n\t\t\t\ttext-align: center;\n\t\t\t\twidth: 33%;\n\t\t\t}\n\t\t\t#gallery-1 img {\n\t\t\t\tborder: 2px solid #cfcfcf;\n\t\t\t}\n\t\t\t#gallery-1 .gallery-caption {\n\t\t\t\tmargin-left: 0;\n\t\t\t}\n\t\t\t\/* see gallery_shortcode() in wp-includes\/media.php *\/\n\t\t<\/style>\n\t\t<div id='gallery-1' class='gallery galleryid-2335 gallery-columns-3 gallery-size-thumbnail'><dl class='gallery-item'>\n\t\t\t<dt class='gallery-icon landscape'>\n\t\t\t\t<a href='https:\/\/sinprofaz.org.br\/2024\/wp-content\/uploads\/2015\/07\/027.jpg'><img loading=\"lazy\" decoding=\"async\" width=\"150\" height=\"150\" src=\"https:\/\/sinprofaz.org.br\/2024\/wp-content\/uploads\/2015\/07\/027-150x150.jpg\" class=\"attachment-thumbnail size-thumbnail\" alt=\"\" \/><\/a>\n\t\t\t<\/dt><\/dl>\n\t\t\t<br style='clear: both' \/>\n\t\t<\/div>\n\n","protected":false},"excerpt":{"rendered":"<p>O Sindicato Nacional dos Procuradores da Fazenda Nacional &#8211; SINPROFAZ tem a honra de apresentar os membros de sua diretoria para o bi\u00eanio 2015-2017 e convidar os Colegas em Bras\u00edlia para a cerim\u00f4nia de posse que se realizar\u00e1 hoje (quarta-feira) \u00e0s 19horas, no SAUS, Quadra 5, lote 2, Bloco &#8220;N&#8221;, Edif\u00edcio OAB &#8211; Centro Cultural Evandro Lins e Silva.<\/p>\n","protected":false},"author":1,"featured_media":4951,"comment_status":"closed","ping_status":"open","sticky":false,"template":"","format":"standard","meta":{"footnotes":""},"categories":[8],"tags":[],"featured_image_url":"https:\/\/sinprofaz.org.br\/2024\/wp-content\/uploads\/2015\/07\/0117.jpg","character_count":367,"formatted_date":"01\/07\/2015 - 18:22","contentNovo":"<p>O Sindicato Nacional dos Procuradores da Fazenda Nacional - SINPROFAZ tem a honra de apresentar os membros de sua diretoria para o bi\u00eanio 2015-2017 e convidar os Colegas em Bras\u00edlia para a cerim\u00f4nia de posse que se realizar\u00e1 hoje (quarta-feira) \u00e0s 19horas, no SAUS, Quadra 5, lote 2, Bloco \"N\", Edif\u00edcio OAB - Centro Cultural Evandro Lins e Silva.<\/p>\r\n[gallery link=\"file\" ids=\"4950\"]","_links":{"self":[{"href":"https:\/\/sinprofaz.org.br\/2024\/wp-json\/wp\/v2\/posts\/2335"}],"collection":[{"href":"https:\/\/sinprofaz.org.br\/2024\/wp-json\/wp\/v2\/posts"}],"about":[{"href":"https:\/\/sinprofaz.org.br\/2024\/wp-json\/wp\/v2\/types\/post"}],"author":[{"embeddable":true,"href":"https:\/\/sinprofaz.org.br\/2024\/wp-json\/wp\/v2\/users\/1"}],"replies":[{"embeddable":true,"href":"https:\/\/sinprofaz.org.br\/2024\/wp-json\/wp\/v2\/comments?post=2335"}],"version-history":[{"count":2,"href":"https:\/\/sinprofaz.org.br\/2024\/wp-json\/wp\/v2\/posts\/2335\/revisions"}],"predecessor-version":[{"id":4952,"href":"https:\/\/sinprofaz.org.br\/2024\/wp-json\/wp\/v2\/posts\/2335\/revisions\/4952"}],"wp:featuredmedia":[{"embeddable":true,"href":"https:\/\/sinprofaz.org.br\/2024\/wp-json\/wp\/v2\/media\/4951"}],"wp:attachment":[{"href":"https:\/\/sinprofaz.org.br\/2024\/wp-json\/wp\/v2\/media?parent=2335"}],"wp:term":[{"taxonomy":"category","embeddable":true,"href":"https:\/\/sinprofaz.org.br\/2024\/wp-json\/wp\/v2\/categories?post=2335"},{"taxonomy":"post_tag","embeddable":true,"href":"https:\/\/sinprofaz.org.br\/2024\/wp-json\/wp\/v2\/tags?post=2335"}],"curies":[{"name":"wp","href":"https:\/\/api.w.org\/{rel}","templated":true}]}}