{"id":2330,"date":"2015-06-26T16:48:33","date_gmt":"2015-06-26T16:48:33","guid":{"rendered":""},"modified":"2016-06-17T20:10:31","modified_gmt":"2016-06-17T20:10:31","slug":"entidades-representativas-da-advocacia-publica-federal-mobilizadas-no-congresso-nacional","status":"publish","type":"post","link":"https:\/\/sinprofaz.org.br\/2024\/noticias\/entidades-representativas-da-advocacia-publica-federal-mobilizadas-no-congresso-nacional\/","title":{"rendered":"Entidades representativas da Advocacia P\u00fablica Federal mobilizadas no Congresso Nacional"},"content":{"rendered":"<p>O Presidente do SINPROFAZ, Her\u00e1clio Camargo, e demais dirigentes das entidades representativas da Advocacia P\u00fablica Federal estiveram ontem (25) no Congresso Nacional, trabalhando em favor das Carreiras da Advocacia-Geral da Uni\u00e3o.<\/p>\n<p>A mobiliza\u00e7\u00e3o em prol da PEC 443\/2009 e demais pleitos continua. O Presidente da C\u00e2mara Federal, Eduardo Cunha (PMDB-RJ) afirmou que a proposta ser\u00e1 pautada e votada em agosto. Sendo assim, as entidades exortam seus filiados a continuarem mobilizados.<\/p>\n\n\t\t<style type=\"text\/css\">\n\t\t\t#gallery-1 {\n\t\t\t\tmargin: auto;\n\t\t\t}\n\t\t\t#gallery-1 .gallery-item {\n\t\t\t\tfloat: left;\n\t\t\t\tmargin-top: 10px;\n\t\t\t\ttext-align: center;\n\t\t\t\twidth: 33%;\n\t\t\t}\n\t\t\t#gallery-1 img {\n\t\t\t\tborder: 2px solid #cfcfcf;\n\t\t\t}\n\t\t\t#gallery-1 .gallery-caption {\n\t\t\t\tmargin-left: 0;\n\t\t\t}\n\t\t\t\/* see gallery_shortcode() in wp-includes\/media.php *\/\n\t\t<\/style>\n\t\t<div id='gallery-1' class='gallery galleryid-2330 gallery-columns-3 gallery-size-thumbnail'><dl class='gallery-item'>\n\t\t\t<dt class='gallery-icon landscape'>\n\t\t\t\t<a href='https:\/\/sinprofaz.org.br\/2024\/wp-content\/uploads\/2015\/06\/022.jpg'><img loading=\"lazy\" decoding=\"async\" width=\"150\" height=\"150\" src=\"https:\/\/sinprofaz.org.br\/2024\/wp-content\/uploads\/2015\/06\/022-150x150.jpg\" class=\"attachment-thumbnail size-thumbnail\" alt=\"\" \/><\/a>\n\t\t\t<\/dt><\/dl>\n\t\t\t<br style='clear: both' \/>\n\t\t<\/div>\n\n","protected":false},"excerpt":{"rendered":"<p>O Presidente do SINPROFAZ, Her\u00e1clio Camargo, e demais dirigentes das entidades representativas da Advocacia P\u00fablica Federal estiveram ontem (25) no Congresso Nacional, trabalhando em favor das Carreiras da Advocacia-Geral da Uni\u00e3o.<\/p>\n","protected":false},"author":1,"featured_media":4977,"comment_status":"closed","ping_status":"open","sticky":false,"template":"","format":"standard","meta":{"footnotes":""},"categories":[8],"tags":[],"featured_image_url":"https:\/\/sinprofaz.org.br\/2024\/wp-content\/uploads\/2015\/06\/013-800x198.jpg","character_count":424,"formatted_date":"26\/06\/2015 - 16:48","contentNovo":"<p>O Presidente do SINPROFAZ, Her\u00e1clio Camargo, e demais dirigentes das entidades representativas da Advocacia P\u00fablica Federal estiveram ontem (25) no Congresso Nacional, trabalhando em favor das Carreiras da Advocacia-Geral da Uni\u00e3o.<\/p>\r\n<p>A mobiliza\u00e7\u00e3o em prol da PEC 443\/2009 e demais pleitos continua. O Presidente da C\u00e2mara Federal, Eduardo Cunha (PMDB-RJ) afirmou que a proposta ser\u00e1 pautada e votada em agosto. Sendo assim, as entidades exortam seus filiados a continuarem mobilizados.<\/p>\r\n[gallery link=\"file\" ids=\"4978\"]\r\n","_links":{"self":[{"href":"https:\/\/sinprofaz.org.br\/2024\/wp-json\/wp\/v2\/posts\/2330"}],"collection":[{"href":"https:\/\/sinprofaz.org.br\/2024\/wp-json\/wp\/v2\/posts"}],"about":[{"href":"https:\/\/sinprofaz.org.br\/2024\/wp-json\/wp\/v2\/types\/post"}],"author":[{"embeddable":true,"href":"https:\/\/sinprofaz.org.br\/2024\/wp-json\/wp\/v2\/users\/1"}],"replies":[{"embeddable":true,"href":"https:\/\/sinprofaz.org.br\/2024\/wp-json\/wp\/v2\/comments?post=2330"}],"version-history":[{"count":2,"href":"https:\/\/sinprofaz.org.br\/2024\/wp-json\/wp\/v2\/posts\/2330\/revisions"}],"predecessor-version":[{"id":4980,"href":"https:\/\/sinprofaz.org.br\/2024\/wp-json\/wp\/v2\/posts\/2330\/revisions\/4980"}],"wp:featuredmedia":[{"embeddable":true,"href":"https:\/\/sinprofaz.org.br\/2024\/wp-json\/wp\/v2\/media\/4977"}],"wp:attachment":[{"href":"https:\/\/sinprofaz.org.br\/2024\/wp-json\/wp\/v2\/media?parent=2330"}],"wp:term":[{"taxonomy":"category","embeddable":true,"href":"https:\/\/sinprofaz.org.br\/2024\/wp-json\/wp\/v2\/categories?post=2330"},{"taxonomy":"post_tag","embeddable":true,"href":"https:\/\/sinprofaz.org.br\/2024\/wp-json\/wp\/v2\/tags?post=2330"}],"curies":[{"name":"wp","href":"https:\/\/api.w.org\/{rel}","templated":true}]}}