{"id":2328,"date":"2015-06-23T20:17:35","date_gmt":"2015-06-23T20:17:35","guid":{"rendered":""},"modified":"2016-06-20T20:23:26","modified_gmt":"2016-06-20T20:23:26","slug":"deputado-evandro-gussi-apoia-a-advocacia-publica-federal","status":"publish","type":"post","link":"https:\/\/sinprofaz.org.br\/2024\/noticias\/deputado-evandro-gussi-apoia-a-advocacia-publica-federal\/","title":{"rendered":"Deputado Evandro Gussi apoia a Advocacia P\u00fablica Federal"},"content":{"rendered":"<p><img loading=\"lazy\" decoding=\"async\" style=\"margin-right: 10px; margin-bottom: 10px; float: left;\" alt=\"\" src=\"images\/noticias\/deputado-evandro-gussi-apoia-a-advocacia-publica-federal\/01.jpg\" height=\"157\" width=\"218\" \/>Em reuni\u00e3o ocorrida na \u00faltima segunda-feira (22), o deputado Evandro Gussi (PV-SP) declarou apoio aos pleitos da Advocacia P\u00fablica Federal. O SINPROFAZ foi representado pelo Colega T\u00e9bio Freitas e demais PFNs.<\/p>\n<p>No encontro, os Colegas de Mar\u00edlia-SP selaram o apoio do parlamentar em favor da PEC 443\/2009, que garante a simetria salarial entre todas as carreiras jur\u00eddicas, e da PEC 82\/2007, que prev\u00ea a autonomia t\u00e9cnica e administrativa \u00e0s Carreiras da Advocacia-Geral da Uni\u00e3o.<\/p>\n<p>O SINPROFAZ reitera que a mobiliza\u00e7\u00e3o em Bras\u00edlia e nos Estados deve continuar. O Presidente da C\u00e2mara, Eduardo Cunha (PMDB-RJ), j\u00e1 afirmou que a PEC 443 ser\u00e1 pautada e votada em agosto. Por isso, \u00e9 preciso continuar trabalhando nas bases e intensificar a press\u00e3o sobre o governo, por meio da Entrega de Cargos.<\/p>\n","protected":false},"excerpt":{"rendered":"<p>Colegas de S\u00e3o Paulo selam mais um apoio em prol da Carreira.<\/p>\n","protected":false},"author":1,"featured_media":4982,"comment_status":"closed","ping_status":"open","sticky":false,"template":"","format":"standard","meta":{"footnotes":""},"categories":[8],"tags":[],"featured_image_url":"https:\/\/sinprofaz.org.br\/2024\/wp-content\/uploads\/2015\/06\/014-800x198.jpg","character_count":405,"formatted_date":"23\/06\/2015 - 20:17","contentNovo":"<p>Em reuni\u00e3o ocorrida na \u00faltima segunda-feira (22), o deputado Evandro Gussi (PV-SP) declarou apoio aos pleitos da Advocacia P\u00fablica Federal. O SINPROFAZ foi representado pelo Colega T\u00e9bio Freitas e demais PFNs.<\/p>\r\n<p>No encontro, os Colegas de Mar\u00edlia-SP selaram o apoio do parlamentar em favor da PEC 443\/2009, que garante a simetria salarial entre todas as carreiras jur\u00eddicas, e da PEC 82\/2007, que prev\u00ea a autonomia t\u00e9cnica e administrativa \u00e0s Carreiras da Advocacia-Geral da Uni\u00e3o.<\/p>\r\n<p>O SINPROFAZ reitera que a mobiliza\u00e7\u00e3o em Bras\u00edlia e nos Estados deve continuar. O Presidente da C\u00e2mara, Eduardo Cunha (PMDB-RJ), j\u00e1 afirmou que a PEC 443 ser\u00e1 pautada e votada em agosto. Por isso, \u00e9 preciso continuar trabalhando nas bases e intensificar a press\u00e3o sobre o governo, por meio da Entrega de Cargos.<\/p>","_links":{"self":[{"href":"https:\/\/sinprofaz.org.br\/2024\/wp-json\/wp\/v2\/posts\/2328"}],"collection":[{"href":"https:\/\/sinprofaz.org.br\/2024\/wp-json\/wp\/v2\/posts"}],"about":[{"href":"https:\/\/sinprofaz.org.br\/2024\/wp-json\/wp\/v2\/types\/post"}],"author":[{"embeddable":true,"href":"https:\/\/sinprofaz.org.br\/2024\/wp-json\/wp\/v2\/users\/1"}],"replies":[{"embeddable":true,"href":"https:\/\/sinprofaz.org.br\/2024\/wp-json\/wp\/v2\/comments?post=2328"}],"version-history":[{"count":1,"href":"https:\/\/sinprofaz.org.br\/2024\/wp-json\/wp\/v2\/posts\/2328\/revisions"}],"predecessor-version":[{"id":4983,"href":"https:\/\/sinprofaz.org.br\/2024\/wp-json\/wp\/v2\/posts\/2328\/revisions\/4983"}],"wp:featuredmedia":[{"embeddable":true,"href":"https:\/\/sinprofaz.org.br\/2024\/wp-json\/wp\/v2\/media\/4982"}],"wp:attachment":[{"href":"https:\/\/sinprofaz.org.br\/2024\/wp-json\/wp\/v2\/media?parent=2328"}],"wp:term":[{"taxonomy":"category","embeddable":true,"href":"https:\/\/sinprofaz.org.br\/2024\/wp-json\/wp\/v2\/categories?post=2328"},{"taxonomy":"post_tag","embeddable":true,"href":"https:\/\/sinprofaz.org.br\/2024\/wp-json\/wp\/v2\/tags?post=2328"}],"curies":[{"name":"wp","href":"https:\/\/api.w.org\/{rel}","templated":true}]}}